{"id":25173,"date":"2025-08-01T12:57:41","date_gmt":"2025-08-01T15:57:41","guid":{"rendered":"https:\/\/novosaopaulo.com.br\/n1\/?p=25173"},"modified":"2025-08-01T12:57:41","modified_gmt":"2025-08-01T15:57:41","slug":"a-guerra-comercial-de-trump","status":"publish","type":"post","link":"https:\/\/novosaopaulo.com.br\/n1\/a-guerra-comercial-de-trump\/","title":{"rendered":"A guerra comercial de Trump"},"content":{"rendered":"\n<p>N\u00e3o \u00e9 a Terceira Guerra Mundial, que os fantasiosos agitadores prev\u00eaem e cuja possibilidade de eclos\u00e3o atribuiu-se a Donald Trump, logo ap\u00f3s a sua elei\u00e7\u00e3o para o segundo mandato. Mas, o tarifa\u00e7o por ele decretado sobre 180 pa\u00edses com quem os Estados Unidos mant\u00eam rela\u00e7\u00f5es comerciais, \u00e9 um choque de dimens\u00f5es planet\u00e1rias. S\u00f3 nos \u00faltimos dias, aquele pa\u00eds decretou o reajuste de impostos de importa\u00e7\u00e3o a 60 parceiros, entre eles o Brasil. Para n\u00f3s, estabeleceu-se uma situa\u00e7\u00e3o melhor do que a prevista no comunicado de 9 de julho (que fixava percentual de 50% de cabo-a-rabo) e em vez da taxa\u00e7\u00e3o entrar em vigor a 1\u00ba de agosto, seu vigor foi transferido para o dia 6.<br>Foram exclu\u00eddos dos 50% o suco de laranja, que o Brasil \u00e9 o maior fornecedor aos EUA, a celulose, os avi\u00f5es montados pela Embraer &#8211; cujas pe\u00e7as principais s\u00e3o produzidas nos pr\u00f3prios EUA \u2013 e outros produtos de menor visibilidade na pauta. Mas caf\u00e9 e carnes continuam com a tarifa alta. A impress\u00e3o \u00e9 que o governo tomou essas medidas em atendimento aos interesses e reclamos dos importadores daquele pa\u00eds, que pagariam pre\u00e7os mais altos pelas mercadorias se mantida a configura\u00e7\u00e3o inicial. O quadro leva \u00e0 cren\u00e7a de que novas altera\u00e7\u00f5es poder\u00e3o ocorrer, inclusive as que forem requeridas em negocia\u00e7\u00e3o pelo Brasil e demais fornecedores.<br>A nova situa\u00e7\u00e3o coincide com a ida aos EUA do chanceler Mauro Vieira, que conversou com burocratas ligados \u00e0 estrutura de com\u00e9rcio e da comitiva de senadores da Comiss\u00e3o de Rela\u00e7\u00f5es Exteriores. Ainda est\u00e1 faltando, na nossa modesta opini\u00e3o, o contato direto entre Lula e Trump. Esperamos que o encontro n\u00e3o tarde e dele possa sair algo positivo aos pa\u00edses e principalmente aos seus exportadores e importadores que, se nada for feito, ser\u00e3o os grandes prejudicados juntamente com o consumidor.<br>\u00c9 Importante a mobiliza\u00e7\u00e3o dos governadores que desoneram as empresas e produtores prejudicados pelo tarifa\u00e7o, como forma de ajud\u00e1-los a passar pela tormenta. Uns Estados diminuem impostos e outros falam at\u00e9 em adquirir mercadorias que deixarem de ser exportadas. Devemos compreender, por\u00e9m, que esta \u00e9 uma solu\u00e7\u00e3o tempor\u00e1ria para enfrentar a emerg\u00eancia. A solu\u00e7\u00e3o s\u00f3 vir\u00e1 da negocia\u00e7\u00e3o entre os pa\u00edses.<br>Penso que a abrupta eleva\u00e7\u00e3o das tarifas \u00e9 imperativo da economia estadunidense. Trump aproveita o momento para fazer as corre\u00e7\u00f5es que entende necess\u00e1rias. E que outras motiva\u00e7\u00f5es s\u00e3o secund\u00e1rias mas acabaram inclu\u00eddas no quadro de desconforto gerado pelo aumento de impostos. A quest\u00e3o do Supremo Tribunal Federal, a queixa sobre as persegui\u00e7\u00f5es a Jair Bolsonaro, a censura \u00e0s redes sociais e empresas norte-americanas e o alinhamento do presidente Lula \u00e0s ditaduras, embora citados entre as queixas, n\u00e3o devem ser o mais importante.<br>O presidente Lula, em vez de confrontar e amea\u00e7ar retalia\u00e7\u00e3o aos EUA, deveria negociar pois o simples tamanho da economia brasileira perante a dos EUA n\u00e3o aconselha qualquer confronto. Respondemos com pouco mais de 1% das importa\u00e7\u00f5es americanas, o que pode ser significativo para n\u00f3s, mas irrelevante na escala global.<br>Concordamos com as observa\u00e7\u00f5es de que \u00e9 ruim a interfer\u00eancia de outro pa\u00eds nas atitudes do nosso governo. Mas, assim como o governo daqui tem liberdade para tomar o seu caminho, precisa estar consciente de que pode encontrar dificuldades decorrentes das posi\u00e7\u00f5es assumidas internacionalmente. Fosse figura influente no governo brasileiro, eu buscaria solu\u00e7\u00e3o para a quest\u00e3o do \u00f3leo diesel adquirido da R\u00fassia, j\u00e1 denunciado pelos EUA como fornecedor dos recursos para a manuten\u00e7\u00e3o da guerra com a Ucr\u00e2nia.<br>Para concluir. Cantado aos quatro cantos do mundo como um pa\u00eds democr\u00e1tico, o Brasil tem de cuidar de suas rela\u00e7\u00f5es externas e, principalmente, n\u00e3o entregar-se ao clube das ditaduras. Se assim o fizer, ser\u00e1 alvo permanente do chamado mundo democr\u00e1tico e os preju\u00edzos ser\u00e3o inevit\u00e1veis. Ainda \u00e9 tempo para se cuidar\u2026<\/p>\n\n\n\n<p>Tenente Dirceu Cardoso Gon\u00e7alves &#8211; dirigente da ASPOMIL (Associa\u00e7\u00e3o de Assist\u00eancia Social dos Policiais Militares de S\u00e3o Paulo).<\/p>\n","protected":false},"excerpt":{"rendered":"<p>N\u00e3o \u00e9 a Terceira Guerra Mundial, que os fantasiosos agitadores prev\u00eaem e cuja possibilidade de&#8230;<\/p>\n","protected":false},"author":1,"featured_media":23327,"comment_status":"open","ping_status":"open","sticky":false,"template":"","format":"standard","meta":{"footnotes":""},"categories":[2],"tags":[],"featured_image_urls":{"full":["https:\/\/novosaopaulo.com.br\/n1\/wp-content\/uploads\/2025\/04\/Tenente-Dirceu-Cardoso-Goncalves.jpg",600,564,false],"thumbnail":["https:\/\/novosaopaulo.com.br\/n1\/wp-content\/uploads\/2025\/04\/Tenente-Dirceu-Cardoso-Goncalves-150x150.jpg",150,150,true],"medium":["https:\/\/novosaopaulo.com.br\/n1\/wp-content\/uploads\/2025\/04\/Tenente-Dirceu-Cardoso-Goncalves-300x282.jpg",300,282,true],"medium_large":["https:\/\/novosaopaulo.com.br\/n1\/wp-content\/uploads\/2025\/04\/Tenente-Dirceu-Cardoso-Goncalves.jpg",600,564,false],"large":["https:\/\/novosaopaulo.com.br\/n1\/wp-content\/uploads\/2025\/04\/Tenente-Dirceu-Cardoso-Goncalves.jpg",600,564,false],"1536x1536":["https:\/\/novosaopaulo.com.br\/n1\/wp-content\/uploads\/2025\/04\/Tenente-Dirceu-Cardoso-Goncalves.jpg",600,564,false],"2048x2048":["https:\/\/novosaopaulo.com.br\/n1\/wp-content\/uploads\/2025\/04\/Tenente-Dirceu-Cardoso-Goncalves.jpg",600,564,false],"newsever-slider-full":["https:\/\/novosaopaulo.com.br\/n1\/wp-content\/uploads\/2025\/04\/Tenente-Dirceu-Cardoso-Goncalves.jpg",600,564,false],"newsever-featured":["https:\/\/novosaopaulo.com.br\/n1\/wp-content\/uploads\/2025\/04\/Tenente-Dirceu-Cardoso-Goncalves.jpg",600,564,false],"newsever-medium":["https:\/\/novosaopaulo.com.br\/n1\/wp-content\/uploads\/2025\/04\/Tenente-Dirceu-Cardoso-Goncalves-600x475.jpg",600,475,true]},"author_info":{"display_name":"Reda\u00e7\u00e3o","author_link":"https:\/\/novosaopaulo.com.br\/n1\/author\/g5poa\/"},"category_info":"<a href=\"https:\/\/novosaopaulo.com.br\/n1\/category\/cidades\/\" rel=\"category tag\">Cidades<\/a>","tag_info":"Cidades","comment_count":"0","_links":{"self":[{"href":"https:\/\/novosaopaulo.com.br\/n1\/wp-json\/wp\/v2\/posts\/25173"}],"collection":[{"href":"https:\/\/novosaopaulo.com.br\/n1\/wp-json\/wp\/v2\/posts"}],"about":[{"href":"https:\/\/novosaopaulo.com.br\/n1\/wp-json\/wp\/v2\/types\/post"}],"author":[{"embeddable":true,"href":"https:\/\/novosaopaulo.com.br\/n1\/wp-json\/wp\/v2\/users\/1"}],"replies":[{"embeddable":true,"href":"https:\/\/novosaopaulo.com.br\/n1\/wp-json\/wp\/v2\/comments?post=25173"}],"version-history":[{"count":1,"href":"https:\/\/novosaopaulo.com.br\/n1\/wp-json\/wp\/v2\/posts\/25173\/revisions"}],"predecessor-version":[{"id":25174,"href":"https:\/\/novosaopaulo.com.br\/n1\/wp-json\/wp\/v2\/posts\/25173\/revisions\/25174"}],"wp:featuredmedia":[{"embeddable":true,"href":"https:\/\/novosaopaulo.com.br\/n1\/wp-json\/wp\/v2\/media\/23327"}],"wp:attachment":[{"href":"https:\/\/novosaopaulo.com.br\/n1\/wp-json\/wp\/v2\/media?parent=25173"}],"wp:term":[{"taxonomy":"category","embeddable":true,"href":"https:\/\/novosaopaulo.com.br\/n1\/wp-json\/wp\/v2\/categories?post=25173"},{"taxonomy":"post_tag","embeddable":true,"href":"https:\/\/novosaopaulo.com.br\/n1\/wp-json\/wp\/v2\/tags?post=25173"}],"curies":[{"name":"wp","href":"https:\/\/api.w.org\/{rel}","templated":true}]}}