{"id":25146,"date":"2025-07-31T14:15:05","date_gmt":"2025-07-31T17:15:05","guid":{"rendered":"https:\/\/novosaopaulo.com.br\/n1\/?p=25146"},"modified":"2025-07-31T14:15:05","modified_gmt":"2025-07-31T17:15:05","slug":"reeleicao-polarizacao-e-discordia-nacional","status":"publish","type":"post","link":"https:\/\/novosaopaulo.com.br\/n1\/reeleicao-polarizacao-e-discordia-nacional\/","title":{"rendered":"Reelei\u00e7\u00e3o, polariza\u00e7\u00e3o e disc\u00f3rdia nacional"},"content":{"rendered":"\n<p>S\u00e3o intrigantes as poss\u00edveis raz\u00f5es que conduziram a Nova Rep\u00fablica &#8211; criada em 1985, findo o regime militar, sob as mais positivas expectativas &#8211; ao quadro de instabilidade pol\u00edtica, social, moral e institucional que hoje vivenciamos. No lugar da almejada paz social, se faz presente a nefasta polariza\u00e7\u00e3o, onde os pol\u00edticos e seus grupos tentam liquidar o advers\u00e1rio. Os Tr\u00eas Poderes da Rep\u00fablica &#8211; que Constitui\u00e7\u00e3o criou e mant\u00e9m legalmente \u2018independentes e harm\u00f4nicos entre si atuam, cada dia mais antag\u00f4nicos e invasores das atribui\u00e7\u00f5es e prerrogativas uns dos outros. As for\u00e7as coercitivas do Estado s\u00e3o usadas cada vez mais na persegui\u00e7\u00e3o aos n\u00e3o simp\u00e1ticos ao chefe de plant\u00e3o e \u00e0s lideran\u00e7as que ousam divergir dos grupos dominantes.<br>\u00c9 dif\u00edcil identificar quando come\u00e7ou esse tempo dif\u00edcil. Mas n\u00e3o se ignora que tudo faz parte do jogo de poder. Governos sem os votos necess\u00e1rios para aprovar no Legislativo os seus projetos e interesses, adotaram a pr\u00e1tica de oferecer cargos e depois benesses a parlamentares que se dispusessem a sufragar os interesses governamentais. Depois dos cargos vieram as emendas parlamentares que, aos poucos, tornaram-se aut\u00f4nomas e levaram o Executivo a novamente perder o controle das finan\u00e7as. Surgiram os abusos de diferentes padr\u00f5es e o denuncismo no pr\u00f3prio meio que j\u00e1 levou parlamentares, autoridades e at\u00e9 governantes a processos, condena\u00e7\u00f5es e ao c\u00e1rcere. Um quadro que, diuturnamente, se torna mais adverso. Atualmente, por exemplo, reclama-se a exist\u00eancia de mais de 60 parlamentares enrolados com investiga\u00e7\u00f5es e processos no Supremo Tribunal Federal, onde j\u00e1 passaramais de uma centenas dos ditos errantes. Os Tr\u00eas Poderes divergem e hoje discutem projetos onde visam reduzir prerrogativas e direitos uns dos outros.<br>Desde que a atual Constitui\u00e7\u00e3o \u2013 promulgada em 5 de outubro de 1988 \u2013 est\u00e1 em vigor, seu texto j\u00e1 recebeu 135 emendas e existem muitas outras em tramita\u00e7\u00e3o e gesta\u00e7\u00e3o. Isso d\u00e1 um total sentido de transitoriedade \u00e0 nossa Rep\u00fablica.<br>Embora seja dif\u00edcil identificar o momento em que come\u00e7amos a sair dos trilhos e a marchar para a polariza\u00e7\u00e3o, arrisco-me a dizer que uma das raz\u00f5es deve ser a admiss\u00e3o da reelei\u00e7\u00e3o para as chefias do Poder Executivo (presidente da Rep\u00fablica, governador do Estado e prefeito municipal), praticada desde 1997. A partir de ent\u00e3o, o governante j\u00e1 passou a assumir o posto preocupado em cuidar de sua imagem e preparar-se para a campanha dali a quatro anos. Para muitos deles, a prioridade \u00e9 a reelei\u00e7\u00e3o e n\u00e3o o gtoverno e principalmente o interesse comunit\u00e1rios.<br>O que assistimos hoje \u00e9 exemplo das portas abertas pelo instituto de reelei\u00e7\u00e3o. A pr\u00f3xima elei\u00e7\u00e3o s\u00f3 ocorrer\u00e1 em outubro do pr\u00f3ximo ano (2026), mas os poss\u00edveis candidatos j\u00e1 est\u00e3o todos em pr\u00e9-campanha. Trabalharam no ano passado para eleger prefeitos e vereadores que possam ser seus cabos eleitorais e realizam luta aberta.<br>N\u00e3o houvesse reelei\u00e7\u00e3o, dificilmente Jair Bolsonaro tivesse sido suspeito de tramar um golpe de Estado e nem teria sido candidato derrotado em 2022. Lula provavelmente tamb\u00e9m estaria em outro quadrante da pol\u00edtica ou at\u00e9 fora dela. \u00c9 o momento de refletir sobre os poss\u00edveis benef\u00edcios e malef\u00edcios trazidos pela reelei\u00e7\u00e3o e buscar solu\u00e7\u00f5es.<br>O certo \u00e9 que a pol\u00edtica nacional vive convulsionada e uma das raz\u00f5es pode ser a reelei\u00e7\u00e3o para postos do Executivo. Tanto que j\u00e1 tramita no Congresso Nacional projeto para a sua elimina\u00e7\u00e3o. Da mesma forma que h\u00e1 proposta de anistia aos envolvidos no quebra-quebra de 8 de janeiro de 2023 e para uma s\u00e9rie de outras mudan\u00e7as significativas na Rep\u00fablica e nos Tr\u00eas Poderes. Devem os senhores e senhoras parlamentares apressarem a an\u00e1lise dessas mat\u00e9rias importantes, levando em considera\u00e7\u00e3o que apesar da franca antecipa\u00e7\u00e3o da campanha de 2026, ainda ter\u00e3o o segundo semestre de 2025 para votar pautas importantes. Se esperarem entrar o ano eleitoral, nada conseguir\u00e3o e a Na\u00e7\u00e3o continuar\u00e1 exposta \u00e0 irracional briga em torno do Poder.<br>Quando n\u00e3o houver mais a reelei\u00e7\u00e3o de governantes, o presidente, o governador e o prefeito poder\u00e3o empenharem-se apenas no presente porque saber\u00e3o que, ao final do mandato, voltar\u00e3o para casa e v\u00e3o querer levar na bagagem as gl\u00f3rias de um bom governo realizado. Os parlamentares poder\u00e3o exercer seus mandatos com todo respeito da comunidade e sem a m\u00e1 imagem trazida pelas emendas que, mesmo n\u00e3o sendo, t\u00eam a fei\u00e7\u00e3o de benesse ou at\u00e9 propina. Nesse quadro novo, a tend\u00eancia ser\u00e1 acabarem as brigas e o advers\u00e1rio pol\u00edtico deixar de ser tratado como o inimigo em que ultimamente foi transformado. O Pa\u00eds ter\u00e1 melhores chances de de4senvolvimento e a popula\u00e7\u00e3o de uma vida melhore\u2026<\/p>\n\n\n\n<p>Tenente Dirceu Cardoso Gon\u00e7alves &#8211; dirigente da ASPOMIL (Associa\u00e7\u00e3o de Assist\u00eancia Social dos Policiais Militares de S\u00e3o Paulo).<\/p>\n","protected":false},"excerpt":{"rendered":"<p>S\u00e3o intrigantes as poss\u00edveis raz\u00f5es que conduziram a Nova Rep\u00fablica &#8211; criada em 1985, findo&#8230;<\/p>\n","protected":false},"author":1,"featured_media":23327,"comment_status":"open","ping_status":"open","sticky":false,"template":"","format":"standard","meta":{"footnotes":""},"categories":[2],"tags":[],"featured_image_urls":{"full":["https:\/\/novosaopaulo.com.br\/n1\/wp-content\/uploads\/2025\/04\/Tenente-Dirceu-Cardoso-Goncalves.jpg",600,564,false],"thumbnail":["https:\/\/novosaopaulo.com.br\/n1\/wp-content\/uploads\/2025\/04\/Tenente-Dirceu-Cardoso-Goncalves-150x150.jpg",150,150,true],"medium":["https:\/\/novosaopaulo.com.br\/n1\/wp-content\/uploads\/2025\/04\/Tenente-Dirceu-Cardoso-Goncalves-300x282.jpg",300,282,true],"medium_large":["https:\/\/novosaopaulo.com.br\/n1\/wp-content\/uploads\/2025\/04\/Tenente-Dirceu-Cardoso-Goncalves.jpg",600,564,false],"large":["https:\/\/novosaopaulo.com.br\/n1\/wp-content\/uploads\/2025\/04\/Tenente-Dirceu-Cardoso-Goncalves.jpg",600,564,false],"1536x1536":["https:\/\/novosaopaulo.com.br\/n1\/wp-content\/uploads\/2025\/04\/Tenente-Dirceu-Cardoso-Goncalves.jpg",600,564,false],"2048x2048":["https:\/\/novosaopaulo.com.br\/n1\/wp-content\/uploads\/2025\/04\/Tenente-Dirceu-Cardoso-Goncalves.jpg",600,564,false],"newsever-slider-full":["https:\/\/novosaopaulo.com.br\/n1\/wp-content\/uploads\/2025\/04\/Tenente-Dirceu-Cardoso-Goncalves.jpg",600,564,false],"newsever-featured":["https:\/\/novosaopaulo.com.br\/n1\/wp-content\/uploads\/2025\/04\/Tenente-Dirceu-Cardoso-Goncalves.jpg",600,564,false],"newsever-medium":["https:\/\/novosaopaulo.com.br\/n1\/wp-content\/uploads\/2025\/04\/Tenente-Dirceu-Cardoso-Goncalves-600x475.jpg",600,475,true]},"author_info":{"display_name":"Reda\u00e7\u00e3o","author_link":"https:\/\/novosaopaulo.com.br\/n1\/author\/g5poa\/"},"category_info":"<a href=\"https:\/\/novosaopaulo.com.br\/n1\/category\/cidades\/\" rel=\"category tag\">Cidades<\/a>","tag_info":"Cidades","comment_count":"0","_links":{"self":[{"href":"https:\/\/novosaopaulo.com.br\/n1\/wp-json\/wp\/v2\/posts\/25146"}],"collection":[{"href":"https:\/\/novosaopaulo.com.br\/n1\/wp-json\/wp\/v2\/posts"}],"about":[{"href":"https:\/\/novosaopaulo.com.br\/n1\/wp-json\/wp\/v2\/types\/post"}],"author":[{"embeddable":true,"href":"https:\/\/novosaopaulo.com.br\/n1\/wp-json\/wp\/v2\/users\/1"}],"replies":[{"embeddable":true,"href":"https:\/\/novosaopaulo.com.br\/n1\/wp-json\/wp\/v2\/comments?post=25146"}],"version-history":[{"count":1,"href":"https:\/\/novosaopaulo.com.br\/n1\/wp-json\/wp\/v2\/posts\/25146\/revisions"}],"predecessor-version":[{"id":25147,"href":"https:\/\/novosaopaulo.com.br\/n1\/wp-json\/wp\/v2\/posts\/25146\/revisions\/25147"}],"wp:featuredmedia":[{"embeddable":true,"href":"https:\/\/novosaopaulo.com.br\/n1\/wp-json\/wp\/v2\/media\/23327"}],"wp:attachment":[{"href":"https:\/\/novosaopaulo.com.br\/n1\/wp-json\/wp\/v2\/media?parent=25146"}],"wp:term":[{"taxonomy":"category","embeddable":true,"href":"https:\/\/novosaopaulo.com.br\/n1\/wp-json\/wp\/v2\/categories?post=25146"},{"taxonomy":"post_tag","embeddable":true,"href":"https:\/\/novosaopaulo.com.br\/n1\/wp-json\/wp\/v2\/tags?post=25146"}],"curies":[{"name":"wp","href":"https:\/\/api.w.org\/{rel}","templated":true}]}}