{"id":25143,"date":"2025-07-31T14:14:18","date_gmt":"2025-07-31T17:14:18","guid":{"rendered":"https:\/\/novosaopaulo.com.br\/n1\/?p=25143"},"modified":"2025-07-31T14:14:18","modified_gmt":"2025-07-31T17:14:18","slug":"adoecimento-mental-na-enfermagem-explode-e-chega-a-justica-do-trabalho","status":"publish","type":"post","link":"https:\/\/novosaopaulo.com.br\/n1\/adoecimento-mental-na-enfermagem-explode-e-chega-a-justica-do-trabalho\/","title":{"rendered":"Adoecimento mental na enfermagem explode e chega \u00e0 Justi\u00e7a do Trabalho"},"content":{"rendered":"\n<p>Altas jornadas, ass\u00e9dio e sobrecarga emocional disparam afastamentos e a\u00e7\u00f5es judiciais em todo o pa\u00eds; Advogado Mateus Gon\u00e7alves afirma que profissionais est\u00e3o exaustos e desamparados<\/p>\n\n\n\n<p>O m\u00eas de julho acendeu um alerta sobre a sa\u00fade mental dos profissionais da enfermagem no Brasil. Com jornadas exaustivas, sobrecarga emocional e casos recorrentes de ass\u00e9dio moral, enfermeiros e t\u00e9cnicos t\u00eam enfrentado uma escalada de adoecimento psicol\u00f3gico no ambiente de trabalho. O impacto j\u00e1 \u00e9 mensur\u00e1vel: o n\u00famero de afastamentos por transtornos mentais e emocionais cresceu de forma expressiva no primeiro semestre de 2025, segundo dados do INSS e dos pr\u00f3prios sindicatos da categoria.<\/p>\n\n\n\n<p>Em paralelo, o que se v\u00ea \u00e9 um aumento silencioso, por\u00e9m consistente, de a\u00e7\u00f5es trabalhistas movidas por profissionais da enfermagem contra hospitais, cl\u00ednicas e unidades p\u00fablicas. \u201cS\u00e3o processos por danos morais, ass\u00e9dio institucionalizado e neglig\u00eancia com as condi\u00e7\u00f5es m\u00ednimas de trabalho. Em muitos casos, os empregadores sequer oferecem acompanhamento psicol\u00f3gico ou per\u00edodos adequados de descanso\u201d, afirma o advogado trabalhista Mateus Gon\u00e7alves, que atua exclusivamente na defesa da enfermagem.<\/p>\n\n\n\n<p>Gon\u00e7alves explica que, diferentemente do passado, os profissionais est\u00e3o mais conscientes de seus direitos e buscam repara\u00e7\u00e3o judicial com respaldo legal. \u201cExiste um desgaste emocional profundo e estrutural, que se agravou com a pandemia e n\u00e3o foi resolvido desde ent\u00e3o. Muitos j\u00e1 entram com quadros de estafa severa, diagnosticados por laudos m\u00e9dicos. A Justi\u00e7a do Trabalho tem sido o \u00fanico canal poss\u00edvel de escuta para muitos desses trabalhadores.\u201d<\/p>\n\n\n\n<p>A discuss\u00e3o ganha ainda mais relev\u00e2ncia diante da falta de pol\u00edticas institucionais voltadas \u00e0 sa\u00fade mental nas unidades de sa\u00fade. Em meio ao esgotamento coletivo de quem cuida de vidas, o risco \u00e9 de um colapso silencioso dentro dos hospitais \u2014 com impactos diretos na qualidade da assist\u00eancia e na perman\u00eancia dos profissionais nos postos de trabalho.<\/p>\n\n\n\n<p>Fonte: Mateus Gon\u00e7alves \u2013 Advogado Trabalhista &#8211; Especialista na defesa dos direitos da enfermagem | Instagram: @advogandoparaenfermagem<\/p>\n","protected":false},"excerpt":{"rendered":"<p>Altas jornadas, ass\u00e9dio e sobrecarga emocional disparam afastamentos e a\u00e7\u00f5es judiciais em todo o pa\u00eds;&#8230;<\/p>\n","protected":false},"author":1,"featured_media":25144,"comment_status":"open","ping_status":"open","sticky":false,"template":"","format":"standard","meta":{"footnotes":""},"categories":[2],"tags":[],"featured_image_urls":{"full":["https:\/\/novosaopaulo.com.br\/n1\/wp-content\/uploads\/2025\/07\/0e9b4fe7-922b-460e-86b7-bf7de4828451.jpg",828,732,false],"thumbnail":["https:\/\/novosaopaulo.com.br\/n1\/wp-content\/uploads\/2025\/07\/0e9b4fe7-922b-460e-86b7-bf7de4828451-150x150.jpg",150,150,true],"medium":["https:\/\/novosaopaulo.com.br\/n1\/wp-content\/uploads\/2025\/07\/0e9b4fe7-922b-460e-86b7-bf7de4828451-300x265.jpg",300,265,true],"medium_large":["https:\/\/novosaopaulo.com.br\/n1\/wp-content\/uploads\/2025\/07\/0e9b4fe7-922b-460e-86b7-bf7de4828451-768x679.jpg",640,566,true],"large":["https:\/\/novosaopaulo.com.br\/n1\/wp-content\/uploads\/2025\/07\/0e9b4fe7-922b-460e-86b7-bf7de4828451.jpg",640,566,false],"1536x1536":["https:\/\/novosaopaulo.com.br\/n1\/wp-content\/uploads\/2025\/07\/0e9b4fe7-922b-460e-86b7-bf7de4828451.jpg",828,732,false],"2048x2048":["https:\/\/novosaopaulo.com.br\/n1\/wp-content\/uploads\/2025\/07\/0e9b4fe7-922b-460e-86b7-bf7de4828451.jpg",828,732,false],"newsever-slider-full":["https:\/\/novosaopaulo.com.br\/n1\/wp-content\/uploads\/2025\/07\/0e9b4fe7-922b-460e-86b7-bf7de4828451.jpg",828,732,false],"newsever-featured":["https:\/\/novosaopaulo.com.br\/n1\/wp-content\/uploads\/2025\/07\/0e9b4fe7-922b-460e-86b7-bf7de4828451.jpg",828,732,false],"newsever-medium":["https:\/\/novosaopaulo.com.br\/n1\/wp-content\/uploads\/2025\/07\/0e9b4fe7-922b-460e-86b7-bf7de4828451-720x475.jpg",720,475,true]},"author_info":{"display_name":"Reda\u00e7\u00e3o","author_link":"https:\/\/novosaopaulo.com.br\/n1\/author\/g5poa\/"},"category_info":"<a href=\"https:\/\/novosaopaulo.com.br\/n1\/category\/cidades\/\" rel=\"category tag\">Cidades<\/a>","tag_info":"Cidades","comment_count":"0","_links":{"self":[{"href":"https:\/\/novosaopaulo.com.br\/n1\/wp-json\/wp\/v2\/posts\/25143"}],"collection":[{"href":"https:\/\/novosaopaulo.com.br\/n1\/wp-json\/wp\/v2\/posts"}],"about":[{"href":"https:\/\/novosaopaulo.com.br\/n1\/wp-json\/wp\/v2\/types\/post"}],"author":[{"embeddable":true,"href":"https:\/\/novosaopaulo.com.br\/n1\/wp-json\/wp\/v2\/users\/1"}],"replies":[{"embeddable":true,"href":"https:\/\/novosaopaulo.com.br\/n1\/wp-json\/wp\/v2\/comments?post=25143"}],"version-history":[{"count":1,"href":"https:\/\/novosaopaulo.com.br\/n1\/wp-json\/wp\/v2\/posts\/25143\/revisions"}],"predecessor-version":[{"id":25145,"href":"https:\/\/novosaopaulo.com.br\/n1\/wp-json\/wp\/v2\/posts\/25143\/revisions\/25145"}],"wp:featuredmedia":[{"embeddable":true,"href":"https:\/\/novosaopaulo.com.br\/n1\/wp-json\/wp\/v2\/media\/25144"}],"wp:attachment":[{"href":"https:\/\/novosaopaulo.com.br\/n1\/wp-json\/wp\/v2\/media?parent=25143"}],"wp:term":[{"taxonomy":"category","embeddable":true,"href":"https:\/\/novosaopaulo.com.br\/n1\/wp-json\/wp\/v2\/categories?post=25143"},{"taxonomy":"post_tag","embeddable":true,"href":"https:\/\/novosaopaulo.com.br\/n1\/wp-json\/wp\/v2\/tags?post=25143"}],"curies":[{"name":"wp","href":"https:\/\/api.w.org\/{rel}","templated":true}]}}