{"id":25137,"date":"2025-07-30T17:44:16","date_gmt":"2025-07-30T20:44:16","guid":{"rendered":"https:\/\/novosaopaulo.com.br\/n1\/?p=25137"},"modified":"2025-07-30T17:44:17","modified_gmt":"2025-07-30T20:44:17","slug":"conferencia-livre-de-mulheres-discute-politicas-publicas-para-populacao-feminina-em-poa","status":"publish","type":"post","link":"https:\/\/novosaopaulo.com.br\/n1\/conferencia-livre-de-mulheres-discute-politicas-publicas-para-populacao-feminina-em-poa\/","title":{"rendered":"Confer\u00eancia Livre de Mulheres discute pol\u00edticas p\u00fablicas para popula\u00e7\u00e3o feminina em Po\u00e1"},"content":{"rendered":"\n<p>Evento re\u00fane sociedade civil e Poder P\u00fablico para debater quatro eixos neste s\u00e1bado (02\/08), na C\u00e2mara Municipal<\/p>\n\n\n\n<p>Com o tema \u201cMais democracia, mais igualdade e mais conquistas para todas\u201d, a Confer\u00eancia Livre de Mulheres ser\u00e1 realizada neste s\u00e1bado (02\/08), a partir das 9 horas, na C\u00e2mara Municipal de Po\u00e1. O encontro, organizado por entidades sociais com o apoio da Prefeitura, tem como objetivo promover o di\u00e1logo entre a sociedade civil, \u00f3rg\u00e3os p\u00fablicos e o terceiro setor. A proposta \u00e9 reunir mulheres de diferentes \u00e1reas e realidades para debater os principais desafios enfrentados e construir propostas de pol\u00edticas p\u00fablicas voltadas \u00e0 popula\u00e7\u00e3o feminina.<\/p>\n\n\n\n<p>Durante a confer\u00eancia, ser\u00e3o debatidos quatro eixos centrais: a garantia de pol\u00edticas de sa\u00fade integral, com foco no acesso das mulheres a servi\u00e7os de qualidade; o enfrentamento de todas as formas de viol\u00eancia, incluindo a de g\u00eanero, a dom\u00e9stica e o feminic\u00eddio; a promo\u00e7\u00e3o da autonomia financeira como instrumento essencial para o empoderamento feminino; e o fortalecimento da governan\u00e7a, com \u00eanfase na amplia\u00e7\u00e3o da participa\u00e7\u00e3o popular e na presen\u00e7a ativa das mulheres na formula\u00e7\u00e3o de pol\u00edticas p\u00fablicas e nos espa\u00e7os de decis\u00e3o.<\/p>\n\n\n\n<p>Os trabalhos est\u00e3o sendo organizados pela Associa\u00e7\u00e3o Amigos de Bairro Jardim Em\u00edlia, Jardim Pinheiro e Adjac\u00eancias, pela Associa\u00e7\u00e3o Recreativa e Cultural Amigos do Jardim D\u00e9bora e Adjac\u00eancias, pela Associa\u00e7\u00e3o de Amigos de Calmon Viana e Vilas Adjacentes e pela Associa\u00e7\u00e3o Recreativa e Cultural Amigos dos Bairros de Po\u00e1.<\/p>\n\n\n\n<p>A secret\u00e1ria da Mulher, Laudjane Ferreira, destaca a relev\u00e2ncia do evento para a constru\u00e7\u00e3o de pol\u00edticas p\u00fablicas mais efetivas e a import\u00e2ncia da participa\u00e7\u00e3o popular. \u201cA confer\u00eancia \u00e9 um espa\u00e7o essencial para ouvir as mulheres, entender suas demandas e transformar essas vozes em a\u00e7\u00f5es concretas. \u00c9 assim que constru\u00edmos uma cidade mais justa e igualit\u00e1ria para todas. A Prefeitura de Po\u00e1 oferece todo apoio para que esse encontro aconte\u00e7a e convida tamb\u00e9m a popula\u00e7\u00e3o feminina para que participe\u201d, disse.<\/p>\n\n\n\n<p>As confer\u00eancias livres t\u00eam como prop\u00f3sito fortalecer o protagonismo feminino, garantindo que suas contribui\u00e7\u00f5es estejam no centro das decis\u00f5es pol\u00edticas. A partir das discuss\u00f5es, s\u00e3o elaboradas propostas que poder\u00e3o ser levadas \u00e0s etapas estaduais e nacionais da Confer\u00eancia de Pol\u00edticas para as Mulheres, promovendo avan\u00e7os reais na luta por equidade de g\u00eanero.<\/p>\n","protected":false},"excerpt":{"rendered":"<p>Evento re\u00fane sociedade civil e Poder P\u00fablico para debater quatro eixos neste s\u00e1bado (02\/08), na&#8230;<\/p>\n","protected":false},"author":1,"featured_media":25138,"comment_status":"open","ping_status":"open","sticky":false,"template":"","format":"standard","meta":{"footnotes":""},"categories":[2],"tags":[],"featured_image_urls":{"full":["https:\/\/novosaopaulo.com.br\/n1\/wp-content\/uploads\/2025\/07\/WhatsApp-Image-2025-07-30-at-16.46.36.jpeg",1088,1600,false],"thumbnail":["https:\/\/novosaopaulo.com.br\/n1\/wp-content\/uploads\/2025\/07\/WhatsApp-Image-2025-07-30-at-16.46.36-150x150.jpeg",150,150,true],"medium":["https:\/\/novosaopaulo.com.br\/n1\/wp-content\/uploads\/2025\/07\/WhatsApp-Image-2025-07-30-at-16.46.36-204x300.jpeg",204,300,true],"medium_large":["https:\/\/novosaopaulo.com.br\/n1\/wp-content\/uploads\/2025\/07\/WhatsApp-Image-2025-07-30-at-16.46.36-768x1129.jpeg",640,941,true],"large":["https:\/\/novosaopaulo.com.br\/n1\/wp-content\/uploads\/2025\/07\/WhatsApp-Image-2025-07-30-at-16.46.36-696x1024.jpeg",640,942,true],"1536x1536":["https:\/\/novosaopaulo.com.br\/n1\/wp-content\/uploads\/2025\/07\/WhatsApp-Image-2025-07-30-at-16.46.36-1044x1536.jpeg",1044,1536,true],"2048x2048":["https:\/\/novosaopaulo.com.br\/n1\/wp-content\/uploads\/2025\/07\/WhatsApp-Image-2025-07-30-at-16.46.36.jpeg",1088,1600,false],"newsever-slider-full":["https:\/\/novosaopaulo.com.br\/n1\/wp-content\/uploads\/2025\/07\/WhatsApp-Image-2025-07-30-at-16.46.36-1088x845.jpeg",1088,845,true],"newsever-featured":["https:\/\/novosaopaulo.com.br\/n1\/wp-content\/uploads\/2025\/07\/WhatsApp-Image-2025-07-30-at-16.46.36-1024x1506.jpeg",1024,1506,true],"newsever-medium":["https:\/\/novosaopaulo.com.br\/n1\/wp-content\/uploads\/2025\/07\/WhatsApp-Image-2025-07-30-at-16.46.36-720x475.jpeg",720,475,true]},"author_info":{"display_name":"Reda\u00e7\u00e3o","author_link":"https:\/\/novosaopaulo.com.br\/n1\/author\/g5poa\/"},"category_info":"<a href=\"https:\/\/novosaopaulo.com.br\/n1\/category\/cidades\/\" rel=\"category tag\">Cidades<\/a>","tag_info":"Cidades","comment_count":"0","_links":{"self":[{"href":"https:\/\/novosaopaulo.com.br\/n1\/wp-json\/wp\/v2\/posts\/25137"}],"collection":[{"href":"https:\/\/novosaopaulo.com.br\/n1\/wp-json\/wp\/v2\/posts"}],"about":[{"href":"https:\/\/novosaopaulo.com.br\/n1\/wp-json\/wp\/v2\/types\/post"}],"author":[{"embeddable":true,"href":"https:\/\/novosaopaulo.com.br\/n1\/wp-json\/wp\/v2\/users\/1"}],"replies":[{"embeddable":true,"href":"https:\/\/novosaopaulo.com.br\/n1\/wp-json\/wp\/v2\/comments?post=25137"}],"version-history":[{"count":1,"href":"https:\/\/novosaopaulo.com.br\/n1\/wp-json\/wp\/v2\/posts\/25137\/revisions"}],"predecessor-version":[{"id":25139,"href":"https:\/\/novosaopaulo.com.br\/n1\/wp-json\/wp\/v2\/posts\/25137\/revisions\/25139"}],"wp:featuredmedia":[{"embeddable":true,"href":"https:\/\/novosaopaulo.com.br\/n1\/wp-json\/wp\/v2\/media\/25138"}],"wp:attachment":[{"href":"https:\/\/novosaopaulo.com.br\/n1\/wp-json\/wp\/v2\/media?parent=25137"}],"wp:term":[{"taxonomy":"category","embeddable":true,"href":"https:\/\/novosaopaulo.com.br\/n1\/wp-json\/wp\/v2\/categories?post=25137"},{"taxonomy":"post_tag","embeddable":true,"href":"https:\/\/novosaopaulo.com.br\/n1\/wp-json\/wp\/v2\/tags?post=25137"}],"curies":[{"name":"wp","href":"https:\/\/api.w.org\/{rel}","templated":true}]}}