{"id":25133,"date":"2025-07-30T17:42:01","date_gmt":"2025-07-30T20:42:01","guid":{"rendered":"https:\/\/novosaopaulo.com.br\/n1\/?p=25133"},"modified":"2025-07-30T17:42:02","modified_gmt":"2025-07-30T20:42:02","slug":"nattan-lanca-clipe-de-menina-eu-quero-teu-amor-nesta-quarta-feira-30","status":"publish","type":"post","link":"https:\/\/novosaopaulo.com.br\/n1\/nattan-lanca-clipe-de-menina-eu-quero-teu-amor-nesta-quarta-feira-30\/","title":{"rendered":"Nattan lan\u00e7a clipe de Menina Eu Quero Teu Amor nesta quarta-feira (30)"},"content":{"rendered":"\n<p>Audiovisual foi gravado durante show do cantor na ExpoCrato e eterniza um dos momentos mais marcantes da agenda de shows do artista<\/p>\n\n\n\n<p><strong>Nattan lan\u00e7a clipe de Menina Eu Quero Teu Amor nesta quarta-feira (30)<\/strong><\/p>\n\n\n\n<p><em>Audiovisual foi gravado durante show do cantor na ExpoCrato e eterniza um dos momentos <\/em><em>mais marcantes da agenda de shows do artista<\/em><\/p>\n\n\n\n<p><em>(Cr\u00e9dito foto: Kaio Cads)<\/em><\/p>\n\n\n\n<p>Assista aqui: <a href=\"https:\/\/www.youtube.com\/watch?v=Nh_LzD7I-U0\"><\/a><\/p>\n\n\n\n<figure class=\"wp-block-embed is-type-video is-provider-youtube wp-block-embed-youtube wp-embed-aspect-16-9 wp-has-aspect-ratio\"><div class=\"wp-block-embed__wrapper\">\n<iframe title=\"Nattan - Menina Eu Quero Teu Amor (Clipe Oficial)\" width=\"640\" height=\"360\" src=\"https:\/\/www.youtube.com\/embed\/Nh_LzD7I-U0?feature=oembed\" frameborder=\"0\" allow=\"accelerometer; autoplay; clipboard-write; encrypted-media; gyroscope; picture-in-picture; web-share\" referrerpolicy=\"strict-origin-when-cross-origin\" allowfullscreen><\/iframe>\n<\/div><\/figure>\n\n\n\n<p>O cantor Nattan lan\u00e7a nesta quarta-feira (30) ), o clipe de \u201cMenina Eu Quero Teu Amor\u201d, faixa que integra o \u00e1lbum Impar\u00e1vel. O audiovisual foi registrado durante a apresenta\u00e7\u00e3o do artista na ExpoCrato, um dos maiores festivais de m\u00fasica e cultura do interior do Cear\u00e1, e contou com a participa\u00e7\u00e3o intensa do p\u00fablico, que cantou em coro cada verso da can\u00e7\u00e3o.<\/p>\n\n\n\n<p>Gravado na cidade de Crato\/CE, o v\u00eddeo eterniza um dos momentos mais marcantes da agenda de shows do cantor e refor\u00e7a a for\u00e7a da conex\u00e3o de Nattan com o p\u00fablico nordestino. \u201cEssa m\u00fasica j\u00e1 nasceu grande. Com sete dias de lan\u00e7ada, a galera j\u00e1 sabia cantar tudo. Meu Cariri veio junto comigo nesse momento lindo. Foi de arrepiar\u201d, comenta o artista.<\/p>\n\n\n\n<figure class=\"wp-block-image size-large\"><img fetchpriority=\"high\" decoding=\"async\" width=\"683\" height=\"1024\" src=\"https:\/\/novosaopaulo.com.br\/n1\/wp-content\/uploads\/2025\/07\/image-683x1024.jpeg\" alt=\"\" class=\"wp-image-25134\" srcset=\"https:\/\/novosaopaulo.com.br\/n1\/wp-content\/uploads\/2025\/07\/image-683x1024.jpeg 683w, https:\/\/novosaopaulo.com.br\/n1\/wp-content\/uploads\/2025\/07\/image-200x300.jpeg 200w, https:\/\/novosaopaulo.com.br\/n1\/wp-content\/uploads\/2025\/07\/image-768x1152.jpeg 768w, https:\/\/novosaopaulo.com.br\/n1\/wp-content\/uploads\/2025\/07\/image-1024x1536.jpeg 1024w, https:\/\/novosaopaulo.com.br\/n1\/wp-content\/uploads\/2025\/07\/image.jpeg 1067w\" sizes=\"(max-width: 683px) 100vw, 683px\" \/><\/figure>\n\n\n\n<p>A proposta faz parte de um projeto maior de Nattan: gravar clipes em diferentes regi\u00f5es do Brasil, valorizando a pluralidade cultural do pa\u00eds e a energia \u00fanica de cada p\u00fablico. \u201cQuero levar minha m\u00fasica para todos os cantos e eternizar esses encontros. Esse clipe \u00e9 s\u00f3 o come\u00e7o\u201d, completa.<\/p>\n\n\n\n<p>Lan\u00e7ado recentemente, o \u00e1lbum Impar\u00e1vel re\u00fane faixas in\u00e9ditas, regrava\u00e7\u00f5es e colabora\u00e7\u00f5es especiais, e marca uma nova fase na trajet\u00f3ria de Nattan, que vem se consolidando como um dos grandes nomes da nova gera\u00e7\u00e3o da m\u00fasica brasileira.<\/p>\n\n\n\n<p><strong>Sobre Nattan<\/strong><\/p>\n\n\n\n<p>Com 26 anos, Nattan \u00e9 um dos maiores nomes da m\u00fasica brasileira atual. Nascido em Sobral e criado em Tiangu\u00e1, no interior do Cear\u00e1, o cantor soma mais de 10 milh\u00f5es de ouvintes mensais no Spotify, 10 milh\u00f5es de seguidores no Instagram e 2 milh\u00f5es de inscritos no YouTube.<\/p>\n\n\n\n<p>Em 2023, lan\u00e7ou o EP \u201cPra Quebrar a Cara\u201d e criou a label \u201cDesmanttelo do Nattan\u201d, que se transformou em festival e percorreu o pa\u00eds. No mesmo ano, emplacou o hit \u201cLove Gostosinho\u201d, com Felipe Amorim, com mais de 175 milh\u00f5es de plays e presen\u00e7a no Top 5 de 13 estados. Tamb\u00e9m esteve entre os mais ouvidos em 8 estados e foi o mais adicionado a playlists de forr\u00f3 no Spotify.<\/p>\n\n\n\n<p>Em 2024, lan\u00e7ou o projeto \u201cEstilo Nattanzinho\u201d, com destaque para \u201cEu Vou Sentar\u201d (feat. Melody) e \u201cPega Cabuloso\u201d (com Ana Castela). O single \u201cAmor na Praia\u201d tamb\u00e9m chegou ao topo do Spotify Brasil e soma hoje mais de 68 milh\u00f5es de plays.<\/p>\n\n\n\n<p>J\u00e1 em 2025, apresenta agora ao p\u00fablico o \u00e1lbum \u201cImpar\u00e1vel\u201d, que re\u00fane faixas in\u00e9ditas e regrava\u00e7\u00f5es em um projeto que refor\u00e7a sua versatilidade e marca mais um passo em sua trajet\u00f3ria de crescimento e amadurecimento art\u00edstico. Entre seus maiores hits est\u00e3o \u201cComunica\u00e7\u00e3o Falhou\u201d, \u201cMorena\u201d e \u201cTem Cabar\u00e9 Essa Noite\u201d.<\/p>\n\n\n\n<p>Cr\u00e9dito foto: Kaio Cads<\/p>\n","protected":false},"excerpt":{"rendered":"<p>Audiovisual foi gravado durante show do cantor na ExpoCrato e eterniza um dos momentos mais&#8230;<\/p>\n","protected":false},"author":1,"featured_media":25135,"comment_status":"open","ping_status":"open","sticky":false,"template":"","format":"standard","meta":{"footnotes":""},"categories":[2],"tags":[],"featured_image_urls":{"full":["https:\/\/novosaopaulo.com.br\/n1\/wp-content\/uploads\/2025\/07\/kaiocards.jpg",1067,1600,false],"thumbnail":["https:\/\/novosaopaulo.com.br\/n1\/wp-content\/uploads\/2025\/07\/kaiocards-150x150.jpg",150,150,true],"medium":["https:\/\/novosaopaulo.com.br\/n1\/wp-content\/uploads\/2025\/07\/kaiocards-200x300.jpg",200,300,true],"medium_large":["https:\/\/novosaopaulo.com.br\/n1\/wp-content\/uploads\/2025\/07\/kaiocards-768x1152.jpg",640,960,true],"large":["https:\/\/novosaopaulo.com.br\/n1\/wp-content\/uploads\/2025\/07\/kaiocards-683x1024.jpg",640,960,true],"1536x1536":["https:\/\/novosaopaulo.com.br\/n1\/wp-content\/uploads\/2025\/07\/kaiocards-1024x1536.jpg",1024,1536,true],"2048x2048":["https:\/\/novosaopaulo.com.br\/n1\/wp-content\/uploads\/2025\/07\/kaiocards.jpg",1067,1600,false],"newsever-slider-full":["https:\/\/novosaopaulo.com.br\/n1\/wp-content\/uploads\/2025\/07\/kaiocards-1067x845.jpg",1067,845,true],"newsever-featured":["https:\/\/novosaopaulo.com.br\/n1\/wp-content\/uploads\/2025\/07\/kaiocards-1024x1536.jpg",1024,1536,true],"newsever-medium":["https:\/\/novosaopaulo.com.br\/n1\/wp-content\/uploads\/2025\/07\/kaiocards-720x475.jpg",720,475,true]},"author_info":{"display_name":"Reda\u00e7\u00e3o","author_link":"https:\/\/novosaopaulo.com.br\/n1\/author\/g5poa\/"},"category_info":"<a href=\"https:\/\/novosaopaulo.com.br\/n1\/category\/cidades\/\" rel=\"category tag\">Cidades<\/a>","tag_info":"Cidades","comment_count":"0","_links":{"self":[{"href":"https:\/\/novosaopaulo.com.br\/n1\/wp-json\/wp\/v2\/posts\/25133"}],"collection":[{"href":"https:\/\/novosaopaulo.com.br\/n1\/wp-json\/wp\/v2\/posts"}],"about":[{"href":"https:\/\/novosaopaulo.com.br\/n1\/wp-json\/wp\/v2\/types\/post"}],"author":[{"embeddable":true,"href":"https:\/\/novosaopaulo.com.br\/n1\/wp-json\/wp\/v2\/users\/1"}],"replies":[{"embeddable":true,"href":"https:\/\/novosaopaulo.com.br\/n1\/wp-json\/wp\/v2\/comments?post=25133"}],"version-history":[{"count":1,"href":"https:\/\/novosaopaulo.com.br\/n1\/wp-json\/wp\/v2\/posts\/25133\/revisions"}],"predecessor-version":[{"id":25136,"href":"https:\/\/novosaopaulo.com.br\/n1\/wp-json\/wp\/v2\/posts\/25133\/revisions\/25136"}],"wp:featuredmedia":[{"embeddable":true,"href":"https:\/\/novosaopaulo.com.br\/n1\/wp-json\/wp\/v2\/media\/25135"}],"wp:attachment":[{"href":"https:\/\/novosaopaulo.com.br\/n1\/wp-json\/wp\/v2\/media?parent=25133"}],"wp:term":[{"taxonomy":"category","embeddable":true,"href":"https:\/\/novosaopaulo.com.br\/n1\/wp-json\/wp\/v2\/categories?post=25133"},{"taxonomy":"post_tag","embeddable":true,"href":"https:\/\/novosaopaulo.com.br\/n1\/wp-json\/wp\/v2\/tags?post=25133"}],"curies":[{"name":"wp","href":"https:\/\/api.w.org\/{rel}","templated":true}]}}