{"id":25112,"date":"2025-07-29T17:07:20","date_gmt":"2025-07-29T20:07:20","guid":{"rendered":"https:\/\/novosaopaulo.com.br\/n1\/?p=25112"},"modified":"2025-07-29T17:07:42","modified_gmt":"2025-07-29T20:07:42","slug":"psicologa-mineira-resgata-memorias-da-loucura-e-transformacao-no-simbolo-nacional-da-saude-mental-do-brasil","status":"publish","type":"post","link":"https:\/\/novosaopaulo.com.br\/n1\/psicologa-mineira-resgata-memorias-da-loucura-e-transformacao-no-simbolo-nacional-da-saude-mental-do-brasil\/","title":{"rendered":"Psic\u00f3loga mineira resgata mem\u00f3rias da loucura e transforma\u00e7\u00e3o no s\u00edmbolo nacional da sa\u00fade mental do Brasil"},"content":{"rendered":"\n<p>Kennya Rodrigues N\u00e9zio \u00e9 autora de estudos fundamentais sobre a reforma psiqui\u00e1trica no munic\u00edpio que abrigou o maior hosp\u00edcio do BrasilDurante d\u00e9cadas, o nome de Barbacena esteve associado ao Hospital Col\u00f4nia, institui\u00e7\u00e3o psiqui\u00e1trica mineira denunciada por viola\u00e7\u00f5es sistem\u00e1ticas de direitos humanos e pelo tratamento degradante de pessoas internadas. Estima-se que mais de 60 mil mortes tenham ocorrido no local ao longo do s\u00e9culo 20, muitas sem qualquer justificativa cl\u00ednica.No mesmo munic\u00edpio, entre os anos 2000 e 2020, consolidou-se uma das experi\u00eancias mais expressivas da reforma psiqui\u00e1trica brasileira. E parte dessa mudan\u00e7a foi registrada e tamb\u00e9m conduzida por Kennya Rodrigues N\u00e9zio, psic\u00f3loga, pesquisadora e professora que fez de sua trajet\u00f3ria acad\u00eamica um instrumento de reconstru\u00e7\u00e3o da mem\u00f3ria coletiva e de transforma\u00e7\u00e3o concreta das pr\u00e1ticas em sa\u00fade mental.Natural de Barbacena, Kennya cresceu ouvindo relatos sobre o cotidiano dos hospitais psiqui\u00e1tricos locais. Durante sua forma\u00e7\u00e3o em psicologia e posteriormente no mestrado, j\u00e1 buscava compreender como a cidade lidava com a heran\u00e7a da institucionaliza\u00e7\u00e3o em massa. A partir de 2012, decidiu aprofundar esse percurso. Em sua disserta\u00e7\u00e3o, investigou a cria\u00e7\u00e3o dos primeiros Servi\u00e7os Residenciais Terap\u00eauticos (SRTs) implantados no munic\u00edpio, moradias p\u00fablicas voltadas para egressos de longa interna\u00e7\u00e3o psiqui\u00e1trica.Anos depois, sua tese de doutorado, defendida na PUC Minas, ampliou esse recorte. Com base em entrevistas e acervos hist\u00f3ricos, Kennya mapeou a atua\u00e7\u00e3o de trabalhadores da sa\u00fade, militantes e gestores que, desde os anos 1980, enfrentaram resist\u00eancias institucionais para reformular a rede de aten\u00e7\u00e3o \u00e0 sa\u00fade mental da cidade. A pesquisa recupera ainda a influ\u00eancia da Psiquiatria Democr\u00e1tica Italiana e do trabalho de Franco Basaglia, psiquiatra que visitou Barbacena em 1979 e comparou o hospital local a um campo de concentra\u00e7\u00e3o.O trabalho de Kennya conjuga pesquisa hist\u00f3rica, an\u00e1lise institucional e depoimentos de pessoas que participaram da constru\u00e7\u00e3o da rede substitutiva ao modelo asilar. Essa abordagem contribuiu para que sua produ\u00e7\u00e3o ganhasse reconhecimento entre<br>pesquisadores da sa\u00fade coletiva, gestores p\u00fablicos e conselhos de sa\u00fade mental. Seu livro baseado na tese circula em programas de forma\u00e7\u00e3o, concursos p\u00fablicos e cursos t\u00e9cnicos voltados \u00e0 aten\u00e7\u00e3o psicossocial.Al\u00e9m da produ\u00e7\u00e3o acad\u00eamica, a psic\u00f3loga tamb\u00e9m atuou como professora da Universidade Federal de S\u00e3o Jo\u00e3o del-Rei (UFSJ) e da Universidade Presidente Ant\u00f4nio Carlos (UNIPAC). Em ambas, coordenou projetos de extens\u00e3o voltados para o SUS, com foco na forma\u00e7\u00e3o de profissionais em sa\u00fade mental e no fortalecimento das redes de aten\u00e7\u00e3o b\u00e1sica. Sua experi\u00eancia como orientadora de alunos de gradua\u00e7\u00e3o e p\u00f3s-gradua\u00e7\u00e3o foi marcada pelo incentivo a pesquisas com base territorial e di\u00e1logo direto com os servi\u00e7os p\u00fablicos.Em 2016, participou do Workshop de Editora\u00e7\u00e3o Cient\u00edfica da ABEC (Associa\u00e7\u00e3o Brasileira de Editores Cient\u00edficos). A partir dessa forma\u00e7\u00e3o, envolveu-se na reativa\u00e7\u00e3o da Revista de Sa\u00fade Mental e Subjetividade, voltada \u00e0 publica\u00e7\u00e3o de experi\u00eancias e estudos sobre aten\u00e7\u00e3o psicossocial. O peri\u00f3dico, que enfrentava dificuldades editoriais, voltou a circular com regularidade sob sua coordena\u00e7\u00e3o editorial.Kennya tamb\u00e9m foi presen\u00e7a constante em congressos e semin\u00e1rios sobre sa\u00fade p\u00fablica, atuando como conferencista, debatedora e organizadora de mesas sobre sa\u00fade mental, direitos humanos e pol\u00edticas p\u00fablicas. Em suas falas, costuma combinar dados hist\u00f3ricos, relatos de campo e reflex\u00e3o cr\u00edtica sobre os limites e possibilidades das pr\u00e1ticas atuais de cuidado em liberdade.Em Barbacena, sua atua\u00e7\u00e3o contribuiu para o planejamento e implanta\u00e7\u00e3o de estrat\u00e9gias intersetoriais entre assist\u00eancia social, sa\u00fade e educa\u00e7\u00e3o. Trabalhou tamb\u00e9m na articula\u00e7\u00e3o entre servi\u00e7os residenciais e Centros de Aten\u00e7\u00e3o Psicossocial (CAPS), participando da elabora\u00e7\u00e3o de protocolos de acompanhamento e inclus\u00e3o de usu\u00e1rios no territ\u00f3rio. Sua experi\u00eancia como psic\u00f3loga da rede p\u00fablica deu sustenta\u00e7\u00e3o pr\u00e1tica ao que hoje registra como pesquisadora.Hoje, seu nome aparece frequentemente citado em bibliografias sobre sa\u00fade mental no Brasil. Estudantes e profissionais da \u00e1rea buscam seus textos para compreender os impactos da reforma psiqui\u00e1trica no interior do pa\u00eds, longe dos grandes centros. Suas an\u00e1lises t\u00eam sido utilizadas em cursos de capacita\u00e7\u00e3o de equipes do SUS, forma\u00e7\u00f5es em direitos humanos e planejamento de pol\u00edticas p\u00fablicas.<br>Ao contar a hist\u00f3ria da desinstitucionaliza\u00e7\u00e3o de Barbacena, ela reabre tamb\u00e9m o di\u00e1logo sobre o presente da sa\u00fade mental brasileira. A cidade que um dia foi s\u00edmbolo do manic\u00f4mio hoje abriga moradias p\u00fablicas, CAPS, centros de conviv\u00eancia e servi\u00e7os voltados \u00e0 reintegra\u00e7\u00e3o social. Em boa parte, essa virada foi acompanhada por Kennya \u2014 n\u00e3o apenas como testemunha, mas como uma das vozes que ajudaram a construir esse novo cen\u00e1rio.<\/p>\n","protected":false},"excerpt":{"rendered":"<p>Kennya Rodrigues N\u00e9zio \u00e9 autora de estudos fundamentais sobre a reforma psiqui\u00e1trica no munic\u00edpio que&#8230;<\/p>\n","protected":false},"author":1,"featured_media":25113,"comment_status":"open","ping_status":"open","sticky":false,"template":"","format":"standard","meta":{"footnotes":""},"categories":[38],"tags":[],"featured_image_urls":{"full":["https:\/\/novosaopaulo.com.br\/n1\/wp-content\/uploads\/2025\/07\/WhatsApp-Image-2025-07-29-at-15.24.53.jpeg",1066,1600,false],"thumbnail":["https:\/\/novosaopaulo.com.br\/n1\/wp-content\/uploads\/2025\/07\/WhatsApp-Image-2025-07-29-at-15.24.53-150x150.jpeg",150,150,true],"medium":["https:\/\/novosaopaulo.com.br\/n1\/wp-content\/uploads\/2025\/07\/WhatsApp-Image-2025-07-29-at-15.24.53-200x300.jpeg",200,300,true],"medium_large":["https:\/\/novosaopaulo.com.br\/n1\/wp-content\/uploads\/2025\/07\/WhatsApp-Image-2025-07-29-at-15.24.53-768x1153.jpeg",640,961,true],"large":["https:\/\/novosaopaulo.com.br\/n1\/wp-content\/uploads\/2025\/07\/WhatsApp-Image-2025-07-29-at-15.24.53-682x1024.jpeg",640,961,true],"1536x1536":["https:\/\/novosaopaulo.com.br\/n1\/wp-content\/uploads\/2025\/07\/WhatsApp-Image-2025-07-29-at-15.24.53-1023x1536.jpeg",1023,1536,true],"2048x2048":["https:\/\/novosaopaulo.com.br\/n1\/wp-content\/uploads\/2025\/07\/WhatsApp-Image-2025-07-29-at-15.24.53.jpeg",1066,1600,false],"newsever-slider-full":["https:\/\/novosaopaulo.com.br\/n1\/wp-content\/uploads\/2025\/07\/WhatsApp-Image-2025-07-29-at-15.24.53-1066x845.jpeg",1066,845,true],"newsever-featured":["https:\/\/novosaopaulo.com.br\/n1\/wp-content\/uploads\/2025\/07\/WhatsApp-Image-2025-07-29-at-15.24.53-1024x1537.jpeg",1024,1537,true],"newsever-medium":["https:\/\/novosaopaulo.com.br\/n1\/wp-content\/uploads\/2025\/07\/WhatsApp-Image-2025-07-29-at-15.24.53-720x475.jpeg",720,475,true]},"author_info":{"display_name":"Reda\u00e7\u00e3o","author_link":"https:\/\/novosaopaulo.com.br\/n1\/author\/g5poa\/"},"category_info":"<a href=\"https:\/\/novosaopaulo.com.br\/n1\/category\/joao-costa\/\" rel=\"category tag\">Jo\u00e3o Costa<\/a>","tag_info":"Jo\u00e3o Costa","comment_count":"0","_links":{"self":[{"href":"https:\/\/novosaopaulo.com.br\/n1\/wp-json\/wp\/v2\/posts\/25112"}],"collection":[{"href":"https:\/\/novosaopaulo.com.br\/n1\/wp-json\/wp\/v2\/posts"}],"about":[{"href":"https:\/\/novosaopaulo.com.br\/n1\/wp-json\/wp\/v2\/types\/post"}],"author":[{"embeddable":true,"href":"https:\/\/novosaopaulo.com.br\/n1\/wp-json\/wp\/v2\/users\/1"}],"replies":[{"embeddable":true,"href":"https:\/\/novosaopaulo.com.br\/n1\/wp-json\/wp\/v2\/comments?post=25112"}],"version-history":[{"count":1,"href":"https:\/\/novosaopaulo.com.br\/n1\/wp-json\/wp\/v2\/posts\/25112\/revisions"}],"predecessor-version":[{"id":25114,"href":"https:\/\/novosaopaulo.com.br\/n1\/wp-json\/wp\/v2\/posts\/25112\/revisions\/25114"}],"wp:featuredmedia":[{"embeddable":true,"href":"https:\/\/novosaopaulo.com.br\/n1\/wp-json\/wp\/v2\/media\/25113"}],"wp:attachment":[{"href":"https:\/\/novosaopaulo.com.br\/n1\/wp-json\/wp\/v2\/media?parent=25112"}],"wp:term":[{"taxonomy":"category","embeddable":true,"href":"https:\/\/novosaopaulo.com.br\/n1\/wp-json\/wp\/v2\/categories?post=25112"},{"taxonomy":"post_tag","embeddable":true,"href":"https:\/\/novosaopaulo.com.br\/n1\/wp-json\/wp\/v2\/tags?post=25112"}],"curies":[{"name":"wp","href":"https:\/\/api.w.org\/{rel}","templated":true}]}}