{"id":25092,"date":"2025-07-28T19:18:49","date_gmt":"2025-07-28T22:18:49","guid":{"rendered":"https:\/\/novosaopaulo.com.br\/n1\/?p=25092"},"modified":"2025-07-28T19:18:50","modified_gmt":"2025-07-28T22:18:50","slug":"salvador-feirao-de-seminovos-oferece-veiculos-para-todos-os-gostos-com-pagamento-a-partir-de-novembro","status":"publish","type":"post","link":"https:\/\/novosaopaulo.com.br\/n1\/salvador-feirao-de-seminovos-oferece-veiculos-para-todos-os-gostos-com-pagamento-a-partir-de-novembro\/","title":{"rendered":"Salvador: feir\u00e3o de seminovos oferece ve\u00edculos para todos os gostos com pagamento a partir de novembro"},"content":{"rendered":"\n<p>&#8220;Duelo dos Seminovos\u201d acontece entre sexta (1\u00ba) e domingo (3) no estacionamento do Assa\u00ed da Avenida Paralela com plant\u00e3o do Bradesco e parcelamento em at\u00e9 60 meses<\/p>\n\n\n\n<p>Fotos: Cleiton Ramos\/ P\u00e9 Quente Comunica\u00e7\u00e3o<\/p>\n\n\n\n<p>A 27\u00aa edi\u00e7\u00e3o do &#8220;Duelo dos Seminovos&#8221; acontece neste final de semana em Salvador e promete ser mais uma grande oportunidade de neg\u00f3cios para clientes e lojistas. O evento promovido pela Associa\u00e7\u00e3o Oficial de Revendedores de Ve\u00edculos do Estado da Bahia (Assoveba) ser\u00e1 realizado na sexta (1\u00ba), s\u00e1bado (2) e domingo (3) no estacionamento do Assa\u00ed da Avenida Paralela com mais de 1.500 unidades dispon\u00edveis, desde os modelos de entrada \u00e0 categoria premium, e pre\u00e7os variando entre R$ 25.900 e R$ 242.900.<\/p>\n\n\n\n<p>Os organizadores afirmam que os clientes podem escolher o melhor dia e hor\u00e1rio para avaliar com calma a compra do novo ve\u00edculo, que pode ser levado para casa com a garantia de qualidade das revendedoras filiadas \u00e0 Assoveba.<\/p>\n\n\n\n<p>Segundo a entidade, outro grande diferencial da compra de um seminovo no feir\u00e3o est\u00e1 no parcelamento. O Bradesco, financeira oficial do evento, vai manter equipes de plant\u00e3o para aprova\u00e7\u00e3o de cr\u00e9dito imediata, mesmo no fim de semana. Conforme o perfil do cliente, \u00e9 poss\u00edvel parcelar a compra em at\u00e9 60 meses, pagando a entrada apenas em novembro.<\/p>\n\n\n\n<p>De acordo com o presidente da Assoveba, Ari Pinheiro Junior, a meta \u00e9 superar as vendas da \u00faltima edi\u00e7\u00e3o ocorrida em Salvador, realizada em abril, quando foram vendidos 334 ve\u00edculos em tr\u00eas dias. &#8220;O Duelo dos Seminovos j\u00e1 caiu nas gra\u00e7as dos baianos, por ser muito mais do que um feir\u00e3o de carros, motos e utilit\u00e1rios e se consolidar como ponto de encontro para a fam\u00edlia. Muitos chegam sem a certeza do qu\u00ea e como comprar e saem felizes da vida com o acolhimento das equipes de venda e o entretenimento oferecido durante os dias de evento&#8221;, afirma o dirigente da Assoveba.<\/p>\n\n\n\n<p>O levantamento mais recente da Federa\u00e7\u00e3o Nacional das Associa\u00e7\u00f5es dos Revendedores de Ve\u00edculos Automotores (Fenauto) aponta que a Honda CG-150 (2.803), VW Gol (1.942) e Fiat Strada (1.929) s\u00e3o os ve\u00edculos seminovos mais vendidos no Nordeste. O estudo se refere ao m\u00eas de junho de 2025.<\/p>\n\n\n\n<p>Para Cleiton Ramos, gestor da P\u00e9-Quente Comunica\u00e7\u00e3o e um dos organizadores do \u201cDuelo dos Seminovos\u201d, a diversidade de produtos dispon\u00edveis e a certeza de levar para casa uma unidade em condi\u00e7\u00f5es confi\u00e1veis fazem do feir\u00e3o um grande sucesso. \u201cAp\u00f3s anos de experi\u00eancia, temos a satisfa\u00e7\u00e3o de reencontrar muitas fam\u00edlias que aguardam a realiza\u00e7\u00e3o do \u2018Duelo dos Seminovos\u2019 para trocar de ve\u00edculo, porque entendem que o evento re\u00fane as melhores condi\u00e7\u00f5es para uma aquisi\u00e7\u00e3o segura, sendo bom para clientes e lojistas\u201d, ressalta o empres\u00e1rio.<br>\u2026<br>SERVI\u00c7O:<br>O qu\u00ea: Feir\u00e3o \u201cDuelo dos Seminovos 27\u201d<br>Quando: sexta (1\u00ba), s\u00e1bado (2) e domingo (3)<br>Onde: Estacionamento do Assa\u00ed da Avenida Paralela<br>Entrada: Gratuita<br>Mais informa\u00e7\u00f5es: assoveba.com.br ou @assoveba<\/p>\n","protected":false},"excerpt":{"rendered":"<p>&#8220;Duelo dos Seminovos\u201d acontece entre sexta (1\u00ba) e domingo (3) no estacionamento do Assa\u00ed da&#8230;<\/p>\n","protected":false},"author":1,"featured_media":25093,"comment_status":"open","ping_status":"open","sticky":false,"template":"","format":"standard","meta":{"footnotes":""},"categories":[38],"tags":[],"featured_image_urls":{"full":["https:\/\/novosaopaulo.com.br\/n1\/wp-content\/uploads\/2025\/07\/WhatsApp-Image-2025-07-28-at-18.42.27.jpeg",1600,904,false],"thumbnail":["https:\/\/novosaopaulo.com.br\/n1\/wp-content\/uploads\/2025\/07\/WhatsApp-Image-2025-07-28-at-18.42.27-150x150.jpeg",150,150,true],"medium":["https:\/\/novosaopaulo.com.br\/n1\/wp-content\/uploads\/2025\/07\/WhatsApp-Image-2025-07-28-at-18.42.27-300x170.jpeg",300,170,true],"medium_large":["https:\/\/novosaopaulo.com.br\/n1\/wp-content\/uploads\/2025\/07\/WhatsApp-Image-2025-07-28-at-18.42.27-768x434.jpeg",640,362,true],"large":["https:\/\/novosaopaulo.com.br\/n1\/wp-content\/uploads\/2025\/07\/WhatsApp-Image-2025-07-28-at-18.42.27-1024x579.jpeg",640,362,true],"1536x1536":["https:\/\/novosaopaulo.com.br\/n1\/wp-content\/uploads\/2025\/07\/WhatsApp-Image-2025-07-28-at-18.42.27-1536x868.jpeg",1536,868,true],"2048x2048":["https:\/\/novosaopaulo.com.br\/n1\/wp-content\/uploads\/2025\/07\/WhatsApp-Image-2025-07-28-at-18.42.27.jpeg",1600,904,false],"newsever-slider-full":["https:\/\/novosaopaulo.com.br\/n1\/wp-content\/uploads\/2025\/07\/WhatsApp-Image-2025-07-28-at-18.42.27-1280x845.jpeg",1280,845,true],"newsever-featured":["https:\/\/novosaopaulo.com.br\/n1\/wp-content\/uploads\/2025\/07\/WhatsApp-Image-2025-07-28-at-18.42.27-1024x579.jpeg",1024,579,true],"newsever-medium":["https:\/\/novosaopaulo.com.br\/n1\/wp-content\/uploads\/2025\/07\/WhatsApp-Image-2025-07-28-at-18.42.27-720x475.jpeg",720,475,true]},"author_info":{"display_name":"Reda\u00e7\u00e3o","author_link":"https:\/\/novosaopaulo.com.br\/n1\/author\/g5poa\/"},"category_info":"<a href=\"https:\/\/novosaopaulo.com.br\/n1\/category\/joao-costa\/\" rel=\"category tag\">Jo\u00e3o Costa<\/a>","tag_info":"Jo\u00e3o Costa","comment_count":"0","_links":{"self":[{"href":"https:\/\/novosaopaulo.com.br\/n1\/wp-json\/wp\/v2\/posts\/25092"}],"collection":[{"href":"https:\/\/novosaopaulo.com.br\/n1\/wp-json\/wp\/v2\/posts"}],"about":[{"href":"https:\/\/novosaopaulo.com.br\/n1\/wp-json\/wp\/v2\/types\/post"}],"author":[{"embeddable":true,"href":"https:\/\/novosaopaulo.com.br\/n1\/wp-json\/wp\/v2\/users\/1"}],"replies":[{"embeddable":true,"href":"https:\/\/novosaopaulo.com.br\/n1\/wp-json\/wp\/v2\/comments?post=25092"}],"version-history":[{"count":1,"href":"https:\/\/novosaopaulo.com.br\/n1\/wp-json\/wp\/v2\/posts\/25092\/revisions"}],"predecessor-version":[{"id":25094,"href":"https:\/\/novosaopaulo.com.br\/n1\/wp-json\/wp\/v2\/posts\/25092\/revisions\/25094"}],"wp:featuredmedia":[{"embeddable":true,"href":"https:\/\/novosaopaulo.com.br\/n1\/wp-json\/wp\/v2\/media\/25093"}],"wp:attachment":[{"href":"https:\/\/novosaopaulo.com.br\/n1\/wp-json\/wp\/v2\/media?parent=25092"}],"wp:term":[{"taxonomy":"category","embeddable":true,"href":"https:\/\/novosaopaulo.com.br\/n1\/wp-json\/wp\/v2\/categories?post=25092"},{"taxonomy":"post_tag","embeddable":true,"href":"https:\/\/novosaopaulo.com.br\/n1\/wp-json\/wp\/v2\/tags?post=25092"}],"curies":[{"name":"wp","href":"https:\/\/api.w.org\/{rel}","templated":true}]}}