{"id":25081,"date":"2025-07-28T17:26:42","date_gmt":"2025-07-28T20:26:42","guid":{"rendered":"https:\/\/novosaopaulo.com.br\/n1\/?p=25081"},"modified":"2025-07-28T17:26:43","modified_gmt":"2025-07-28T20:26:43","slug":"luzes-cameras-primavera-do-leste","status":"publish","type":"post","link":"https:\/\/novosaopaulo.com.br\/n1\/luzes-cameras-primavera-do-leste\/","title":{"rendered":"Luzes, c\u00e2meras&#8230; primavera do Leste!"},"content":{"rendered":"\n<p>Exibi\u00e7\u00e3o especial dos filmes do projeto &#8220;cinema na palma da m\u00e3o&#8221; e estreia de &#8220;O amor de Deus&#8221; acontece dia 1\u00ba de agosto. <\/p>\n\n\n\n<p>Se o cinema \u00e9 a s\u00e9tima arte, essa noite promete ser digna de Oscar! No dia 1\u00ba de agosto de 2025 (sexta-feira), o Teatro Municipal de Primavera do Leste (MT) se transforma em uma verdadeira sala de exibi\u00e7\u00e3o \u2014 com tapete! vermelho, bastidores vibrantes e grandes talentos locais \u2014 para a apresenta\u00e7\u00e3o dos filmes produzidos pelo projeto Cinema na Palma da M\u00e3o.<\/p>\n\n\n\n<p>A sess\u00e3o come\u00e7a \u00e0s 18h, com entrada gratuita e cora\u00e7\u00e3o aberto! Uma programa\u00e7\u00e3o que mistura emo\u00e7\u00e3o, aplausos e o melhor da criatividade regional.<\/p>\n\n\n\n<p>Na mesma noite, teremos a apresenta\u00e7\u00e3o da Academia de m\u00fasicas de Primavera do Leste e ser\u00e1 exibido o aguardado longa-metragem \u201cO Amor de Deus\u201d, com dire\u00e7\u00e3o de Bellamir Freire, que estar\u00e1 presente ao lado de parte do elenco que estar\u00e3o sendo representantados pelos atores Elton Carlos e Carlos Jer\u00f4nimo que receber\u00e3o uma homenagem pelo trabalho no filme!\u2014 que abrilhantam a produ\u00e7\u00e3o com atua\u00e7\u00f5es intensas e tocantes.<\/p>\n\n\n\n<p>E no final, aquele coquetel para os convidados presentes para um bate papo, fotos e um network!<br>A produ\u00e7\u00e3o do projeto \u00e9 assinada por Sebasti\u00e3o Moreira e Elton Carlos, que tamb\u00e9m atua no longa Amor de Deus, a coordena\u00e7\u00e3o do Cinema na Palma da M\u00e3o \u00e9 do Cineasta Bellamir Freire.<br>E para deixar tudo ainda mais cinematogr\u00e1fico, haver\u00e1 a entrega de certificados para os participantes do projeto e pr\u00eamios especiais para os destaques das produ\u00e7\u00f5es, em categorias como Melhor Filme, melhor Dire\u00e7\u00e3o, melhor fotografia, melhor originalidade, melhor coletividade, melhor som, melhor filme de inclus\u00e3o, melhor Criatividade, melhor inclus\u00e3o E entre outros!<\/p>\n\n\n\n<p>Tudo isso \u00e9 poss\u00edvel gra\u00e7as \u00e0 realiza\u00e7\u00e3o da Prefeitura Municipal e da Secretaria Municipal de Cultura de Primavera do Leste, com apoio do SEST SENAT e da Escola Alda Scopel Copel \u2014 juntos, promovendo arte, forma\u00e7\u00e3o e valorizando a juventude que cria com o que tem: o celular na m\u00e3o e a mente cheia de ideias.<\/p>\n\n\n\n<p>O filme \u201cO Amor de Deus\u201d traz no elenco Raphael Montagner, Mariza Marquetti, Laila Fria\u00e7a, Gyselle Soares, Giseli Abra, e um grande elenco, em uma hist\u00f3ria que toca a f\u00e9, o amor e os caminhos de transforma\u00e7\u00e3o pessoal.<\/p>\n\n\n\n<p><br>Teremos a Exibi\u00e7\u00e3o dos filmes do projeto \u201cCinema na Palma da M\u00e3o\u201d e estreia do longa \u201cO Amor de Deus\u201d<br>Quando: Sexta-feira, 1\u00ba de agosto de 2025, \u00e0s 18h<br>Onde: Teatro Municipal de Primavera do Leste (MT)<br>Quanto: Entrada gratuita<\/p>\n\n\n\n<figure class=\"wp-block-gallery has-nested-images columns-default is-cropped wp-block-gallery-1 is-layout-flex wp-block-gallery-is-layout-flex\">\n<figure class=\"wp-block-image size-large\"><img fetchpriority=\"high\" decoding=\"async\" width=\"780\" height=\"439\" data-id=\"25083\" src=\"https:\/\/novosaopaulo.com.br\/n1\/wp-content\/uploads\/2025\/07\/IMG_20250715_183559.jpg\" alt=\"\" class=\"wp-image-25083\" srcset=\"https:\/\/novosaopaulo.com.br\/n1\/wp-content\/uploads\/2025\/07\/IMG_20250715_183559.jpg 780w, https:\/\/novosaopaulo.com.br\/n1\/wp-content\/uploads\/2025\/07\/IMG_20250715_183559-300x169.jpg 300w, https:\/\/novosaopaulo.com.br\/n1\/wp-content\/uploads\/2025\/07\/IMG_20250715_183559-768x432.jpg 768w\" sizes=\"(max-width: 780px) 100vw, 780px\" \/><\/figure>\n<\/figure>\n","protected":false},"excerpt":{"rendered":"<p>Exibi\u00e7\u00e3o especial dos filmes do projeto &#8220;cinema na palma da m\u00e3o&#8221; e estreia de &#8220;O&#8230;<\/p>\n","protected":false},"author":1,"featured_media":25082,"comment_status":"open","ping_status":"open","sticky":false,"template":"","format":"standard","meta":{"footnotes":""},"categories":[38],"tags":[],"featured_image_urls":{"full":["https:\/\/novosaopaulo.com.br\/n1\/wp-content\/uploads\/2025\/07\/IMG_20250711_215849.jpg",910,512,false],"thumbnail":["https:\/\/novosaopaulo.com.br\/n1\/wp-content\/uploads\/2025\/07\/IMG_20250711_215849-150x150.jpg",150,150,true],"medium":["https:\/\/novosaopaulo.com.br\/n1\/wp-content\/uploads\/2025\/07\/IMG_20250711_215849-300x169.jpg",300,169,true],"medium_large":["https:\/\/novosaopaulo.com.br\/n1\/wp-content\/uploads\/2025\/07\/IMG_20250711_215849-768x432.jpg",640,360,true],"large":["https:\/\/novosaopaulo.com.br\/n1\/wp-content\/uploads\/2025\/07\/IMG_20250711_215849.jpg",640,360,false],"1536x1536":["https:\/\/novosaopaulo.com.br\/n1\/wp-content\/uploads\/2025\/07\/IMG_20250711_215849.jpg",910,512,false],"2048x2048":["https:\/\/novosaopaulo.com.br\/n1\/wp-content\/uploads\/2025\/07\/IMG_20250711_215849.jpg",910,512,false],"newsever-slider-full":["https:\/\/novosaopaulo.com.br\/n1\/wp-content\/uploads\/2025\/07\/IMG_20250711_215849.jpg",910,512,false],"newsever-featured":["https:\/\/novosaopaulo.com.br\/n1\/wp-content\/uploads\/2025\/07\/IMG_20250711_215849.jpg",910,512,false],"newsever-medium":["https:\/\/novosaopaulo.com.br\/n1\/wp-content\/uploads\/2025\/07\/IMG_20250711_215849-720x475.jpg",720,475,true]},"author_info":{"display_name":"Reda\u00e7\u00e3o","author_link":"https:\/\/novosaopaulo.com.br\/n1\/author\/g5poa\/"},"category_info":"<a href=\"https:\/\/novosaopaulo.com.br\/n1\/category\/joao-costa\/\" rel=\"category tag\">Jo\u00e3o Costa<\/a>","tag_info":"Jo\u00e3o Costa","comment_count":"0","_links":{"self":[{"href":"https:\/\/novosaopaulo.com.br\/n1\/wp-json\/wp\/v2\/posts\/25081"}],"collection":[{"href":"https:\/\/novosaopaulo.com.br\/n1\/wp-json\/wp\/v2\/posts"}],"about":[{"href":"https:\/\/novosaopaulo.com.br\/n1\/wp-json\/wp\/v2\/types\/post"}],"author":[{"embeddable":true,"href":"https:\/\/novosaopaulo.com.br\/n1\/wp-json\/wp\/v2\/users\/1"}],"replies":[{"embeddable":true,"href":"https:\/\/novosaopaulo.com.br\/n1\/wp-json\/wp\/v2\/comments?post=25081"}],"version-history":[{"count":1,"href":"https:\/\/novosaopaulo.com.br\/n1\/wp-json\/wp\/v2\/posts\/25081\/revisions"}],"predecessor-version":[{"id":25084,"href":"https:\/\/novosaopaulo.com.br\/n1\/wp-json\/wp\/v2\/posts\/25081\/revisions\/25084"}],"wp:featuredmedia":[{"embeddable":true,"href":"https:\/\/novosaopaulo.com.br\/n1\/wp-json\/wp\/v2\/media\/25082"}],"wp:attachment":[{"href":"https:\/\/novosaopaulo.com.br\/n1\/wp-json\/wp\/v2\/media?parent=25081"}],"wp:term":[{"taxonomy":"category","embeddable":true,"href":"https:\/\/novosaopaulo.com.br\/n1\/wp-json\/wp\/v2\/categories?post=25081"},{"taxonomy":"post_tag","embeddable":true,"href":"https:\/\/novosaopaulo.com.br\/n1\/wp-json\/wp\/v2\/tags?post=25081"}],"curies":[{"name":"wp","href":"https:\/\/api.w.org\/{rel}","templated":true}]}}