{"id":25079,"date":"2025-07-28T17:22:53","date_gmt":"2025-07-28T20:22:53","guid":{"rendered":"https:\/\/novosaopaulo.com.br\/n1\/?p=25079"},"modified":"2025-07-28T17:22:53","modified_gmt":"2025-07-28T20:22:53","slug":"eua-endurecem-o-dialogo-com-o-brasil","status":"publish","type":"post","link":"https:\/\/novosaopaulo.com.br\/n1\/eua-endurecem-o-dialogo-com-o-brasil\/","title":{"rendered":"EUA endurecem o di\u00e1logo com o Brasil"},"content":{"rendered":"\n<p>Donald Trump diz que os EUA n\u00e3o v\u00e3o adiar prazo para a imposi\u00e7\u00e3o da tarifa de 50% \u00e0s importa\u00e7\u00f5es de produtos brasileiros por aquele pa\u00eds. O novo tributo come\u00e7ar\u00e1 a ser cobrado sobre os valores das mercadorias desembarcadas em territ\u00f3rio estadunidense a partir das pr\u00f3xima sexta-feira, 1\u00b0 de agosto, declarou o presidente ao desembarcar na Esc\u00f3cia, onde reuniu-se com Ursula von der Layen, presidente da Uni\u00e3o Europ\u00e9ia para discutir a redu\u00e7\u00e3o de 30 para 15% da tarifa sobre os produtos adquiridos dos pa\u00edses europeus.<\/p>\n\n\n\n<pre class=\"wp-block-code\"><code>     Recorde-se que, convocado pelo presidente Lula, o Vice Presidente Geraldo Alckmin vem se movimentando para baixar o percentual da tarifa ou, pelo menos o retardo de tr\u00eas meses de sua entrada em vigor. Mas Trump e Howarde Kutnik, o secret\u00e1rio do Com\u00e9rcio dos EUA, como quem Alckmin vem conversando, disseram no ultimo fim de semana que as novas tarifas de importa\u00e7\u00e3o entram em vigor em 1\u00ba de agosto e isso n\u00e3o impede que os parceiros comerciais continuem negociando com os EUA, mas j\u00e1 pagando tributo maior e tendo seus produtos com menor competitividade no mercado norteamericano.\n     As novas tarifas de importa\u00e7\u00e3o atingem as dezenas \u2013 possivelmente mais de uma centena de parceiros comerciais dos EUA e s\u00e3o diferenciadas pois decorrem da situa\u00e7\u00e3o da rela\u00e7\u00e3o  comercial com cada um deles e at\u00e9 de quest\u00f5es pol\u00edticas \u2013 como o caso do Brasil, onde Trump definiu o percentual de imposto levando em considera\u00e7\u00e3o quest\u00f5es pol\u00edticas e ideol\u00f3gicas, al\u00e9m do relacionamento mercantil. H\u00e1, inclusive, o impasse que envolve o ex-presidente Jair Bolsonaro (aliado de Trump) e as graves diverg\u00eancias do Supremo Tribunal Federal que, na vis\u00e3o dos norteamericanos, contrariam  as leis do seu pa\u00eds.\n     Apesar das novas declara\u00e7\u00f5es, somos de opini\u00e3o que o assunto n\u00e3o se esgotou e que Alckmin \u2013 e o pr\u00f3prio Lula \u2013 devem pressionar por baixa no percentual tarif\u00e1rio e dilata\u00e7\u00e3o do prazo em que a medida entrar\u00e1 em vigor. At\u00e9 porque, os empres\u00e1rios brasileiros que exportam \u00e0quele pa\u00eds ter\u00e3o grandes dificuldades a partir de quando tiverem de pagar elevado imposto para  colocar sua mercadoria na porta do cliente americano.\n     Cada dia fica mais claro que a grande dificuldades EUA-Brasil \u00e9 geopol\u00edtica. O que mais pega  atualmente \u00e9 o Brasil comprando \u00f3leo diesel da R\u00fassia, opera\u00e7\u00e3o que os americanos dizem servir para sustentar a guerra de Moscou com a Ucr\u00e2nia. A outra complica\u00e7\u00e3o \u00e9 o proselitismo que o presidente Lula tem feito pela cria\u00e7\u00e3o de uma moeda que possa substituir o d\u00f3lar nas rela\u00e7\u00f5es internacionais. Os pa\u00edses de grande economia e popula\u00e7\u00e3o \u2013 China, India, Comunidade Europe\u00eda e outros, inclusive pequenos, independente da ideologia, negociam quest\u00f5es concretas e com isso resolvem os problemas e os entraves aos seus interesses. Temos a certeza de que o Brasil ser\u00e1 bem sucedido se, em vez de teses e alinhamentos, se ocupar exclusivamente de quest\u00f5es concretas e de interesse da popula\u00e7\u00e3o. Jamais de diferen\u00e7as regionais, religiosas ou de qualquer outro matiz que leva \u00e0 separa\u00e7\u00e3o e ao confronto. Essas quest\u00f5es devem ser tratadas e moduladas pelos organismos internacionais e jamais por uma na\u00e7\u00e3o em particular.\n     Identificam-se como grandes instrumentos de press\u00e3o dos EUA sobre o Brasil o fato de sermos usu\u00e1rios (e dependentes) do GPS, sat\u00e9lites, e de servi\u00e7os das big techs Google, Meta, Amazon, Apple e outras que d\u00e3o vida \u00e0 internet e servi\u00e7os eletr\u00f4nicos globais. As amea\u00e7as de supertributa\u00e7\u00e3o, censura e san\u00e7\u00f5es a esse grupo de empresas, nos amea\u00e7am com a possibilidade de termos interrompido seus servi\u00e7os. Al\u00e9m do que elas prestam diretamernte, h\u00e1 o sinal que ap\u00f3ia a opera\u00e7\u00e3o de avi\u00f5es, equipamentos agr\u00edcolas, ind\u00fastrias, bancos e grande quantidade de servi\u00e7os e pontos de apoio \u00e0 internet, dos quais somos dependentes. Um dos servi\u00e7os que tende a nos levar ao colapso \u00e9 o controle de cart\u00f5es (de credito e debito), que \u00e9 mundial.<\/code><\/pre>\n\n\n\n<p>Defendemos a soberania nacional e n\u00e3o abrimos m\u00e3o da autodetermina\u00e7\u00e3o dos povos, inclusive n\u00f3s, os brasileiros. Mas temos de compreender que a vida num mundo globalizado e dependente de quem disp\u00f5e das tecnologias, exige cuidados e muita negocia\u00e7\u00e3o. A cruzada empreendida por Donald Trump mexe com todo o planeta e se as na\u00e7\u00f5es \u2013 inclusive os pr\u00f3prios EUA \u2013 n\u00e3o se cuidarem, pode acender o estopim da Terceira Guerra Mundial que, pela disponibilidade de tecnologia, se ocorrer, jamais poder\u00e1 ser comparada \u00e0 Primeira e Segunda Guerras, ambas convencionais. Um novo conflito global, com armas at\u00f4micas, comunica\u00e7\u00f5es de alto padr\u00e3o e velocidade e outras modernidades poder\u00e1 representar a dizima\u00e7\u00e3o da humanidade.<br>N\u00f3s, que vivemos no Brasil um tempo de polariza\u00e7\u00e3o pol\u00edtica e desintelig\u00eancias ideol\u00f3gicas, temos visto coisas inimagin\u00e1veis. As duas extremas (esquerda e direita) t\u00eam empreendido uma luta ingl\u00f3ria que em vez de apoiar o desenvolvimento, tem sucateado a Na\u00e7\u00e3o. A reelei\u00e7\u00e3o \u2013 que atendeu aos apetites eleitorais de presidentes, governadores e prefeitos durante quase tr\u00eas d\u00e9cadas, \u00e9 o combust\u00edvel para as grandes desaven\u00e7as hoje constante da pauta pol\u00edtica nacional e at\u00e9 internacional. Precisam todos os brasileiros dotados de algum tipo de lideran\u00e7a atentar para a responsabilidade que suas condi\u00e7\u00f5es emanam para trabalharem pela paz social e desenvolvimento das condi\u00e7\u00f5es de vida da popula\u00e7\u00e3o. Se n\u00e3o o fizerem, o futuro ser\u00e1 incerto e perigos\u00edssimo\u2026<\/p>\n\n\n\n<p>Tenente Dirceu Cardoso Gon\u00e7alves &#8211; dirigente da ASPOMIL (Associa\u00e7\u00e3o de Assist\u00eancia Social dos Policiais Militares de S\u00e3o Paulo).<\/p>\n","protected":false},"excerpt":{"rendered":"<p>Donald Trump diz que os EUA n\u00e3o v\u00e3o adiar prazo para a imposi\u00e7\u00e3o da tarifa&#8230;<\/p>\n","protected":false},"author":1,"featured_media":23327,"comment_status":"open","ping_status":"open","sticky":false,"template":"","format":"standard","meta":{"footnotes":""},"categories":[2],"tags":[],"featured_image_urls":{"full":["https:\/\/novosaopaulo.com.br\/n1\/wp-content\/uploads\/2025\/04\/Tenente-Dirceu-Cardoso-Goncalves.jpg",600,564,false],"thumbnail":["https:\/\/novosaopaulo.com.br\/n1\/wp-content\/uploads\/2025\/04\/Tenente-Dirceu-Cardoso-Goncalves-150x150.jpg",150,150,true],"medium":["https:\/\/novosaopaulo.com.br\/n1\/wp-content\/uploads\/2025\/04\/Tenente-Dirceu-Cardoso-Goncalves-300x282.jpg",300,282,true],"medium_large":["https:\/\/novosaopaulo.com.br\/n1\/wp-content\/uploads\/2025\/04\/Tenente-Dirceu-Cardoso-Goncalves.jpg",600,564,false],"large":["https:\/\/novosaopaulo.com.br\/n1\/wp-content\/uploads\/2025\/04\/Tenente-Dirceu-Cardoso-Goncalves.jpg",600,564,false],"1536x1536":["https:\/\/novosaopaulo.com.br\/n1\/wp-content\/uploads\/2025\/04\/Tenente-Dirceu-Cardoso-Goncalves.jpg",600,564,false],"2048x2048":["https:\/\/novosaopaulo.com.br\/n1\/wp-content\/uploads\/2025\/04\/Tenente-Dirceu-Cardoso-Goncalves.jpg",600,564,false],"newsever-slider-full":["https:\/\/novosaopaulo.com.br\/n1\/wp-content\/uploads\/2025\/04\/Tenente-Dirceu-Cardoso-Goncalves.jpg",600,564,false],"newsever-featured":["https:\/\/novosaopaulo.com.br\/n1\/wp-content\/uploads\/2025\/04\/Tenente-Dirceu-Cardoso-Goncalves.jpg",600,564,false],"newsever-medium":["https:\/\/novosaopaulo.com.br\/n1\/wp-content\/uploads\/2025\/04\/Tenente-Dirceu-Cardoso-Goncalves-600x475.jpg",600,475,true]},"author_info":{"display_name":"Reda\u00e7\u00e3o","author_link":"https:\/\/novosaopaulo.com.br\/n1\/author\/g5poa\/"},"category_info":"<a href=\"https:\/\/novosaopaulo.com.br\/n1\/category\/cidades\/\" rel=\"category tag\">Cidades<\/a>","tag_info":"Cidades","comment_count":"0","_links":{"self":[{"href":"https:\/\/novosaopaulo.com.br\/n1\/wp-json\/wp\/v2\/posts\/25079"}],"collection":[{"href":"https:\/\/novosaopaulo.com.br\/n1\/wp-json\/wp\/v2\/posts"}],"about":[{"href":"https:\/\/novosaopaulo.com.br\/n1\/wp-json\/wp\/v2\/types\/post"}],"author":[{"embeddable":true,"href":"https:\/\/novosaopaulo.com.br\/n1\/wp-json\/wp\/v2\/users\/1"}],"replies":[{"embeddable":true,"href":"https:\/\/novosaopaulo.com.br\/n1\/wp-json\/wp\/v2\/comments?post=25079"}],"version-history":[{"count":1,"href":"https:\/\/novosaopaulo.com.br\/n1\/wp-json\/wp\/v2\/posts\/25079\/revisions"}],"predecessor-version":[{"id":25080,"href":"https:\/\/novosaopaulo.com.br\/n1\/wp-json\/wp\/v2\/posts\/25079\/revisions\/25080"}],"wp:featuredmedia":[{"embeddable":true,"href":"https:\/\/novosaopaulo.com.br\/n1\/wp-json\/wp\/v2\/media\/23327"}],"wp:attachment":[{"href":"https:\/\/novosaopaulo.com.br\/n1\/wp-json\/wp\/v2\/media?parent=25079"}],"wp:term":[{"taxonomy":"category","embeddable":true,"href":"https:\/\/novosaopaulo.com.br\/n1\/wp-json\/wp\/v2\/categories?post=25079"},{"taxonomy":"post_tag","embeddable":true,"href":"https:\/\/novosaopaulo.com.br\/n1\/wp-json\/wp\/v2\/tags?post=25079"}],"curies":[{"name":"wp","href":"https:\/\/api.w.org\/{rel}","templated":true}]}}