{"id":25072,"date":"2025-07-26T12:10:30","date_gmt":"2025-07-26T15:10:30","guid":{"rendered":"https:\/\/novosaopaulo.com.br\/n1\/?p=25072"},"modified":"2025-07-26T12:10:31","modified_gmt":"2025-07-26T15:10:31","slug":"alckmin-senadores-e-a-solucao-ao-tarifaco-de-trump","status":"publish","type":"post","link":"https:\/\/novosaopaulo.com.br\/n1\/alckmin-senadores-e-a-solucao-ao-tarifaco-de-trump\/","title":{"rendered":"Alckmin, senadores e a solu\u00e7\u00e3o ao tarifa\u00e7o de Trump"},"content":{"rendered":"\n<p>Felizmente, neste momento, quando faltam poucos dias para a aplica\u00e7\u00e3o do tarifa\u00e7o anunciado pelo governo dos Estados Unidos &#8211; que acrescenta 50% de imposto de importa\u00e7\u00e3o \u00e0s nossas mercadorias enviadas \u00e0quele pa\u00eds \u2013 \u00e9 poss\u00edvel ver a luz no fim do t\u00fanel que pode levar \u00e0 solu\u00e7\u00e3o do problema. O vice-presidente Geraldo Alckmin, que tamb\u00e9m \u00e9 ministro de Ind\u00fastria, Com\u00e9rcio, Servi\u00e7os e Desenvolvimento &#8211; representando o Brasil, negocia com o secret\u00e1rio do Com\u00e9rcio dos Estados Unidos, Howard Kutnik, um programa onde os dois pa\u00edses refor\u00e7am seus investimentos e mitigam as dificuldades. Tudo deve come\u00e7ar pela revoga\u00e7\u00e3o do superimposto de 50% &#8211; o maior percentual designado aos pa\u00edses parceiros comerciais dos EUA. Poder\u00e1 n\u00e3o dar tempo para a total reforma do percentual at\u00e9 a pr\u00f3xima quinta-feira, dia 31, mas a porta estar\u00e1 aberta pelo menos para a prorroga\u00e7\u00e3o da entrada em vigor. Al\u00e9m do seu colega secret\u00e1rio, com quem conversou por videoconfer\u00eancia, Alckmin tamb\u00e9m teve encontros com os exportadores brasileiros e at\u00e9 com as big techs, em busca de potencializar as transa\u00e7\u00f5es e incentivar investimentos tanto do Brasil nos EUA quanto de l\u00e1 para o nosso territ\u00f3rio. Essa tem sido a t\u00f4nica dos acordos que o governo Trump vem fechando com outros pa\u00edses inclusos em tarifa\u00e7o. J\u00e1 o fez com China, Canad\u00e1, M\u00e9xico, \u00cdndia, Uni\u00e3o Europ\u00e9ia, Fran\u00e7a, Cor\u00e9ia do Sul e Jap\u00e3o.<br>Outro caminho rumo \u00e0 solu\u00e7\u00e3o do conflito \u00e9 a viagem aos EUA, iniciada nesta sexta-feira (25) pelos oito integrantes da Comiss\u00e3o de Rela\u00e7\u00f5es Exteriores e Defesa Nacional (CRE) do Senado. Eles revelaram que se reunir\u00e3o com parlamentares democratas e republicanos, empres\u00e1rios e especialistas em com\u00e9rcio em busca de informa\u00e7\u00f5es quanto \u00e0 melhor solu\u00e7\u00e3o do impasse.<br>Ao convocar o vice-presidente para abrir as conversa\u00e7\u00f5es, Lula fez bem principalmente pelo equil\u00edbrio do representante. Ap\u00f3s os entendimentos iniciais, Alckmin dever\u00e1 nos pr\u00f3ximos dias iniciar discuss\u00f5es sobre as queixas hoje pendentes em rela\u00e7\u00e3o dos dois pa\u00edses, como tarifas praticadas pelo Brasil e problemas com a Amaz\u00f4nia. Lula dificilmente teria obtido resultado, principalmente por seu posicionamento pol\u00edtico de esquerda \u2013 antag\u00f4nico ao direitista Donald Trump \u2013 e \u00e0s rela\u00e7\u00f5es que cultiva com advers\u00e1rios dos Estados Unidos, especialmente o Ir\u00e3 e Israel. Recordemos que o nosso presidente ap\u00f3ia o Ir\u00e3 e se op\u00f5e a Israel, exatamente o contr\u00e1rio do que faz o governo de Whashington. Escolher os parceiros \u00e9 um direito que todo governante tem, mas isso, em certas situa\u00e7\u00f5es, acaba trazendo dificuldades.<br>As outras quest\u00f5es apontadas como as que levaram Trump a definir o tarifa\u00e7o de 50% &#8211; as persegui\u00e7\u00f5es ao ex-presidente Jair Bolsonaro e as denunciadas l ilegaiidades do Supremo Tribunal Federal (STF) a empresas e cidad\u00e3os norte-americanos e brasileiros residentes nos EUA \u2013 caminham hoje para solu\u00e7\u00f5es que n\u00e3o dependem, necessariamente, do governo ou do Parlamento brasileiro. A quest\u00e3o Bolsonaro vai se ajeitando aos poucos e a desaven\u00e7a de Trump e seu governo com a corte e os ministros brasileiros (que tiveram seus vistos americanos suspensos) tendem a ser resolvidas atrav\u00e9s da Justi\u00e7a ou, at\u00e9, mediante entendimentos e negocia\u00e7\u00f5es entre as partes que possam ainda ser abertas.<br>O grande problema no estremecimento Brasil-Estados Unidos \u00e9 a tarifa de 50% do valor das mercadorias. O governo brasileiro pode retaliar e tamb\u00e9m cobrar elevados impostos das mercadorias que os EUA exportam para c\u00e1, mas a diferen\u00e7a de tamanho das economias dos dois pa\u00edses torna totalmente irrelevante a \u201cguerra comercial\u201d que essa medida provocaria. O bom \u00e9 que se confirmam as negocia\u00e7\u00f5es iniciadas por Alckmin e os exportadores brasileiros \u2013 desde os produtores de frutas at\u00e9 os montadores de avi\u00f5es \u2013 possam continuar colocando seus produtos no mercado da Am\u00e9rica do Norte com os mesmos impostos que recolhem at\u00e9 o presente. Se ocorrer algo diferente, nossos produtos perder\u00e3o competitividade mercadol\u00f3gica e n\u00e3o conseguiremos vend\u00ea-los. Isso sem falar de retalia\u00e7\u00f5es que poderemos sofrer junto aos outros aliados dos EUA, cuja maioria \u00e9 composta pelos que j\u00e1 s\u00e3o nossos parceiros.<br>Torcemos para que a pol\u00edtica comercial implantada por Donald Trump encontre logo seus par\u00e2metros e os parceiros dos EUA \u2013 inclusive n\u00f3s \u2013 encontremos tranquilidade para trabalhar e cumprir a melhor performance, garantindo faturamento econ\u00f4mico ao pa\u00eds e o emprego da popula\u00e7\u00e3o. Que as diferen\u00e7a pol\u00edticas e ideol\u00f3gica e os rompantes dos dois governantes n\u00e3o inviabilizem as possibilidades de acordo\u2026<br>Tenente Dirceu Cardoso Gon\u00e7alves &#8211; dirigente da ASPOMIL (Associa\u00e7\u00e3o de Assist\u00eancia Social dos Policiais Militares de S\u00e3o Paulo).<\/p>\n","protected":false},"excerpt":{"rendered":"<p>Felizmente, neste momento, quando faltam poucos dias para a aplica\u00e7\u00e3o do tarifa\u00e7o anunciado pelo governo&#8230;<\/p>\n","protected":false},"author":1,"featured_media":23327,"comment_status":"open","ping_status":"open","sticky":false,"template":"","format":"standard","meta":{"footnotes":""},"categories":[2],"tags":[],"featured_image_urls":{"full":["https:\/\/novosaopaulo.com.br\/n1\/wp-content\/uploads\/2025\/04\/Tenente-Dirceu-Cardoso-Goncalves.jpg",600,564,false],"thumbnail":["https:\/\/novosaopaulo.com.br\/n1\/wp-content\/uploads\/2025\/04\/Tenente-Dirceu-Cardoso-Goncalves-150x150.jpg",150,150,true],"medium":["https:\/\/novosaopaulo.com.br\/n1\/wp-content\/uploads\/2025\/04\/Tenente-Dirceu-Cardoso-Goncalves-300x282.jpg",300,282,true],"medium_large":["https:\/\/novosaopaulo.com.br\/n1\/wp-content\/uploads\/2025\/04\/Tenente-Dirceu-Cardoso-Goncalves.jpg",600,564,false],"large":["https:\/\/novosaopaulo.com.br\/n1\/wp-content\/uploads\/2025\/04\/Tenente-Dirceu-Cardoso-Goncalves.jpg",600,564,false],"1536x1536":["https:\/\/novosaopaulo.com.br\/n1\/wp-content\/uploads\/2025\/04\/Tenente-Dirceu-Cardoso-Goncalves.jpg",600,564,false],"2048x2048":["https:\/\/novosaopaulo.com.br\/n1\/wp-content\/uploads\/2025\/04\/Tenente-Dirceu-Cardoso-Goncalves.jpg",600,564,false],"newsever-slider-full":["https:\/\/novosaopaulo.com.br\/n1\/wp-content\/uploads\/2025\/04\/Tenente-Dirceu-Cardoso-Goncalves.jpg",600,564,false],"newsever-featured":["https:\/\/novosaopaulo.com.br\/n1\/wp-content\/uploads\/2025\/04\/Tenente-Dirceu-Cardoso-Goncalves.jpg",600,564,false],"newsever-medium":["https:\/\/novosaopaulo.com.br\/n1\/wp-content\/uploads\/2025\/04\/Tenente-Dirceu-Cardoso-Goncalves-600x475.jpg",600,475,true]},"author_info":{"display_name":"Reda\u00e7\u00e3o","author_link":"https:\/\/novosaopaulo.com.br\/n1\/author\/g5poa\/"},"category_info":"<a href=\"https:\/\/novosaopaulo.com.br\/n1\/category\/cidades\/\" rel=\"category tag\">Cidades<\/a>","tag_info":"Cidades","comment_count":"0","_links":{"self":[{"href":"https:\/\/novosaopaulo.com.br\/n1\/wp-json\/wp\/v2\/posts\/25072"}],"collection":[{"href":"https:\/\/novosaopaulo.com.br\/n1\/wp-json\/wp\/v2\/posts"}],"about":[{"href":"https:\/\/novosaopaulo.com.br\/n1\/wp-json\/wp\/v2\/types\/post"}],"author":[{"embeddable":true,"href":"https:\/\/novosaopaulo.com.br\/n1\/wp-json\/wp\/v2\/users\/1"}],"replies":[{"embeddable":true,"href":"https:\/\/novosaopaulo.com.br\/n1\/wp-json\/wp\/v2\/comments?post=25072"}],"version-history":[{"count":1,"href":"https:\/\/novosaopaulo.com.br\/n1\/wp-json\/wp\/v2\/posts\/25072\/revisions"}],"predecessor-version":[{"id":25073,"href":"https:\/\/novosaopaulo.com.br\/n1\/wp-json\/wp\/v2\/posts\/25072\/revisions\/25073"}],"wp:featuredmedia":[{"embeddable":true,"href":"https:\/\/novosaopaulo.com.br\/n1\/wp-json\/wp\/v2\/media\/23327"}],"wp:attachment":[{"href":"https:\/\/novosaopaulo.com.br\/n1\/wp-json\/wp\/v2\/media?parent=25072"}],"wp:term":[{"taxonomy":"category","embeddable":true,"href":"https:\/\/novosaopaulo.com.br\/n1\/wp-json\/wp\/v2\/categories?post=25072"},{"taxonomy":"post_tag","embeddable":true,"href":"https:\/\/novosaopaulo.com.br\/n1\/wp-json\/wp\/v2\/tags?post=25072"}],"curies":[{"name":"wp","href":"https:\/\/api.w.org\/{rel}","templated":true}]}}