{"id":25068,"date":"2025-07-25T17:41:08","date_gmt":"2025-07-25T20:41:08","guid":{"rendered":"https:\/\/novosaopaulo.com.br\/n1\/?p=25068"},"modified":"2025-07-25T17:41:09","modified_gmt":"2025-07-25T20:41:09","slug":"poa-inicia-curso-piloto-de-cultivo-de-orquideas-e-visa-expandir-formacao-para-toda-populacao-em-2026","status":"publish","type":"post","link":"https:\/\/novosaopaulo.com.br\/n1\/poa-inicia-curso-piloto-de-cultivo-de-orquideas-e-visa-expandir-formacao-para-toda-populacao-em-2026\/","title":{"rendered":"Po\u00e1 inicia curso piloto de cultivo de orqu\u00eddeas e visa expandir forma\u00e7\u00e3o para toda popula\u00e7\u00e3o em 2026"},"content":{"rendered":"\n<p>Parceria entre Poder P\u00fablico e entidades do setor rural oferece a\u00e7\u00e3o in\u00e9dita e visa resgatar identidade hist\u00f3rica da cidade<\/p>\n\n\n\n<p>Com foco na capacita\u00e7\u00e3o e no incentivo ao resgate de um dos principais s\u00edmbolos de sua identidade, Po\u00e1 recebe seu primeiro curso de cultivo de orqu\u00eddeas nesta sexta-feira (25\/07). A forma\u00e7\u00e3o, que combina teoria e pr\u00e1tica em um total de 16 horas, \u00e9 resultado de uma parceria entre a Secretaria de Ind\u00fastria, Com\u00e9rcio, Emprego e Rela\u00e7\u00f5es do Trabalho, o Sindicato Rural de S\u00e3o Paulo, o Servi\u00e7o Nacional de Aprendizagem Rural (SENAR) e a Associa\u00e7\u00e3o Comercial e Industrial de Po\u00e1 (ACIPO\u00c1).<\/p>\n\n\n\n<p>A a\u00e7\u00e3o, que segue tamb\u00e9m neste s\u00e1bado (26), marca o primeiro de cinco projetos pilotos autorizados pelo SENAR em car\u00e1ter excepcional, gra\u00e7as \u00e0 interlocu\u00e7\u00e3o do presidente da entidade, Tirso Meirelles. A expectativa \u00e9 que, em 2026, a forma\u00e7\u00e3o seja aberta a toda a popula\u00e7\u00e3o de Po\u00e1, como parte do processo de inclus\u00e3o do munic\u00edpio no chamado \u201cRadar\u201d do SENAR, que \u00e9 uma rede de munic\u00edpios atendidos regularmente pela institui\u00e7\u00e3o.<\/p>\n\n\n\n<p>Atualmente, o Sindicato Rural de S\u00e3o Paulo possui uma base de atua\u00e7\u00e3o que abrange 30 munic\u00edpios, e Po\u00e1 dever\u00e1 ser oficialmente incorporada ao grupo no pr\u00f3ximo ano.<\/p>\n\n\n\n<p>Segundo a secret\u00e1ria de Ind\u00fastria e Com\u00e9rcio de Po\u00e1, Jeruza Reis, a iniciativa tem como um de seus principais objetivos resgatar uma das marcas hist\u00f3ricas da cidade. \u201cO projeto piloto sobre o cultivo de orqu\u00eddeas tem como objetivo formar futuros orquid\u00f3filos e resgatar a identidade de Po\u00e1 como a cidade da Festa das Orqu\u00eddeas. O evento tradicional, que faz parte do calend\u00e1rio municipal, celebra a import\u00e2ncia dessa esp\u00e9cie na hist\u00f3ria e na cultura do munic\u00edpio\u201d, ressaltou.<\/p>\n\n\n\n<p>A chefe da pasta, que contou com a participa\u00e7\u00e3o do secret\u00e1rio de Cultura, Paulo Barbosa, e a secret\u00e1ria de Turismo, Debora de Lucrezio, na aula inaugural, destacou ainda que o apoio do presidente do Sindicato Rural de S\u00e3o Paulo, Yuichi Ide, foi essencial para viabilizar a inclus\u00e3o de Po\u00e1 neste projeto piloto.<\/p>\n\n\n\n<p>\u201cAgrade\u00e7o tamb\u00e9m \u00e0 sensibilidade e \u00e0 vis\u00e3o do presidente Tirso Meirelles e de toda equipe do Sindicato Rural, que nos ajudou a trazer essa a\u00e7\u00e3o para o munic\u00edpio, mesmo antes da integra\u00e7\u00e3o oficial \u00e0 base de atendimento. Isso mostra o quanto a cidade pode ganhar com parcerias que valorizam a cultura e abrem novas perspectivas de forma\u00e7\u00e3o\u201d, completou.<\/p>\n\n\n\n<p>O prefeito Saulo Souza comentou a import\u00e2ncia da iniciativa para o munic\u00edpio. \u201cA realiza\u00e7\u00e3o deste curso representa um reencontro com a nossa hist\u00f3ria e um avan\u00e7o no fortalecimento de Po\u00e1 como cidade da cultura, do conhecimento e das oportunidades\u201d, declarou.<\/p>\n\n\n\n<p>Curso<br>O curso \u00e9 ministrado pela professora do SENAR, Maria Adiarla Rodrigues, que possui 15 anos de atua\u00e7\u00e3o na \u00e1rea de jardinagem e orqu\u00eddeas. A capacita\u00e7\u00e3o abrange desde no\u00e7\u00f5es b\u00e1sicas sobre o cuidado com as plantas at\u00e9 t\u00e9cnicas para preven\u00e7\u00e3o e combate a pragas, al\u00e9m de orienta\u00e7\u00f5es sobre preparo e comercializa\u00e7\u00e3o das orqu\u00eddeas. O conte\u00fado combina teoria e pr\u00e1tica, e os participantes receber\u00e3o certificado com validade em todo o territ\u00f3rio nacional.<\/p>\n\n\n\n<p>\u201c\u00c9 uma grande honra, em nome do Sindicato Rural de S\u00e3o Paulo, poder contribuir com o fortalecimento da tradi\u00e7\u00e3o das orqu\u00eddeas em Po\u00e1. Essa forma\u00e7\u00e3o pode gerar oportunidades tanto pessoais quanto profissionais para os participantes, especialmente em uma \u00e1rea que tem forte apelo est\u00e9tico e comercial\u201d, destacou a instrutora.<\/p>\n\n\n\n<p>Fotos: Nivaldo Alves<\/p>\n","protected":false},"excerpt":{"rendered":"<p>Parceria entre Poder P\u00fablico e entidades do setor rural oferece a\u00e7\u00e3o in\u00e9dita e visa resgatar&#8230;<\/p>\n","protected":false},"author":1,"featured_media":25069,"comment_status":"open","ping_status":"open","sticky":false,"template":"","format":"standard","meta":{"footnotes":""},"categories":[8],"tags":[],"featured_image_urls":{"full":["https:\/\/novosaopaulo.com.br\/n1\/wp-content\/uploads\/2025\/07\/WhatsApp-Image-2025-07-25-at-17.27.47.jpeg",1280,853,false],"thumbnail":["https:\/\/novosaopaulo.com.br\/n1\/wp-content\/uploads\/2025\/07\/WhatsApp-Image-2025-07-25-at-17.27.47-150x150.jpeg",150,150,true],"medium":["https:\/\/novosaopaulo.com.br\/n1\/wp-content\/uploads\/2025\/07\/WhatsApp-Image-2025-07-25-at-17.27.47-300x200.jpeg",300,200,true],"medium_large":["https:\/\/novosaopaulo.com.br\/n1\/wp-content\/uploads\/2025\/07\/WhatsApp-Image-2025-07-25-at-17.27.47-768x512.jpeg",640,427,true],"large":["https:\/\/novosaopaulo.com.br\/n1\/wp-content\/uploads\/2025\/07\/WhatsApp-Image-2025-07-25-at-17.27.47-1024x682.jpeg",640,426,true],"1536x1536":["https:\/\/novosaopaulo.com.br\/n1\/wp-content\/uploads\/2025\/07\/WhatsApp-Image-2025-07-25-at-17.27.47.jpeg",1280,853,false],"2048x2048":["https:\/\/novosaopaulo.com.br\/n1\/wp-content\/uploads\/2025\/07\/WhatsApp-Image-2025-07-25-at-17.27.47.jpeg",1280,853,false],"newsever-slider-full":["https:\/\/novosaopaulo.com.br\/n1\/wp-content\/uploads\/2025\/07\/WhatsApp-Image-2025-07-25-at-17.27.47-1280x845.jpeg",1280,845,true],"newsever-featured":["https:\/\/novosaopaulo.com.br\/n1\/wp-content\/uploads\/2025\/07\/WhatsApp-Image-2025-07-25-at-17.27.47-1024x682.jpeg",1024,682,true],"newsever-medium":["https:\/\/novosaopaulo.com.br\/n1\/wp-content\/uploads\/2025\/07\/WhatsApp-Image-2025-07-25-at-17.27.47-720x475.jpeg",720,475,true]},"author_info":{"display_name":"Reda\u00e7\u00e3o","author_link":"https:\/\/novosaopaulo.com.br\/n1\/author\/g5poa\/"},"category_info":"<a href=\"https:\/\/novosaopaulo.com.br\/n1\/category\/poa\/\" rel=\"category tag\">Po\u00e1<\/a>","tag_info":"Po\u00e1","comment_count":"0","_links":{"self":[{"href":"https:\/\/novosaopaulo.com.br\/n1\/wp-json\/wp\/v2\/posts\/25068"}],"collection":[{"href":"https:\/\/novosaopaulo.com.br\/n1\/wp-json\/wp\/v2\/posts"}],"about":[{"href":"https:\/\/novosaopaulo.com.br\/n1\/wp-json\/wp\/v2\/types\/post"}],"author":[{"embeddable":true,"href":"https:\/\/novosaopaulo.com.br\/n1\/wp-json\/wp\/v2\/users\/1"}],"replies":[{"embeddable":true,"href":"https:\/\/novosaopaulo.com.br\/n1\/wp-json\/wp\/v2\/comments?post=25068"}],"version-history":[{"count":1,"href":"https:\/\/novosaopaulo.com.br\/n1\/wp-json\/wp\/v2\/posts\/25068\/revisions"}],"predecessor-version":[{"id":25070,"href":"https:\/\/novosaopaulo.com.br\/n1\/wp-json\/wp\/v2\/posts\/25068\/revisions\/25070"}],"wp:featuredmedia":[{"embeddable":true,"href":"https:\/\/novosaopaulo.com.br\/n1\/wp-json\/wp\/v2\/media\/25069"}],"wp:attachment":[{"href":"https:\/\/novosaopaulo.com.br\/n1\/wp-json\/wp\/v2\/media?parent=25068"}],"wp:term":[{"taxonomy":"category","embeddable":true,"href":"https:\/\/novosaopaulo.com.br\/n1\/wp-json\/wp\/v2\/categories?post=25068"},{"taxonomy":"post_tag","embeddable":true,"href":"https:\/\/novosaopaulo.com.br\/n1\/wp-json\/wp\/v2\/tags?post=25068"}],"curies":[{"name":"wp","href":"https:\/\/api.w.org\/{rel}","templated":true}]}}