{"id":25057,"date":"2025-07-25T15:56:21","date_gmt":"2025-07-25T18:56:21","guid":{"rendered":"https:\/\/novosaopaulo.com.br\/n1\/?p=25057"},"modified":"2025-07-25T15:56:22","modified_gmt":"2025-07-25T18:56:22","slug":"itaqua-forma-mais-de-160-professores-em-cultura-de-conciliacao-nas-escolas","status":"publish","type":"post","link":"https:\/\/novosaopaulo.com.br\/n1\/itaqua-forma-mais-de-160-professores-em-cultura-de-conciliacao-nas-escolas\/","title":{"rendered":"Itaqu\u00e1 forma mais de 160 professores em cultura de concilia\u00e7\u00e3o nas escolas"},"content":{"rendered":"\n<p>A\u00e7\u00e3o realizada em parceria com o Tribunal Regional Federal ser\u00e1 expandida para 30 unidades de ensino fundamental<\/p>\n\n\n\n<p>Mais de 160 professores da rede municipal de Itaquaquecetuba participaram, na quinta-feira (24), de uma forma\u00e7\u00e3o sobre pr\u00e1ticas de concilia\u00e7\u00e3o e resolu\u00e7\u00e3o pac\u00edfica de conflitos no ambiente escolar. A a\u00e7\u00e3o faz parte do projeto &#8220;De pequeno \u00e9 que se aprende a conciliar&#8221;, desenvolvido pelo Tribunal Regional Federal da 3\u00aa Regi\u00e3o (TRF-3), em parceria com a Secretaria de Educa\u00e7\u00e3o.<\/p>\n\n\n\n<p>Atualmente implantado em quatro escolas de ensino fundamental de tempo integral, o projeto ser\u00e1 expandido para 30 unidades escolares alcan\u00e7ando estudantes, professores e equipes gestoras com uma abordagem estruturada sobre cultura de paz, di\u00e1logo e empatia.<\/p>\n\n\n\n<p>A capacita\u00e7\u00e3o foi conduzida pelo juiz federal e coordenador da Central de Concilia\u00e7\u00e3o do Estado de S\u00e3o Paulo, Paulo Marcos Rodrigues de Almeida, e aconteceu no Centro Municipal de Avalia\u00e7\u00e3o Educacional de Itaquaquecetuba (CMAEI).<\/p>\n\n\n\n<p>&#8220;Essa forma\u00e7\u00e3o \u00e9 uma semente que pode mudar gera\u00e7\u00f5es. Trabalhar a concilia\u00e7\u00e3o desde a inf\u00e2ncia forma cidad\u00e3os mais conscientes, respeitosos e preparados para viver em sociedade&#8221;, afirmou o juiz.<\/p>\n\n\n\n<p>A secret\u00e1ria de Educa\u00e7\u00e3o, Maria Cristina Perpetuo, participou da forma\u00e7\u00e3o e explicou que a estrat\u00e9gia \u00e9 uma pol\u00edtica p\u00fablica educacional que vai al\u00e9m do ensino tradicional. &#8220;Estamos investindo em um novo olhar para a educa\u00e7\u00e3o, que entende o papel da escola tamb\u00e9m como promotora de bem-estar, sa\u00fade emocional e cidadania. A concilia\u00e7\u00e3o \u00e9 uma ferramenta poderosa nesse caminho\u201d, destacou.<\/p>\n\n\n\n<p>O projeto j\u00e1 apresenta resultados positivos com a redu\u00e7\u00e3o de 30% nos conflitos escolares nas unidades que atuam com media\u00e7\u00e3o de forma ativa. A metodologia tamb\u00e9m est\u00e1 em sintonia com as diretrizes do Conselho Nacional de Justi\u00e7a (CNJ) para media\u00e7\u00e3o e pr\u00e1ticas restaurativas no ambiente escolar.<\/p>\n\n\n\n<p>A idealizadora do projeto e conciliadora do Juizado Federal de S\u00e3o Paulo, Rosane Sanches Antunes, refor\u00e7ou a import\u00e2ncia de aproximar a Justi\u00e7a da escola. &#8220;A concilia\u00e7\u00e3o nos ensina que o di\u00e1logo \u00e9 poss\u00edvel mesmo nos momentos mais dif\u00edceis. Essa constru\u00e7\u00e3o come\u00e7a com as crian\u00e7as e se reflete em toda a comunidade escolar&#8221;, comentou. Ela \u00e9 autora do livro &#8220;Ava e os Quadradinhos&#8221;, destinado aos estudantes do ensino fundamental e traz uma abordagem global das ferramentas de concilia\u00e7\u00e3o.<\/p>\n\n\n\n<p>\u201cQuando cuidamos da escola, cuidamos da base da nossa cidade. A concilia\u00e7\u00e3o \u00e9 investir na paz e no futuro das crian\u00e7as. Nosso objetivo com a expans\u00e3o para as 30 escolas \u00e9 consolidar Itaquaquecetuba como refer\u00eancia nacional em pr\u00e1ticas de media\u00e7\u00e3o e concilia\u00e7\u00e3o escolar&#8221;, finalizou o prefeito Eduardo Boigues.<\/p>\n\n\n\n<p>Fotos: Aline Sabino<\/p>\n\n\n\n<figure class=\"wp-block-gallery has-nested-images columns-default is-cropped wp-block-gallery-1 is-layout-flex wp-block-gallery-is-layout-flex\">\n<figure class=\"wp-block-image size-large\"><a href=\"https:\/\/novosaopaulo.com.br\/n1\/wp-content\/uploads\/2025\/07\/WhatsApp-Image-2025-07-25-at-14.21.58-1.jpeg\" target=\"_blank\" rel=\"noopener\"><img fetchpriority=\"high\" decoding=\"async\" width=\"672\" height=\"896\" data-id=\"25059\" src=\"https:\/\/novosaopaulo.com.br\/n1\/wp-content\/uploads\/2025\/07\/WhatsApp-Image-2025-07-25-at-14.21.58-1.jpeg\" alt=\"\" class=\"wp-image-25059\" srcset=\"https:\/\/novosaopaulo.com.br\/n1\/wp-content\/uploads\/2025\/07\/WhatsApp-Image-2025-07-25-at-14.21.58-1.jpeg 672w, https:\/\/novosaopaulo.com.br\/n1\/wp-content\/uploads\/2025\/07\/WhatsApp-Image-2025-07-25-at-14.21.58-1-225x300.jpeg 225w\" sizes=\"(max-width: 672px) 100vw, 672px\" \/><\/a><\/figure>\n\n\n\n<figure class=\"wp-block-image size-large\"><a href=\"https:\/\/novosaopaulo.com.br\/n1\/wp-content\/uploads\/2025\/07\/WhatsApp-Image-2025-07-25-at-14.22.00.jpeg\" target=\"_blank\" rel=\"noopener\"><img decoding=\"async\" width=\"640\" height=\"480\" data-id=\"25058\" src=\"https:\/\/novosaopaulo.com.br\/n1\/wp-content\/uploads\/2025\/07\/WhatsApp-Image-2025-07-25-at-14.22.00.jpeg\" alt=\"\" class=\"wp-image-25058\" srcset=\"https:\/\/novosaopaulo.com.br\/n1\/wp-content\/uploads\/2025\/07\/WhatsApp-Image-2025-07-25-at-14.22.00.jpeg 640w, https:\/\/novosaopaulo.com.br\/n1\/wp-content\/uploads\/2025\/07\/WhatsApp-Image-2025-07-25-at-14.22.00-300x225.jpeg 300w\" sizes=\"(max-width: 640px) 100vw, 640px\" \/><\/a><\/figure>\n<\/figure>\n","protected":false},"excerpt":{"rendered":"<p>A\u00e7\u00e3o realizada em parceria com o Tribunal Regional Federal ser\u00e1 expandida para 30 unidades de&#8230;<\/p>\n","protected":false},"author":1,"featured_media":25060,"comment_status":"open","ping_status":"open","sticky":false,"template":"","format":"standard","meta":{"footnotes":""},"categories":[34],"tags":[],"featured_image_urls":{"full":["https:\/\/novosaopaulo.com.br\/n1\/wp-content\/uploads\/2025\/07\/WhatsApp-Image-2025-07-25-at-14.21.58.jpeg",896,672,false],"thumbnail":["https:\/\/novosaopaulo.com.br\/n1\/wp-content\/uploads\/2025\/07\/WhatsApp-Image-2025-07-25-at-14.21.58-150x150.jpeg",150,150,true],"medium":["https:\/\/novosaopaulo.com.br\/n1\/wp-content\/uploads\/2025\/07\/WhatsApp-Image-2025-07-25-at-14.21.58-300x225.jpeg",300,225,true],"medium_large":["https:\/\/novosaopaulo.com.br\/n1\/wp-content\/uploads\/2025\/07\/WhatsApp-Image-2025-07-25-at-14.21.58-768x576.jpeg",640,480,true],"large":["https:\/\/novosaopaulo.com.br\/n1\/wp-content\/uploads\/2025\/07\/WhatsApp-Image-2025-07-25-at-14.21.58.jpeg",640,480,false],"1536x1536":["https:\/\/novosaopaulo.com.br\/n1\/wp-content\/uploads\/2025\/07\/WhatsApp-Image-2025-07-25-at-14.21.58.jpeg",896,672,false],"2048x2048":["https:\/\/novosaopaulo.com.br\/n1\/wp-content\/uploads\/2025\/07\/WhatsApp-Image-2025-07-25-at-14.21.58.jpeg",896,672,false],"newsever-slider-full":["https:\/\/novosaopaulo.com.br\/n1\/wp-content\/uploads\/2025\/07\/WhatsApp-Image-2025-07-25-at-14.21.58.jpeg",896,672,false],"newsever-featured":["https:\/\/novosaopaulo.com.br\/n1\/wp-content\/uploads\/2025\/07\/WhatsApp-Image-2025-07-25-at-14.21.58.jpeg",896,672,false],"newsever-medium":["https:\/\/novosaopaulo.com.br\/n1\/wp-content\/uploads\/2025\/07\/WhatsApp-Image-2025-07-25-at-14.21.58-720x475.jpeg",720,475,true]},"author_info":{"display_name":"Reda\u00e7\u00e3o","author_link":"https:\/\/novosaopaulo.com.br\/n1\/author\/g5poa\/"},"category_info":"<a href=\"https:\/\/novosaopaulo.com.br\/n1\/category\/alto-tiete\/\" rel=\"category tag\">Alto Tiet\u00ea<\/a>","tag_info":"Alto Tiet\u00ea","comment_count":"0","_links":{"self":[{"href":"https:\/\/novosaopaulo.com.br\/n1\/wp-json\/wp\/v2\/posts\/25057"}],"collection":[{"href":"https:\/\/novosaopaulo.com.br\/n1\/wp-json\/wp\/v2\/posts"}],"about":[{"href":"https:\/\/novosaopaulo.com.br\/n1\/wp-json\/wp\/v2\/types\/post"}],"author":[{"embeddable":true,"href":"https:\/\/novosaopaulo.com.br\/n1\/wp-json\/wp\/v2\/users\/1"}],"replies":[{"embeddable":true,"href":"https:\/\/novosaopaulo.com.br\/n1\/wp-json\/wp\/v2\/comments?post=25057"}],"version-history":[{"count":1,"href":"https:\/\/novosaopaulo.com.br\/n1\/wp-json\/wp\/v2\/posts\/25057\/revisions"}],"predecessor-version":[{"id":25061,"href":"https:\/\/novosaopaulo.com.br\/n1\/wp-json\/wp\/v2\/posts\/25057\/revisions\/25061"}],"wp:featuredmedia":[{"embeddable":true,"href":"https:\/\/novosaopaulo.com.br\/n1\/wp-json\/wp\/v2\/media\/25060"}],"wp:attachment":[{"href":"https:\/\/novosaopaulo.com.br\/n1\/wp-json\/wp\/v2\/media?parent=25057"}],"wp:term":[{"taxonomy":"category","embeddable":true,"href":"https:\/\/novosaopaulo.com.br\/n1\/wp-json\/wp\/v2\/categories?post=25057"},{"taxonomy":"post_tag","embeddable":true,"href":"https:\/\/novosaopaulo.com.br\/n1\/wp-json\/wp\/v2\/tags?post=25057"}],"curies":[{"name":"wp","href":"https:\/\/api.w.org\/{rel}","templated":true}]}}