{"id":25054,"date":"2025-07-24T19:50:40","date_gmt":"2025-07-24T22:50:40","guid":{"rendered":"https:\/\/novosaopaulo.com.br\/n1\/?p=25054"},"modified":"2025-07-24T19:50:41","modified_gmt":"2025-07-24T22:50:41","slug":"circos-festival-internacional-sesc-de-circo","status":"publish","type":"post","link":"https:\/\/novosaopaulo.com.br\/n1\/circos-festival-internacional-sesc-de-circo\/","title":{"rendered":"Circos &#8211; Festival Internacional Sesc de Circo"},"content":{"rendered":"\n<p>chega \u00e0 8\u00aa edi\u00e7\u00e3o de 8 a 24 de agosto<\/p>\n\n\n\n<p>Programa\u00e7\u00e3o passa pelas quatro regi\u00f5es da cidade e ocupa 14 unidades do Sesc e seis espa\u00e7os p\u00fablicos com 40 espet\u00e1culos, al\u00e9m de interven\u00e7\u00f5es e atividades formativas com artistas de nove estados brasileiros e representantes de 21 pa\u00edses<\/p>\n\n\n\n<p>Venda de ingressos on-line e presencial a partir das 12h do dia 25\/7 no aplicativo Credencial SescSP, no portal e nas bilheterias das unidades<\/p>\n\n\n\n<p>Fotos e v\u00eddeos para imprensa<\/p>\n\n\n\n<p>De 8 a 24 de agosto, a cidade de S\u00e3o Paulo recebe a 8\u00aa edi\u00e7\u00e3o do CIRCOS \u2013 Festival Internacional Sesc de Circo, reafirmando a linguagem como espa\u00e7o de escuta, mem\u00f3ria e resist\u00eancia. Com curadoria voltada \u00e0 pluralidade de vozes e est\u00e9ticas, o evento consolida-se como um dos principais encontros da produ\u00e7\u00e3o circense contempor\u00e2nea no mundo reunindo artistas de nove estados brasileiros e representantes de 21 pa\u00edses.<\/p>\n\n\n\n<p>Ao longo de 17 dias, o festival bienal ocupar\u00e1 as unidades 14 Bis, 24 de Maio, Avenida Paulista, Belenzinho, Bom Retiro, Carmo, Consola\u00e7\u00e3o, Galeria (futura unidade), Ipiranga, Interlagos, Pinheiros, Pompeia, Santana e Vila Mariana e mais seis espa\u00e7os p\u00fablicos da capital paulista.<\/p>\n\n\n\n<p>&#8220;O Sesc reitera seu compromisso com a vitalidade da cena contempor\u00e2nea e destaca as diversidades culturais, t\u00e9cnicas e geogr\u00e1ficas de produ\u00e7\u00f5es nacionais e internacionais. Com uma programa\u00e7\u00e3o voltada para variados p\u00fablicos, o festival prop\u00f5e incentivar tanto a aproxima\u00e7\u00e3o com essa linguagem quanto o h\u00e1bito de participa\u00e7\u00e3o em espet\u00e1culos, interven\u00e7\u00f5es, instala\u00e7\u00f5es, al\u00e9m de atividades formativas\u201d, diz o Diretor do Sesc S\u00e3o Paulo, Luiz Galina.\u202f<\/p>\n\n\n\n<p>A abertura ser\u00e1 no Sesc Vila Mariana com o espet\u00e1culo Moya, do grupo sul-africano Zip Zap Circus. A montagem celebra, com acrobacias, malabarismo, trap\u00e9zio, dan\u00e7a tradicional sul-africana e m\u00fasica ao vivo, a hist\u00f3ria de Jacobus Claassen, conhecido como Trompie, que viveu nas ruas da Cidade do Cabo at\u00e9 encontrar ref\u00fagio e prop\u00f3sito na escola de circo social.<\/p>\n\n\n\n<p>Entre os destaques da programa\u00e7\u00e3o, a curadoria desta edi\u00e7\u00e3o coloca em foco o envelhecimento dos corpos circenses. Montagens como Glorious Bodies (Circumstances, da B\u00e9lgica) e Vetus Venustas (C\u00edclicus, da Espanha) apresentam artistas que investigam a mem\u00f3ria do corpo e suas transforma\u00e7\u00f5es, a gravidade, a estabilidade, a resist\u00eancia, sua beleza e poder.<\/p>\n\n\n\n<p>J\u00e1 Circo Science &#8211; Do Mangue ao Picadeiro, da Trupe Circus (PE), homenageia o legado do cantor e compositor Chico Science (1966\u20131997) e a representatividade de corpos dissidentes no picadeiro, por meio de uma linguagem h\u00edbrida que une circo, m\u00fasica e cultura popular. O espet\u00e1culo \u00e9 fruto da pesquisa identit\u00e1ria do coletivo pernambucano formado por jovens oriundos da Escola Pernambucana de Circo, um dos circos sociais mais antigos do Brasil.<\/p>\n\n\n\n<p>A programa\u00e7\u00e3o inclui obras que abordam o circo como lugar de resist\u00eancia e acolhimento. Memor\u00e1vel-Hist\u00f3rias Not\u00e1veis, do grupo Palha\u00e7os Sem Fronteiras, compartilha experi\u00eancias em zonas de conflito e vulnerabilidade, enquanto os artistas suecos de Knitting Peace questionam a busca por paz e harmonia em um mundo entrela\u00e7ado por desafios globais. A ludicidade tem espa\u00e7o garantido em Artifaces, um encontro de m\u00e1gicos com produ\u00e7\u00f5es criadas especialmente para o festival.<\/p>\n\n\n\n<p>A mem\u00f3ria do circo \u00e9 celebrada, com destaque para Mina \u2013 Corpo Multid\u00e3o, uma homenagem \u00e0 historiadora e pesquisadora Erm\u00ednia Silva (1954\u20132023). A performance re\u00fane 37 mulheres e pessoas n\u00e3o binarias em um tributo \u00e0 trajet\u00f3ria feminina nas artes circenses. Nesta linha, o festival inova com passeios de turismo social com interven\u00e7\u00f5es art\u00edsticas, percorrendo locais hist\u00f3ricos com roteiros conduzidos por artistas circenses por lugares como o Centro de Mem\u00f3ria do Circo, discutindo a participa\u00e7\u00e3o desta linguagem na forma\u00e7\u00e3o da cidade e no senso de pertencimento de seus cidad\u00e3os.<\/p>\n\n\n\n<p>A valoriza\u00e7\u00e3o do espa\u00e7o urbano como territ\u00f3rio art\u00edstico se destaca em diversos espet\u00e1culos. Ponto de Partida \u2013 Travessia explora a t\u00e9cnica do funambulismo, que consiste em caminhar sobre um arame ou uma corda a partir de uma posi\u00e7\u00e3o elevada. A artista J\u200b\u200bessica Lane\u202fvai fazer a travessia entre a futura unidade Sesc Galeria e o Theatro Municipal. J\u00e1 na interven\u00e7\u00e3o su\u00ed\u00e7a Panorama Kino Theatre, os espectadores, no interior do minicinema girat\u00f3rio, assistem a pequenas a\u00e7\u00f5es, e cenas que acontecem do lado de fora, realizadas por artistas e p\u00fablico.<\/p>\n\n\n\n<p>Entre as novidades desta edi\u00e7\u00e3o, est\u00e1 a Gira Latina, com 11 solos de artistas brasileiros, da Argentina, da Col\u00f4mbia e do M\u00e9xico &#8211; trabalhos que se conectam pela transversalidade de pesquisa da linguagem c\u00eanica &#8211; e o Cena Expandida, que promove 5 performances seguidas de debates, fomentando interc\u00e2mbio art\u00edstico e reflex\u00f5es sobre a cena circense contempor\u00e2nea.<\/p>\n\n\n\n<p>Integrando a Temporada Fran\u00e7a-Brasil 2025, parceria entre os pa\u00edses que realizar\u00e1 mais de 300 eventos pelo pa\u00eds em diversos formatos, o coletivo franc\u00eas XY apresenta a performance interativa Les Voyages no Parque da Independ\u00eancia, convidando o p\u00fablico a ser &#8220;carregado&#8221; simb\u00f3lica e fisicamente pelos artistas. J\u00e1 o Circus Baobab leva ao palco do Sesc Vila Mariana Yongoyely, espet\u00e1culo inspirado no legado da ativista guineense M&#8217;Balia Camara (1929\u20131955), que reflete sobre a condi\u00e7\u00e3o e o lugar das mulheres na sociedade africana. Em performances de acrobacia e dan\u00e7a, os artistas utilizam como equipamento principal pequenas toras de \u00e1rvores guineenses que assumem m\u00faltiplas fun\u00e7\u00f5es: mastro chin\u00eas, barra russa e at\u00e9 mesmo uma corda para equilibrista.<\/p>\n\n\n\n<p>O festival reafirma a import\u00e2ncia do circo como ferramenta de transforma\u00e7\u00e3o social, trazendo corpos diversos e narrativas que provocam e mobilizam: artistas jovens e com longas trajet\u00f3rias, coletivos LGBTQIAPN+, comunidades perif\u00e9ricas, ind\u00edgenas e afro-diasp\u00f3ricas. A programa\u00e7\u00e3o do festival tem atividades para todas as idades. Contudo o di\u00e1logo com o p\u00fablico adulto \u00e9 enfatizado, incentivando reflex\u00f5es cr\u00edticas sobre temas como pertencimento, envelhecimento, inclus\u00e3o, fronteiras, meio ambiente, mem\u00f3ria e as perspectivas das artes circenses na atualidade.<\/p>\n\n\n\n<p>Sobre o Sesc<\/p>\n\n\n\n<p>Com mais de 78 anos de atua\u00e7\u00e3o, o Sesc &#8211; Servi\u00e7o Social do Com\u00e9rcio conta com uma rede de 43 unidades operacionais no estado de S\u00e3o Paulo e desenvolve a\u00e7\u00f5es para promover bem-estar e qualidade de vida aos trabalhadores do com\u00e9rcio de bens, servi\u00e7os e turismo, al\u00e9m de toda a sociedade. Mantido por empresas do setor, o Sesc \u00e9 uma entidade privada que atende cerca de 30 milh\u00f5es de pessoas por ano. Hoje, aproximadamente 50 organiza\u00e7\u00f5es nacionais e internacionais do campo das artes, esportes, cultura, sa\u00fade, meio ambiente, turismo, servi\u00e7o social e direitos humanos contam com representantes do Sesc S\u00e3o Paulo em suas inst\u00e2ncias consultivas e deliberativas. Para mais informa\u00e7\u00f5es, acesse o portal: sescsp.org.br\u202f\u202f<\/p>\n\n\n\n<p>Servi\u00e7o:<\/p>\n\n\n\n<p>CIRCOS \u2013 Festival Internacional Sesc de Circo<\/p>\n\n\n\n<p>De 8 a 24 de agosto de 2025<\/p>\n\n\n\n<p>sescsp.org.br\/circos<\/p>\n\n\n\n<p>Venda de ingressos on-line e presencial<\/p>\n\n\n\n<p>A partir das 12h do dia 25\/7 no aplicativo Credencial SescSP, no portal e nas bilheterias das unidades<\/p>\n\n\n\n<p>Unidades do Sesc: 14 Bis, 24 de Maio, Avenida Paulista, Belenzinho, Bom Retiro, Carmo, Consola\u00e7\u00e3o, Galeria (futura unidade), Ipiranga, Interlagos, Pinheiros, Pompeia, Santana e Vila Mariana.<\/p>\n\n\n\n<p>Espa\u00e7os P\u00fablicos:<\/p>\n\n\n\n<p>Bulevar do R\u00e1dio, Centro de Mem\u00f3ria do Circo, Museu do Ipiranga, Parque da Independ\u00eancia, Pra\u00e7a da S\u00e9 e Theatro Municipal<\/p>\n\n\n\n<p>Evento organizado no \u00e2mbito da Temporada Fran\u00e7a-Brasil 2025<\/p>\n\n\n\n<p>Organizadores: R\u00e9publique Fran\u00e7aise, Institut Fran\u00e7ais, IGR \u2013 Instituto Guimar\u00e3es Rosa, Minist\u00e9rio das Rela\u00e7\u00f5es Exteriores, Minist\u00e9rio da Cultura, Governo Federal Brasil<\/p>\n\n\n\n<p>Apoio: DG Artes \u2013 Dire\u00e7\u00e3o-Geral das Artes, Prohelvetia &#8211; Funda\u00e7\u00e3o Su\u00ed\u00e7a para a Cultura, Sustenidos \u2013 Organiza\u00e7\u00e3o Social de Cultura, Museu do Ipiranga \u2013 USP, Centro de Mem\u00f3ria do Circo, Funda\u00e7\u00e3o Theatro Municipal, Secretaria do Verde e Meio Ambiente, Secretaria de Cultura e Economia Criativa, Prefeitura de S\u00e3o Paulo<\/p>\n\n\n\n<p>Realiza\u00e7\u00e3o: Sesc S\u00e3o Paulo<\/p>\n","protected":false},"excerpt":{"rendered":"<p>chega \u00e0 8\u00aa edi\u00e7\u00e3o de 8 a 24 de agosto Programa\u00e7\u00e3o passa pelas quatro regi\u00f5es&#8230;<\/p>\n","protected":false},"author":1,"featured_media":25055,"comment_status":"open","ping_status":"open","sticky":false,"template":"","format":"standard","meta":{"footnotes":""},"categories":[2],"tags":[],"featured_image_urls":{"full":["https:\/\/novosaopaulo.com.br\/n1\/wp-content\/uploads\/2025\/07\/Ye-circos-2023.jpg",800,400,false],"thumbnail":["https:\/\/novosaopaulo.com.br\/n1\/wp-content\/uploads\/2025\/07\/Ye-circos-2023-150x150.jpg",150,150,true],"medium":["https:\/\/novosaopaulo.com.br\/n1\/wp-content\/uploads\/2025\/07\/Ye-circos-2023-300x150.jpg",300,150,true],"medium_large":["https:\/\/novosaopaulo.com.br\/n1\/wp-content\/uploads\/2025\/07\/Ye-circos-2023-768x384.jpg",640,320,true],"large":["https:\/\/novosaopaulo.com.br\/n1\/wp-content\/uploads\/2025\/07\/Ye-circos-2023.jpg",640,320,false],"1536x1536":["https:\/\/novosaopaulo.com.br\/n1\/wp-content\/uploads\/2025\/07\/Ye-circos-2023.jpg",800,400,false],"2048x2048":["https:\/\/novosaopaulo.com.br\/n1\/wp-content\/uploads\/2025\/07\/Ye-circos-2023.jpg",800,400,false],"newsever-slider-full":["https:\/\/novosaopaulo.com.br\/n1\/wp-content\/uploads\/2025\/07\/Ye-circos-2023.jpg",800,400,false],"newsever-featured":["https:\/\/novosaopaulo.com.br\/n1\/wp-content\/uploads\/2025\/07\/Ye-circos-2023.jpg",800,400,false],"newsever-medium":["https:\/\/novosaopaulo.com.br\/n1\/wp-content\/uploads\/2025\/07\/Ye-circos-2023-720x400.jpg",720,400,true]},"author_info":{"display_name":"Reda\u00e7\u00e3o","author_link":"https:\/\/novosaopaulo.com.br\/n1\/author\/g5poa\/"},"category_info":"<a href=\"https:\/\/novosaopaulo.com.br\/n1\/category\/cidades\/\" rel=\"category tag\">Cidades<\/a>","tag_info":"Cidades","comment_count":"0","_links":{"self":[{"href":"https:\/\/novosaopaulo.com.br\/n1\/wp-json\/wp\/v2\/posts\/25054"}],"collection":[{"href":"https:\/\/novosaopaulo.com.br\/n1\/wp-json\/wp\/v2\/posts"}],"about":[{"href":"https:\/\/novosaopaulo.com.br\/n1\/wp-json\/wp\/v2\/types\/post"}],"author":[{"embeddable":true,"href":"https:\/\/novosaopaulo.com.br\/n1\/wp-json\/wp\/v2\/users\/1"}],"replies":[{"embeddable":true,"href":"https:\/\/novosaopaulo.com.br\/n1\/wp-json\/wp\/v2\/comments?post=25054"}],"version-history":[{"count":1,"href":"https:\/\/novosaopaulo.com.br\/n1\/wp-json\/wp\/v2\/posts\/25054\/revisions"}],"predecessor-version":[{"id":25056,"href":"https:\/\/novosaopaulo.com.br\/n1\/wp-json\/wp\/v2\/posts\/25054\/revisions\/25056"}],"wp:featuredmedia":[{"embeddable":true,"href":"https:\/\/novosaopaulo.com.br\/n1\/wp-json\/wp\/v2\/media\/25055"}],"wp:attachment":[{"href":"https:\/\/novosaopaulo.com.br\/n1\/wp-json\/wp\/v2\/media?parent=25054"}],"wp:term":[{"taxonomy":"category","embeddable":true,"href":"https:\/\/novosaopaulo.com.br\/n1\/wp-json\/wp\/v2\/categories?post=25054"},{"taxonomy":"post_tag","embeddable":true,"href":"https:\/\/novosaopaulo.com.br\/n1\/wp-json\/wp\/v2\/tags?post=25054"}],"curies":[{"name":"wp","href":"https:\/\/api.w.org\/{rel}","templated":true}]}}