{"id":25051,"date":"2025-07-24T19:02:54","date_gmt":"2025-07-24T22:02:54","guid":{"rendered":"https:\/\/novosaopaulo.com.br\/n1\/?p=25051"},"modified":"2025-07-24T19:02:55","modified_gmt":"2025-07-24T22:02:55","slug":"fundo-social-de-poa-arrecada-2-toneladas-de-alimentos-com-entrada-solidaria-no-rock-na-praca","status":"publish","type":"post","link":"https:\/\/novosaopaulo.com.br\/n1\/fundo-social-de-poa-arrecada-2-toneladas-de-alimentos-com-entrada-solidaria-no-rock-na-praca\/","title":{"rendered":"Fundo Social de Po\u00e1 arrecada 2 toneladas de alimentos com entrada solid\u00e1ria no Rock na Pra\u00e7a"},"content":{"rendered":"\n<p>Parceria entre Poder P\u00fablico e a popula\u00e7\u00e3o garante apoio a fam\u00edlias em situa\u00e7\u00e3o de vulnerabilidade da cidade<\/p>\n\n\n\n<p>O Fundo Social de Po\u00e1, presidido pela primeira-dama Flavia Souza, arrecadou 2 toneladas de alimentos durante a 25\u00aa edi\u00e7\u00e3o do \u201cRock na Pra\u00e7a\u201d, realizada nos dias 12 e 13 de julho, na Pra\u00e7a de Eventos, com o apoio da Prefeitura. A iniciativa uniu cultura e solidariedade, com o objetivo de fortalecer as pol\u00edticas p\u00fablicas de assist\u00eancia social no munic\u00edpio. As doa\u00e7\u00f5es foram transformadas em cestas b\u00e1sicas, que j\u00e1 est\u00e3o sendo distribu\u00eddas para fam\u00edlias em situa\u00e7\u00e3o de vulnerabilidade.<\/p>\n\n\n\n<p>Os alimentos arrecadados no evento passaram por triagem e foram organizados por equipes do Fundo Social e da Secretaria de Assist\u00eancia e Desenvolvimento Social. As cestas est\u00e3o atendendo fam\u00edlias previamente cadastradas no Cad\u00danico (Cadastro \u00danico para Programas Sociais do Governo Federal). A sele\u00e7\u00e3o dos beneficiados segue crit\u00e9rios socioecon\u00f4micos, com apoio t\u00e9cnico das equipes dos Centros de Refer\u00eancia de Assist\u00eancia Social (CRAS).<\/p>\n\n\n\n<p>O evento Rock na Pra\u00e7a, conhecido como o maior da regi\u00e3o e que reuniu mais de 40 mil pessoas em dois dias, ganhou ainda mais relev\u00e2ncia este ano com a proposta de entrada solid\u00e1ria. A popula\u00e7\u00e3o foi convidada a doar alimentos n\u00e3o perec\u00edveis na entrada do festival, refor\u00e7ando o car\u00e1ter comunit\u00e1rio da iniciativa.<\/p>\n\n\n\n<p>&#8220;A solidariedade da popula\u00e7\u00e3o \u00e9 a for\u00e7a que transforma realidades. Agradecemos a todos que participaram do evento, que acontece h\u00e1 25 anos na cidade, e contribu\u00edram com as doa\u00e7\u00f5es. Esse gesto coletivo vai fazer a diferen\u00e7a na vida de muitas fam\u00edlias&#8221;, afirmou a primeira-dama, que destacou ainda o car\u00e1ter inclusivo do festival com a cria\u00e7\u00e3o do espa\u00e7o da inclus\u00e3o para acolher idosos, pessoas com defici\u00eancia (PCD) e neurodivergentes.<\/p>\n\n\n\n<p>O prefeito Saulo Souza parabenizou todos os envolvidos na a\u00e7\u00e3o, destacou a importante parceria com os organizadores do Rock na Pra\u00e7a e agradeceu \u00e0s pessoas que contribu\u00edram com doa\u00e7\u00f5es de alimentos na entrada do evento. \u201cEssa atitude faz uma grande diferen\u00e7a na vida de quem enfrenta situa\u00e7\u00f5es de vulnerabilidade. Conseguimos estabelecer uma grande corrente do bem e nossa popula\u00e7\u00e3o mostrou sua for\u00e7a mais uma vez\u201d, ressaltou.<\/p>\n\n\n\n<p>Para o secret\u00e1rio de Assist\u00eancia e Desenvolvimento Social, Wellington Teixeira, a a\u00e7\u00e3o \u00e9 um exemplo de como a uni\u00e3o entre Poder P\u00fablico e sociedade civil pode trazer resultados pr\u00e1ticos. \u201c\u00c9 mais uma demonstra\u00e7\u00e3o de como o engajamento social e a articula\u00e7\u00e3o entre Poder P\u00fablico e comunidade podem gerar resultados concretos em prol de quem mais precisa\u201d, destacou.<\/p>\n\n\n\n<p>Barraca Solid\u00e1ria<br>Al\u00e9m da arrecada\u00e7\u00e3o de alimentos, o Fundo Social marcou presen\u00e7a no festival com a sua j\u00e1 tradicional Barraca Solid\u00e1ria. No espa\u00e7o, os visitantes puderam saborear foga\u00e7a, caldos, sucos e \u00e1gua, em uma a\u00e7\u00e3o que foi al\u00e9m da gastronomia. Toda a renda arrecadada ser\u00e1 revertida para projetos sociais que atuam diretamente com fam\u00edlias em situa\u00e7\u00e3o de vulnerabilidade.<\/p>\n\n\n\n<p>\u201cServimos muito mais do que alimentos, oferecemos acolhimento e prop\u00f3sito. Agradecemos a todos que passaram por l\u00e1, saborearam nossas del\u00edcias e contribu\u00edram com essa causa t\u00e3o importante\u201d, finalizou Flavia Souza.<\/p>\n","protected":false},"excerpt":{"rendered":"<p>Parceria entre Poder P\u00fablico e a popula\u00e7\u00e3o garante apoio a fam\u00edlias em situa\u00e7\u00e3o de vulnerabilidade&#8230;<\/p>\n","protected":false},"author":1,"featured_media":25052,"comment_status":"open","ping_status":"open","sticky":false,"template":"","format":"standard","meta":{"footnotes":""},"categories":[8],"tags":[],"featured_image_urls":{"full":["https:\/\/novosaopaulo.com.br\/n1\/wp-content\/uploads\/2025\/07\/WhatsApp-Image-2025-07-24-at-19.01.42.jpeg",853,1280,false],"thumbnail":["https:\/\/novosaopaulo.com.br\/n1\/wp-content\/uploads\/2025\/07\/WhatsApp-Image-2025-07-24-at-19.01.42-150x150.jpeg",150,150,true],"medium":["https:\/\/novosaopaulo.com.br\/n1\/wp-content\/uploads\/2025\/07\/WhatsApp-Image-2025-07-24-at-19.01.42-200x300.jpeg",200,300,true],"medium_large":["https:\/\/novosaopaulo.com.br\/n1\/wp-content\/uploads\/2025\/07\/WhatsApp-Image-2025-07-24-at-19.01.42-768x1152.jpeg",640,960,true],"large":["https:\/\/novosaopaulo.com.br\/n1\/wp-content\/uploads\/2025\/07\/WhatsApp-Image-2025-07-24-at-19.01.42-682x1024.jpeg",640,961,true],"1536x1536":["https:\/\/novosaopaulo.com.br\/n1\/wp-content\/uploads\/2025\/07\/WhatsApp-Image-2025-07-24-at-19.01.42.jpeg",853,1280,false],"2048x2048":["https:\/\/novosaopaulo.com.br\/n1\/wp-content\/uploads\/2025\/07\/WhatsApp-Image-2025-07-24-at-19.01.42.jpeg",853,1280,false],"newsever-slider-full":["https:\/\/novosaopaulo.com.br\/n1\/wp-content\/uploads\/2025\/07\/WhatsApp-Image-2025-07-24-at-19.01.42-853x845.jpeg",853,845,true],"newsever-featured":["https:\/\/novosaopaulo.com.br\/n1\/wp-content\/uploads\/2025\/07\/WhatsApp-Image-2025-07-24-at-19.01.42.jpeg",853,1280,false],"newsever-medium":["https:\/\/novosaopaulo.com.br\/n1\/wp-content\/uploads\/2025\/07\/WhatsApp-Image-2025-07-24-at-19.01.42-720x475.jpeg",720,475,true]},"author_info":{"display_name":"Reda\u00e7\u00e3o","author_link":"https:\/\/novosaopaulo.com.br\/n1\/author\/g5poa\/"},"category_info":"<a href=\"https:\/\/novosaopaulo.com.br\/n1\/category\/poa\/\" rel=\"category tag\">Po\u00e1<\/a>","tag_info":"Po\u00e1","comment_count":"0","_links":{"self":[{"href":"https:\/\/novosaopaulo.com.br\/n1\/wp-json\/wp\/v2\/posts\/25051"}],"collection":[{"href":"https:\/\/novosaopaulo.com.br\/n1\/wp-json\/wp\/v2\/posts"}],"about":[{"href":"https:\/\/novosaopaulo.com.br\/n1\/wp-json\/wp\/v2\/types\/post"}],"author":[{"embeddable":true,"href":"https:\/\/novosaopaulo.com.br\/n1\/wp-json\/wp\/v2\/users\/1"}],"replies":[{"embeddable":true,"href":"https:\/\/novosaopaulo.com.br\/n1\/wp-json\/wp\/v2\/comments?post=25051"}],"version-history":[{"count":1,"href":"https:\/\/novosaopaulo.com.br\/n1\/wp-json\/wp\/v2\/posts\/25051\/revisions"}],"predecessor-version":[{"id":25053,"href":"https:\/\/novosaopaulo.com.br\/n1\/wp-json\/wp\/v2\/posts\/25051\/revisions\/25053"}],"wp:featuredmedia":[{"embeddable":true,"href":"https:\/\/novosaopaulo.com.br\/n1\/wp-json\/wp\/v2\/media\/25052"}],"wp:attachment":[{"href":"https:\/\/novosaopaulo.com.br\/n1\/wp-json\/wp\/v2\/media?parent=25051"}],"wp:term":[{"taxonomy":"category","embeddable":true,"href":"https:\/\/novosaopaulo.com.br\/n1\/wp-json\/wp\/v2\/categories?post=25051"},{"taxonomy":"post_tag","embeddable":true,"href":"https:\/\/novosaopaulo.com.br\/n1\/wp-json\/wp\/v2\/tags?post=25051"}],"curies":[{"name":"wp","href":"https:\/\/api.w.org\/{rel}","templated":true}]}}