{"id":25048,"date":"2025-07-24T18:33:45","date_gmt":"2025-07-24T21:33:45","guid":{"rendered":"https:\/\/novosaopaulo.com.br\/n1\/?p=25048"},"modified":"2025-07-24T18:33:46","modified_gmt":"2025-07-24T21:33:46","slug":"em-agosto-lacerdine-galeria-de-arte-promove-coffee-party-e-exposicao-ditos-do-corpo","status":"publish","type":"post","link":"https:\/\/novosaopaulo.com.br\/n1\/em-agosto-lacerdine-galeria-de-arte-promove-coffee-party-e-exposicao-ditos-do-corpo\/","title":{"rendered":"Em agosto, Lacerdine Galeria de Arte promove Coffee Party e exposi\u00e7\u00e3o \u201cDitos do Corpo\u201d"},"content":{"rendered":"\n<p>Com uma proposta inovadora que une arte, cultura, entretenimento e reflex\u00e3o social, a Lacerdine Galeria de Arte anuncia duas atra\u00e7\u00f5es em sua agenda a partir de 2 de agosto: o Coffee Party, Galeria Sonora com hits das d\u00e9cadas de 70, 80 e 90; e inaugura\u00e7\u00e3o da exposi\u00e7\u00e3o \u201cDitos do Corpo\u201d, que prop\u00f5e um mergulho na experi\u00eancia dos corpos negros na sociedade contempor\u00e2nea e ao longo da hist\u00f3ria. A programa\u00e7\u00e3o refor\u00e7a o prop\u00f3sito do espa\u00e7o, localizado na Av. Ang\u00e9lica, 2578 (a 300 metro do metr\u00f4 Paulista), de tornar a arte mais acess\u00edvel, interativa e inclusiva.<br>Link de imagens AQUI<\/p>\n\n\n\n<hr class=\"wp-block-separator has-alpha-channel-opacity\"\/>\n\n\n\n<p>COFFEE PARTY \u2013 2 de agosto, \u00e0s 17h<\/p>\n\n\n\n<p>DJs Party Live, o espa\u00e7o de dan\u00e7a e o Caf\u00e9 Falasartes da Lacerdine Galeria de Arte<br>O Coffee Party na Lacerdine Galeria, que abriga o Cafefalasartes, acontece no s\u00e1bado, 2 de agosto, a partir das 17h, transformando o espa\u00e7o multicultural em uma verdadeira balada cultural. A experi\u00eancia, que vem ganhando for\u00e7a em cidades como S\u00e3o Paulo e Rio de Janeiro, une arte, m\u00fasica e caf\u00e9 em um ambiente descontra\u00eddo e sensorial.<br>Batizado de Galeria Sonora, o evento ser\u00e1 comandado pela DJs Party Live, que levar\u00e1 o p\u00fablico a uma viagem musical com os maiores hits das d\u00e9cadas de 70, 80 e 90. A galeria \u2013 com seus 400 m\u00b2, mezanino, lounge e \u00e1rea externa \u2013 se transformar\u00e1 em uma pista de dan\u00e7a inusitada, repleta de est\u00edmulos art\u00edsticos.<br>Os ingressos na plataforma Sympla, com valor promocional de R$ 40,00 (com direito a um Welcome Drink Galeria Sonora &#8211; gin com ch\u00e1 de frutas silvestres). Ap\u00f3s a pr\u00e9-venda, os ingressos custar\u00e3o R$ 50,00 e, depois, R$ 60,00. A classifica\u00e7\u00e3o \u00e9 livre.<\/p>\n\n\n\n<hr class=\"wp-block-separator has-alpha-channel-opacity\"\/>\n\n\n\n<p>EXPOSI\u00c7\u00c3O \u201cDITOS DO CORPO\u201d \u2013 Inaugura dia 2 de agosto, \u00e0s 17h<\/p>\n\n\n\n<p>As pinturas: A Princesa e o P\u00e1ssaro Vermelho, Suspiro Profundo de Justi\u00e7a e Vidas Negras<\/p>\n\n\n\n<p>Os visitantes poder\u00e3o apreciar a exposi\u00e7\u00e3o de arte \u201cDitos do Corpo\u201d, por meio de 20 pinturas de Geraldo Lacerdine e poemas da artista e poeta Derlane Moreira, a mostra convida o p\u00fablico a refletir sobre as marcas deixadas pela discrimina\u00e7\u00e3o racial e cultural, e a buscar caminhos de supera\u00e7\u00e3o.<br>Com t\u00e9cnica em acr\u00edlica sobre tela e aplica\u00e7\u00e3o de folha de ouro, Lacerdine d\u00e1 vida a corpos que falam, silenciam e resistem. \u201cO corpo tem muito a dizer sobre si e sobre o todo\u2026 Basta parar um momento, silenciar e escutar\u201d, destaca Lacerdine.<br>\u201cA mostra tem como objetivo promover um di\u00e1logo profundo e necess\u00e1rio sobre racismo, representatividade e repara\u00e7\u00e3o hist\u00f3rica, em um espa\u00e7o que valoriza o protagonismo negro e a express\u00e3o art\u00edstica como ferramentas de transforma\u00e7\u00e3o social\u201d, completa o artista. A exposi\u00e7\u00e3o permanece at\u00e9 dia 10 de agosto.<\/p>\n\n\n\n<hr class=\"wp-block-separator has-alpha-channel-opacity\"\/>\n\n\n\n<p>Sobre a Galeria<br>Inaugurada em fevereiro de 2025, a Lacerdine Galeria de Arte \u00e9 um espa\u00e7o cultural voltado \u00e0 arte contempor\u00e2nea, ao di\u00e1logo e \u00e0 inclus\u00e3o. Unindo exposi\u00e7\u00f5es, eventos perform\u00e1ticos, cinema e encontros art\u00edsticos, a galeria busca democratizar o acesso \u00e0 arte e promover o interc\u00e2mbio entre diferentes express\u00f5es e p\u00fablicos.<br>Instagram:<br>@lacerdine<br>@cafefalasartes<\/p>\n\n\n\n<p>Lacerdine Galeria de Arte:<br>Coffee Party \u2013 dia 2 de agosto, das 17h \u00e0s 22h. Os ingressos na plataforma Sympla, com valor promocional de R$ 40,00 (com direito a um Welcome Drink Galeria Sonora &#8211; gin com ch\u00e1 de frutas silvestres). Ap\u00f3s a pr\u00e9-venda, os ingressos custar\u00e3o R$ 50,00 e, depois, R$ 60,00.<br>Exposi\u00e7\u00e3o Ditos do Corpo \u2013 inaugura dia 2 de agosto, \u00e0s 17h, e segue at\u00e9 dia 10 de agosto. Hor\u00e1rio: das 10h \u00e0s 20h, de segunda a s\u00e1bado.<\/p>\n","protected":false},"excerpt":{"rendered":"<p>Com uma proposta inovadora que une arte, cultura, entretenimento e reflex\u00e3o social, a Lacerdine Galeria&#8230;<\/p>\n","protected":false},"author":1,"featured_media":25049,"comment_status":"open","ping_status":"open","sticky":false,"template":"","format":"standard","meta":{"footnotes":""},"categories":[2],"tags":[],"featured_image_urls":{"full":["https:\/\/novosaopaulo.com.br\/n1\/wp-content\/uploads\/2025\/07\/WhatsApp-Image-2025-07-24-at-16.00.52.jpeg",571,800,false],"thumbnail":["https:\/\/novosaopaulo.com.br\/n1\/wp-content\/uploads\/2025\/07\/WhatsApp-Image-2025-07-24-at-16.00.52-150x150.jpeg",150,150,true],"medium":["https:\/\/novosaopaulo.com.br\/n1\/wp-content\/uploads\/2025\/07\/WhatsApp-Image-2025-07-24-at-16.00.52-214x300.jpeg",214,300,true],"medium_large":["https:\/\/novosaopaulo.com.br\/n1\/wp-content\/uploads\/2025\/07\/WhatsApp-Image-2025-07-24-at-16.00.52.jpeg",571,800,false],"large":["https:\/\/novosaopaulo.com.br\/n1\/wp-content\/uploads\/2025\/07\/WhatsApp-Image-2025-07-24-at-16.00.52.jpeg",571,800,false],"1536x1536":["https:\/\/novosaopaulo.com.br\/n1\/wp-content\/uploads\/2025\/07\/WhatsApp-Image-2025-07-24-at-16.00.52.jpeg",571,800,false],"2048x2048":["https:\/\/novosaopaulo.com.br\/n1\/wp-content\/uploads\/2025\/07\/WhatsApp-Image-2025-07-24-at-16.00.52.jpeg",571,800,false],"newsever-slider-full":["https:\/\/novosaopaulo.com.br\/n1\/wp-content\/uploads\/2025\/07\/WhatsApp-Image-2025-07-24-at-16.00.52.jpeg",571,800,false],"newsever-featured":["https:\/\/novosaopaulo.com.br\/n1\/wp-content\/uploads\/2025\/07\/WhatsApp-Image-2025-07-24-at-16.00.52.jpeg",571,800,false],"newsever-medium":["https:\/\/novosaopaulo.com.br\/n1\/wp-content\/uploads\/2025\/07\/WhatsApp-Image-2025-07-24-at-16.00.52-571x475.jpeg",571,475,true]},"author_info":{"display_name":"Reda\u00e7\u00e3o","author_link":"https:\/\/novosaopaulo.com.br\/n1\/author\/g5poa\/"},"category_info":"<a href=\"https:\/\/novosaopaulo.com.br\/n1\/category\/cidades\/\" rel=\"category tag\">Cidades<\/a>","tag_info":"Cidades","comment_count":"0","_links":{"self":[{"href":"https:\/\/novosaopaulo.com.br\/n1\/wp-json\/wp\/v2\/posts\/25048"}],"collection":[{"href":"https:\/\/novosaopaulo.com.br\/n1\/wp-json\/wp\/v2\/posts"}],"about":[{"href":"https:\/\/novosaopaulo.com.br\/n1\/wp-json\/wp\/v2\/types\/post"}],"author":[{"embeddable":true,"href":"https:\/\/novosaopaulo.com.br\/n1\/wp-json\/wp\/v2\/users\/1"}],"replies":[{"embeddable":true,"href":"https:\/\/novosaopaulo.com.br\/n1\/wp-json\/wp\/v2\/comments?post=25048"}],"version-history":[{"count":1,"href":"https:\/\/novosaopaulo.com.br\/n1\/wp-json\/wp\/v2\/posts\/25048\/revisions"}],"predecessor-version":[{"id":25050,"href":"https:\/\/novosaopaulo.com.br\/n1\/wp-json\/wp\/v2\/posts\/25048\/revisions\/25050"}],"wp:featuredmedia":[{"embeddable":true,"href":"https:\/\/novosaopaulo.com.br\/n1\/wp-json\/wp\/v2\/media\/25049"}],"wp:attachment":[{"href":"https:\/\/novosaopaulo.com.br\/n1\/wp-json\/wp\/v2\/media?parent=25048"}],"wp:term":[{"taxonomy":"category","embeddable":true,"href":"https:\/\/novosaopaulo.com.br\/n1\/wp-json\/wp\/v2\/categories?post=25048"},{"taxonomy":"post_tag","embeddable":true,"href":"https:\/\/novosaopaulo.com.br\/n1\/wp-json\/wp\/v2\/tags?post=25048"}],"curies":[{"name":"wp","href":"https:\/\/api.w.org\/{rel}","templated":true}]}}