{"id":25042,"date":"2025-07-24T11:47:59","date_gmt":"2025-07-24T14:47:59","guid":{"rendered":"https:\/\/novosaopaulo.com.br\/n1\/?p=25042"},"modified":"2025-07-24T11:48:42","modified_gmt":"2025-07-24T14:48:42","slug":"poa-realiza-seletiva-de-volei-para-jovens-atletas-com-foco-na-copa-sao-paulo","status":"publish","type":"post","link":"https:\/\/novosaopaulo.com.br\/n1\/poa-realiza-seletiva-de-volei-para-jovens-atletas-com-foco-na-copa-sao-paulo\/","title":{"rendered":"Po\u00e1 realiza seletiva de v\u00f4lei para jovens atletas com foco na Copa S\u00e3o Paulo"},"content":{"rendered":"\n<p>Sele\u00e7\u00e3o acontecer\u00e1 no dia 28 de julho, na Pra\u00e7a da Juventude, destinada a jovens nascidos em 2009 e 2010<\/p>\n\n\n\n<p>A Secretaria de Esportes de Po\u00e1 realiza, na pr\u00f3xima segunda-feira (28), uma seletiva de voleibol voltada a jovens nascidos em 2009 e 2010. A iniciativa tem como principal objetivo formar equipes para representar o munic\u00edpio na Copa S\u00e3o Paulo e em outras competi\u00e7\u00f5es. O processo seletivo ser\u00e1 realizado na Pra\u00e7a da Juventude, localizada na rua J\u00falio Prestes, 350, no Conjunto Alvorada.<\/p>\n\n\n\n<p>A seletiva masculina ser\u00e1 \u00e0s 15 horas, enquanto a feminina acontecer\u00e1 \u00e0s 17 horas. Para participar, \u00e9 necess\u00e1rio apresentar um documento de identifica\u00e7\u00e3o com foto. A atividade ser\u00e1 conduzida pelas professoras Renata e Tatiana, respons\u00e1veis t\u00e9cnicas pelo projeto.<\/p>\n\n\n\n<p>De acordo com o secret\u00e1rio de Esportes, Diogo Ferreira, essa seletiva representa uma importante oportunidade para descobrir e incentivar talentos locais no v\u00f4lei. \u201cEstamos investindo no desenvolvimento esportivo de nossos jovens. A seletiva \u00e9 uma porta de entrada para que esses atletas tenham experi\u00eancias competitivas de alto n\u00edvel e levem o nome de Po\u00e1 para o cen\u00e1rio esportivo paulista\u201d, afirmou<\/p>\n\n\n\n<figure class=\"wp-block-image size-full\"><img fetchpriority=\"high\" decoding=\"async\" width=\"1080\" height=\"1920\" src=\"http:\/\/novosaopaulo.com.br\/n1\/wp-content\/uploads\/2025\/07\/WhatsApp-Image-2025-07-24-at-09.50.27.jpeg\" alt=\"\" class=\"wp-image-25043\" srcset=\"https:\/\/novosaopaulo.com.br\/n1\/wp-content\/uploads\/2025\/07\/WhatsApp-Image-2025-07-24-at-09.50.27.jpeg 1080w, https:\/\/novosaopaulo.com.br\/n1\/wp-content\/uploads\/2025\/07\/WhatsApp-Image-2025-07-24-at-09.50.27-169x300.jpeg 169w, https:\/\/novosaopaulo.com.br\/n1\/wp-content\/uploads\/2025\/07\/WhatsApp-Image-2025-07-24-at-09.50.27-576x1024.jpeg 576w, https:\/\/novosaopaulo.com.br\/n1\/wp-content\/uploads\/2025\/07\/WhatsApp-Image-2025-07-24-at-09.50.27-768x1365.jpeg 768w, https:\/\/novosaopaulo.com.br\/n1\/wp-content\/uploads\/2025\/07\/WhatsApp-Image-2025-07-24-at-09.50.27-864x1536.jpeg 864w, https:\/\/novosaopaulo.com.br\/n1\/wp-content\/uploads\/2025\/07\/WhatsApp-Image-2025-07-24-at-09.50.27-1024x1820.jpeg 1024w\" sizes=\"(max-width: 1080px) 100vw, 1080px\" \/><\/figure>\n","protected":false},"excerpt":{"rendered":"<p>Sele\u00e7\u00e3o acontecer\u00e1 no dia 28 de julho, na Pra\u00e7a da Juventude, destinada a jovens nascidos&#8230;<\/p>\n","protected":false},"author":1,"featured_media":25045,"comment_status":"open","ping_status":"open","sticky":false,"template":"","format":"standard","meta":{"footnotes":""},"categories":[8],"tags":[],"featured_image_urls":{"full":["https:\/\/novosaopaulo.com.br\/n1\/wp-content\/uploads\/2025\/07\/WhatsApp-Image-2025-07-24-at-09.18.17.jpeg",768,511,false],"thumbnail":["https:\/\/novosaopaulo.com.br\/n1\/wp-content\/uploads\/2025\/07\/WhatsApp-Image-2025-07-24-at-09.18.17-150x150.jpeg",150,150,true],"medium":["https:\/\/novosaopaulo.com.br\/n1\/wp-content\/uploads\/2025\/07\/WhatsApp-Image-2025-07-24-at-09.18.17-300x200.jpeg",300,200,true],"medium_large":["https:\/\/novosaopaulo.com.br\/n1\/wp-content\/uploads\/2025\/07\/WhatsApp-Image-2025-07-24-at-09.18.17.jpeg",640,426,false],"large":["https:\/\/novosaopaulo.com.br\/n1\/wp-content\/uploads\/2025\/07\/WhatsApp-Image-2025-07-24-at-09.18.17.jpeg",640,426,false],"1536x1536":["https:\/\/novosaopaulo.com.br\/n1\/wp-content\/uploads\/2025\/07\/WhatsApp-Image-2025-07-24-at-09.18.17.jpeg",768,511,false],"2048x2048":["https:\/\/novosaopaulo.com.br\/n1\/wp-content\/uploads\/2025\/07\/WhatsApp-Image-2025-07-24-at-09.18.17.jpeg",768,511,false],"newsever-slider-full":["https:\/\/novosaopaulo.com.br\/n1\/wp-content\/uploads\/2025\/07\/WhatsApp-Image-2025-07-24-at-09.18.17.jpeg",768,511,false],"newsever-featured":["https:\/\/novosaopaulo.com.br\/n1\/wp-content\/uploads\/2025\/07\/WhatsApp-Image-2025-07-24-at-09.18.17.jpeg",768,511,false],"newsever-medium":["https:\/\/novosaopaulo.com.br\/n1\/wp-content\/uploads\/2025\/07\/WhatsApp-Image-2025-07-24-at-09.18.17-720x475.jpeg",720,475,true]},"author_info":{"display_name":"Reda\u00e7\u00e3o","author_link":"https:\/\/novosaopaulo.com.br\/n1\/author\/g5poa\/"},"category_info":"<a href=\"https:\/\/novosaopaulo.com.br\/n1\/category\/poa\/\" rel=\"category tag\">Po\u00e1<\/a>","tag_info":"Po\u00e1","comment_count":"0","_links":{"self":[{"href":"https:\/\/novosaopaulo.com.br\/n1\/wp-json\/wp\/v2\/posts\/25042"}],"collection":[{"href":"https:\/\/novosaopaulo.com.br\/n1\/wp-json\/wp\/v2\/posts"}],"about":[{"href":"https:\/\/novosaopaulo.com.br\/n1\/wp-json\/wp\/v2\/types\/post"}],"author":[{"embeddable":true,"href":"https:\/\/novosaopaulo.com.br\/n1\/wp-json\/wp\/v2\/users\/1"}],"replies":[{"embeddable":true,"href":"https:\/\/novosaopaulo.com.br\/n1\/wp-json\/wp\/v2\/comments?post=25042"}],"version-history":[{"count":2,"href":"https:\/\/novosaopaulo.com.br\/n1\/wp-json\/wp\/v2\/posts\/25042\/revisions"}],"predecessor-version":[{"id":25047,"href":"https:\/\/novosaopaulo.com.br\/n1\/wp-json\/wp\/v2\/posts\/25042\/revisions\/25047"}],"wp:featuredmedia":[{"embeddable":true,"href":"https:\/\/novosaopaulo.com.br\/n1\/wp-json\/wp\/v2\/media\/25045"}],"wp:attachment":[{"href":"https:\/\/novosaopaulo.com.br\/n1\/wp-json\/wp\/v2\/media?parent=25042"}],"wp:term":[{"taxonomy":"category","embeddable":true,"href":"https:\/\/novosaopaulo.com.br\/n1\/wp-json\/wp\/v2\/categories?post=25042"},{"taxonomy":"post_tag","embeddable":true,"href":"https:\/\/novosaopaulo.com.br\/n1\/wp-json\/wp\/v2\/tags?post=25042"}],"curies":[{"name":"wp","href":"https:\/\/api.w.org\/{rel}","templated":true}]}}