{"id":25032,"date":"2025-07-23T23:53:24","date_gmt":"2025-07-24T02:53:24","guid":{"rendered":"https:\/\/novosaopaulo.com.br\/n1\/?p=25032"},"modified":"2025-07-23T23:53:24","modified_gmt":"2025-07-24T02:53:24","slug":"festa-de-santana-2025-entra-na-reta-final-com-programacao-especial-em-mogi-das-cruzes","status":"publish","type":"post","link":"https:\/\/novosaopaulo.com.br\/n1\/festa-de-santana-2025-entra-na-reta-final-com-programacao-especial-em-mogi-das-cruzes\/","title":{"rendered":"Festa de Sant\u2019Ana 2025 entra na reta final com programa\u00e7\u00e3o especial em Mogi das Cruzes"},"content":{"rendered":"\n<p>Evento religioso mais antigo da cidade ser\u00e1 encerrado neste domingo (27), com missas solenes, prociss\u00e3o, quermesse e homenagens \u00e0 padroeira e aos av\u00f3s<\/p>\n\n\n\n<p>A tradicional Festa de Sant\u2019Ana 2025, celebra\u00e7\u00e3o religiosa mais antiga de Mogi das Cruzes, entra em seus \u00faltimos dias com uma programa\u00e7\u00e3o especial de f\u00e9, tradi\u00e7\u00e3o e devo\u00e7\u00e3o no Centro Hist\u00f3rico da cidade. As atividades seguem at\u00e9 o pr\u00f3ximo domingo (27\/07), com missas, prociss\u00e3o e a tradicional quermesse na Catedral de Sant\u2019Ana.<\/p>\n\n\n\n<p>Com mais de 300 anos de hist\u00f3ria, a festa homenageia Sant\u2019Ana, padroeira de Mogi das Cruzes e av\u00f3 de Jesus, s\u00edmbolo crist\u00e3o de sabedoria, maternidade e prote\u00e7\u00e3o.<\/p>\n\n\n\n<p>Programa\u00e7\u00e3o religiosa<br>Na sexta-feira (25\/07), fi\u00e9is poder\u00e3o participar do encerramento da Novena de Sant\u2019Ana, \u00e0s 19h, com a presen\u00e7a de padres da Diocese de Mogi das Cruzes.<\/p>\n\n\n\n<p>O ponto alto da programa\u00e7\u00e3o ser\u00e1 no s\u00e1bado (26\/07), Dia de Sant\u2019Ana. \u00c0s 12h, ser\u00e1 celebrada a Missa Solene com recebimento dos andores. \u00c0s 16h, ocorre a prociss\u00e3o pelas ruas do Centro, conduzida por Dom Pedro Luiz Stringhini, bispo diocesano, seguida da missa com b\u00ean\u00e7\u00e3o especial aos av\u00f3s e netos. A celebra\u00e7\u00e3o destaca o papel da padroeira como pilar da f\u00e9 familiar.<\/p>\n\n\n\n<p>No domingo (27\/07), a festa se encerra com a Missa de A\u00e7\u00e3o de Gra\u00e7as \u00e0s 19h, ocasi\u00e3o em que ser\u00e1 realizado o sorteio da A\u00e7\u00e3o entre Amigos, que arrecada fundos para os projetos sociais e pastorais da Par\u00f3quia.<\/p>\n\n\n\n<p>Quermesse<br>Durante os tr\u00eas dias finais, os visitantes tamb\u00e9m poder\u00e3o aproveitar a tradicional quermesse, com comidas t\u00edpicas, doces, brincadeiras e atra\u00e7\u00f5es para toda a fam\u00edlia, em um ambiente acolhedor e festivo.<\/p>\n\n\n\n<p>A entrada \u00e9 gratuita.<\/p>\n\n\n\n<p>Servi\u00e7o<br>\ud83d\udccd Catedral de Sant\u2019Ana \u2013 Pra\u00e7a Coronel Benedito de Almeida, Centro \u2013 Mogi das Cruzes<br>\ud83d\udcc5 At\u00e9 27 de julho (domingo)<br>\ud83d\udd70\ufe0f Missas:<\/p>\n\n\n\n<p>Sexta-feira (25\/07): 19h \u2013 Encerramento da Novena<\/p>\n\n\n\n<p>S\u00e1bado (26\/07): 12h \u2013 Missa Solene | 16h \u2013 Prociss\u00e3o e Missa presidida por Dom Pedro Luiz Stringhini<\/p>\n\n\n\n<p>Domingo (27\/07): 19h \u2013 Missa de A\u00e7\u00e3o de Gra\u00e7as e sorteio da A\u00e7\u00e3o entre Amigos<\/p>\n\n\n\n<p>Quermesse:<\/p>\n\n\n\n<p>Sexta-feira e domingo: a partir das 18h<\/p>\n\n\n\n<p>S\u00e1bado: a partir das 14h30<\/p>\n\n\n\n<p>Realiza\u00e7\u00e3o: Diocese de Mogi das Cruzes | Irmandade de Sant\u2019Ana | Catedral de Sant\u2019Ana<br>Coordena\u00e7\u00e3o: Monsenhor Dorival Aparecido de Moraes e Padre Marcelo de Oliveira<\/p>\n\n\n\n<figure class=\"wp-block-gallery has-nested-images columns-default is-cropped wp-block-gallery-1 is-layout-flex wp-block-gallery-is-layout-flex\">\n<figure class=\"wp-block-image size-large\"><a href=\"https:\/\/novosaopaulo.com.br\/n1\/wp-content\/uploads\/2025\/07\/WhatsApp-Image-2025-07-23-at-21.01.54.jpeg\" target=\"_blank\" rel=\"noopener\"><img fetchpriority=\"high\" decoding=\"async\" width=\"800\" height=\"600\" data-id=\"25033\" src=\"https:\/\/novosaopaulo.com.br\/n1\/wp-content\/uploads\/2025\/07\/WhatsApp-Image-2025-07-23-at-21.01.54.jpeg\" alt=\"\" class=\"wp-image-25033\" srcset=\"https:\/\/novosaopaulo.com.br\/n1\/wp-content\/uploads\/2025\/07\/WhatsApp-Image-2025-07-23-at-21.01.54.jpeg 800w, https:\/\/novosaopaulo.com.br\/n1\/wp-content\/uploads\/2025\/07\/WhatsApp-Image-2025-07-23-at-21.01.54-300x225.jpeg 300w, https:\/\/novosaopaulo.com.br\/n1\/wp-content\/uploads\/2025\/07\/WhatsApp-Image-2025-07-23-at-21.01.54-768x576.jpeg 768w\" sizes=\"(max-width: 800px) 100vw, 800px\" \/><\/a><\/figure>\n\n\n\n<figure class=\"wp-block-image size-large\"><a href=\"https:\/\/novosaopaulo.com.br\/n1\/wp-content\/uploads\/2025\/07\/WhatsApp-Image-2025-07-23-at-21.01.55.jpeg\" target=\"_blank\" rel=\"noopener\"><img decoding=\"async\" width=\"800\" height=\"533\" data-id=\"25035\" src=\"https:\/\/novosaopaulo.com.br\/n1\/wp-content\/uploads\/2025\/07\/WhatsApp-Image-2025-07-23-at-21.01.55.jpeg\" alt=\"\" class=\"wp-image-25035\" srcset=\"https:\/\/novosaopaulo.com.br\/n1\/wp-content\/uploads\/2025\/07\/WhatsApp-Image-2025-07-23-at-21.01.55.jpeg 800w, https:\/\/novosaopaulo.com.br\/n1\/wp-content\/uploads\/2025\/07\/WhatsApp-Image-2025-07-23-at-21.01.55-300x200.jpeg 300w, https:\/\/novosaopaulo.com.br\/n1\/wp-content\/uploads\/2025\/07\/WhatsApp-Image-2025-07-23-at-21.01.55-768x512.jpeg 768w\" sizes=\"(max-width: 800px) 100vw, 800px\" \/><\/a><\/figure>\n<\/figure>\n","protected":false},"excerpt":{"rendered":"<p>Evento religioso mais antigo da cidade ser\u00e1 encerrado neste domingo (27), com missas solenes, prociss\u00e3o,&#8230;<\/p>\n","protected":false},"author":1,"featured_media":25034,"comment_status":"open","ping_status":"open","sticky":false,"template":"","format":"standard","meta":{"footnotes":""},"categories":[34],"tags":[],"featured_image_urls":{"full":["https:\/\/novosaopaulo.com.br\/n1\/wp-content\/uploads\/2025\/07\/WhatsApp-Image-2025-07-23-at-21.01.54-1.jpeg",800,533,false],"thumbnail":["https:\/\/novosaopaulo.com.br\/n1\/wp-content\/uploads\/2025\/07\/WhatsApp-Image-2025-07-23-at-21.01.54-1-150x150.jpeg",150,150,true],"medium":["https:\/\/novosaopaulo.com.br\/n1\/wp-content\/uploads\/2025\/07\/WhatsApp-Image-2025-07-23-at-21.01.54-1-300x200.jpeg",300,200,true],"medium_large":["https:\/\/novosaopaulo.com.br\/n1\/wp-content\/uploads\/2025\/07\/WhatsApp-Image-2025-07-23-at-21.01.54-1-768x512.jpeg",640,427,true],"large":["https:\/\/novosaopaulo.com.br\/n1\/wp-content\/uploads\/2025\/07\/WhatsApp-Image-2025-07-23-at-21.01.54-1.jpeg",640,426,false],"1536x1536":["https:\/\/novosaopaulo.com.br\/n1\/wp-content\/uploads\/2025\/07\/WhatsApp-Image-2025-07-23-at-21.01.54-1.jpeg",800,533,false],"2048x2048":["https:\/\/novosaopaulo.com.br\/n1\/wp-content\/uploads\/2025\/07\/WhatsApp-Image-2025-07-23-at-21.01.54-1.jpeg",800,533,false],"newsever-slider-full":["https:\/\/novosaopaulo.com.br\/n1\/wp-content\/uploads\/2025\/07\/WhatsApp-Image-2025-07-23-at-21.01.54-1.jpeg",800,533,false],"newsever-featured":["https:\/\/novosaopaulo.com.br\/n1\/wp-content\/uploads\/2025\/07\/WhatsApp-Image-2025-07-23-at-21.01.54-1.jpeg",800,533,false],"newsever-medium":["https:\/\/novosaopaulo.com.br\/n1\/wp-content\/uploads\/2025\/07\/WhatsApp-Image-2025-07-23-at-21.01.54-1-720x475.jpeg",720,475,true]},"author_info":{"display_name":"Reda\u00e7\u00e3o","author_link":"https:\/\/novosaopaulo.com.br\/n1\/author\/g5poa\/"},"category_info":"<a href=\"https:\/\/novosaopaulo.com.br\/n1\/category\/alto-tiete\/\" rel=\"category tag\">Alto Tiet\u00ea<\/a>","tag_info":"Alto Tiet\u00ea","comment_count":"0","_links":{"self":[{"href":"https:\/\/novosaopaulo.com.br\/n1\/wp-json\/wp\/v2\/posts\/25032"}],"collection":[{"href":"https:\/\/novosaopaulo.com.br\/n1\/wp-json\/wp\/v2\/posts"}],"about":[{"href":"https:\/\/novosaopaulo.com.br\/n1\/wp-json\/wp\/v2\/types\/post"}],"author":[{"embeddable":true,"href":"https:\/\/novosaopaulo.com.br\/n1\/wp-json\/wp\/v2\/users\/1"}],"replies":[{"embeddable":true,"href":"https:\/\/novosaopaulo.com.br\/n1\/wp-json\/wp\/v2\/comments?post=25032"}],"version-history":[{"count":1,"href":"https:\/\/novosaopaulo.com.br\/n1\/wp-json\/wp\/v2\/posts\/25032\/revisions"}],"predecessor-version":[{"id":25036,"href":"https:\/\/novosaopaulo.com.br\/n1\/wp-json\/wp\/v2\/posts\/25032\/revisions\/25036"}],"wp:featuredmedia":[{"embeddable":true,"href":"https:\/\/novosaopaulo.com.br\/n1\/wp-json\/wp\/v2\/media\/25034"}],"wp:attachment":[{"href":"https:\/\/novosaopaulo.com.br\/n1\/wp-json\/wp\/v2\/media?parent=25032"}],"wp:term":[{"taxonomy":"category","embeddable":true,"href":"https:\/\/novosaopaulo.com.br\/n1\/wp-json\/wp\/v2\/categories?post=25032"},{"taxonomy":"post_tag","embeddable":true,"href":"https:\/\/novosaopaulo.com.br\/n1\/wp-json\/wp\/v2\/tags?post=25032"}],"curies":[{"name":"wp","href":"https:\/\/api.w.org\/{rel}","templated":true}]}}