{"id":25006,"date":"2025-07-23T12:51:12","date_gmt":"2025-07-23T15:51:12","guid":{"rendered":"https:\/\/novosaopaulo.com.br\/n1\/?p=25006"},"modified":"2025-07-23T12:51:12","modified_gmt":"2025-07-23T15:51:12","slug":"a-semana-decisiva-das-exportacoes-aos-eua","status":"publish","type":"post","link":"https:\/\/novosaopaulo.com.br\/n1\/a-semana-decisiva-das-exportacoes-aos-eua\/","title":{"rendered":"A semana decisiva das exporta\u00e7\u00f5es aos EUA"},"content":{"rendered":"\n<p>A decis\u00e3o do governador Tarc\u00edsio Freitas, de subsidiar os exportadores paulistas para o enfrentamento da tarifa\u00e7\u00f5es \u2013 de 50% &#8211; anunciado pelo governo dos Estados Unidos, \u00e9 uma concreta a\u00e7\u00e3o de governo pela estabilidade econ\u00f4mica da unidade federativa. Mas tem seus limites determinados pelo tamanho do cofre. Outros governadores tamb\u00e9m est\u00e3o se mobilizando em busca de solu\u00e7\u00f5es para os exportadores de seus Estados. \u00c9 de se esperar que o governo federal tenha discernimento para separar as diversas nuances do embate e fa\u00e7a a sua parte. Em vez de partir para o confronto, busque negocia\u00e7\u00e3o que possa garantir a continuidade do trabalho dos exportadores brasileiros que comercializam suas mercadorias para o pa\u00eds norteamericano. Nada melhor para isso que a quest\u00e3o seja encaminhada atrav\u00e9s do canal diplom\u00e1tico e do Minist\u00e9rio da Ind\u00fastria, Com\u00e9rcio e Desenvolvimento, capitaneado por Geraldo Alckmin, vice-presidente da Rep\u00fablica e experimentado pol\u00edtico de sucessivos mandatos \u00e0 frente do governo de S\u00e3o Paulo, reconhecidamente um pol\u00edtico muito bem preparado e moderado. Arroubos e provoca\u00e7\u00f5es como as que temos visto tanto de Trump para Lula quanto de Lula para\u00b4Trump n\u00e3o levam a solu\u00e7\u00e3o alguma. E, se o tarifa\u00e7o entrar em vigor dia 1\u00ba de agosto, consolida-se o preju\u00edzo \u00e0s exporta\u00e7\u00f5es brasileiras.<br>A \u2018briga\u2019 dos EUA com o Brasil, para ter expectativa de solu\u00e7\u00e3o, precisa ser fatiada. Uma coisa \u00e9 a quest\u00e3o tarif\u00e1ria, que Donald Trump vem negociando com diferentes pa\u00edses com quem os EUA comerciam. J\u00e1 fez acordos com Jap\u00e3o, China, Comunidade Europe\u00eda e outros pa\u00edses e ao que tudo indica, n\u00e3o h\u00e1 impedimentos para que tamb\u00e9m o fa\u00e7am com o Brasil desde que n\u00e3o se generalize os desentendimentos. A quest\u00e3o ideol\u00f3gica \u2013 Trump de direita e Lula de esquerda \u2013 n\u00e3o deve ser complicador se ambos estiverem com boa vontade. J\u00e1 os temas ligados ao Supremo Tribunal Federal, cujos ministros foram despojados dos seus vistos para entrada nos EUA e podem sofrer san\u00e7\u00f5es, \u00e9 uma outra quest\u00e3o que jamais poder\u00e1 ser colocada na mesma gaveta das exporta\u00e7\u00f5es\/importa\u00e7\u00f5es. \u00c9 uma quest\u00e3o que deve ter tratamento pr\u00f3prio atrav\u00e9s dos envolvidos e pelo cotejo de suas raz\u00f5es. O mesmo deve ocorrer com a quest\u00e3o da persegui\u00e7\u00e3o a Jair Bolsonaro que, sozinha, tem potencial suficiente para gerar outra mesa de discuss\u00e3o.<br>\u00c9 um desperd\u00edcio dois pa\u00edses que mant\u00eam bom relacionamento h\u00e1 mais de dois s\u00e9culos, enveredarem pelo mar do confronto e do desentendimento por raz\u00f5es que, negociadas, podem r\u00e1pida e facilmente ser solucionadas. As equipes de governo dos dois pa\u00edses t\u00eam o dever de trabalhar em busca das solu\u00e7\u00f5es e encontrar o ponto onde os dois governantes possam chegar a um acordo que n\u00e3o seja gravoso e nem prejudicial a ambas as partes. Quanto ao contencioso de ordem pol\u00edtica e institucional, a diplomacia de ambos tem de ser capaz de encontrar o meio termo. Se n\u00e3o conseguirem, precisam ser reformadas por componentes mais capazes.<br>Brasil precisa vender suas mercadorias aos Estados Unidos e Estados Unidos delas necessitam para abastecer sua popula\u00e7\u00e3o. N\u00e3o fosse isso, os neg\u00f3cios nem existiriam. E, para existir, tem de ser bom para ambos os lados do balc\u00e3o. N\u00e3o podem quest\u00f5es estranhas ao pr\u00f3prio neg\u00f3cio trazer preju\u00edzos \u00e0 sua concretiza\u00e7\u00e3o. A quest\u00e3o do com\u00e9rcio se resolve com a solu\u00e7\u00e3o de problemas que os parceiros reclamam e nada mais. E as desaven\u00e7as pol\u00edticas, ideol\u00f3gicas e institucionais t\u00eam de passar por foros pr\u00f3prios ou n\u00e3o encontrar\u00e3o solu\u00e7\u00e3o.<br>Precisamos que, al\u00e9m do interesse e a\u00e7\u00e3o dos governadores estaduais, o governo do presidente Lula se empenhe para tratar com toda urg\u00eancia da quest\u00e3o comercial. Resta apenas o ex\u00edguo espa\u00e7o de uma semana para resolver os problemas comerciais. Depois disso, todos perder\u00e3o, nos mais por sermos pequenos e os EUA menos devido ao tamanho de sua economia.<br>A pol\u00edtica de Estado \u00e9 diferente da feita em car\u00e1ter pessoal. O Estado \u00e9 um ser institucional e tem como caracter\u00edstica tratar pontualmente de seus interesses. Diferente do ser humano que, al\u00e9m do quadro de interesses e prioridades, coloca na mesa tamb\u00e9m a carga emocional que, na maioria das vezes \u00e9 o fator de desaven\u00e7a e danos a todos.<br>Com sua tradi\u00e7\u00e3o de a\u00e7\u00e3o equilibrada e pacifista, a diplomacia brasileira precisa agir em favor da melhor solu\u00e7\u00e3o. Jamais poder\u00e1 ceder a interesses eleitoreiros do presidente da Rep\u00fablica que j\u00e1 corre atr\u00e1s de um quarto mandato e aos seus arroubos que podem fazer boa figura junto aos seus parceiros da esquerda, mas traz problemas aos n\u00e3o alinhados. O proselitismo pela cria\u00e7\u00e3o de um moeda internacional que fa\u00e7a frente ao d\u00f3lar, as cr\u00edticas a Israel, o apoio ao Hamas e ao Ir\u00e3 e a vincula\u00e7\u00e3o \u00e0 R\u00fassia podem atender aos interesses e aspira\u00e7\u00f5es do presidente Lula e \u2013 numa an\u00e1lise fria \u2013 s\u00e3o do seu interesse. Mas n\u00e3o podem criar dificuldades para o bom tr\u00e2nsito internacional do Brasil. Da\u00ed a necessidade de cada assunto ser tratado em seu respectivo lugar e jamais no popular jeito do tudo junto e misturado\u2026<br>Ainda mais. Os governadores \u2013 se ainda puderem \u2013 devem lembrar o presidente e o governo federal que o Brasil \u00e9 altamente dependente do sistema tecnol\u00f3gico dos EUA e n\u00e3o escapar\u00e1 do caos nos transportes, na agricultura, na ind\u00fastria petrol\u00edfera, nos centros tecnol\u00f3gicos e at\u00e9 na atividade militar se n\u00e3o tivermos acesso ao GPS, sat\u00e9lites, bancos de dados e outros equipamentos operados na Am\u00e9rica do Norte. N\u00e3o h\u00e1 aventura social, pol\u00edtica, ideol\u00f3gica ou econ\u00f4mica capaz de compensar o que perderemos numa poss\u00edvel ruptura.<\/p>\n\n\n\n<p>Tenente Dirceu Cardoso Gon\u00e7alves &#8211; dirigente da ASPOMIL (Associa\u00e7\u00e3o de Assist\u00eancia Social dos Policiais Militares de S\u00e3o Paulo).<\/p>\n","protected":false},"excerpt":{"rendered":"<p>A decis\u00e3o do governador Tarc\u00edsio Freitas, de subsidiar os exportadores paulistas para o enfrentamento da&#8230;<\/p>\n","protected":false},"author":1,"featured_media":23327,"comment_status":"open","ping_status":"open","sticky":false,"template":"","format":"standard","meta":{"footnotes":""},"categories":[2],"tags":[],"featured_image_urls":{"full":["https:\/\/novosaopaulo.com.br\/n1\/wp-content\/uploads\/2025\/04\/Tenente-Dirceu-Cardoso-Goncalves.jpg",600,564,false],"thumbnail":["https:\/\/novosaopaulo.com.br\/n1\/wp-content\/uploads\/2025\/04\/Tenente-Dirceu-Cardoso-Goncalves-150x150.jpg",150,150,true],"medium":["https:\/\/novosaopaulo.com.br\/n1\/wp-content\/uploads\/2025\/04\/Tenente-Dirceu-Cardoso-Goncalves-300x282.jpg",300,282,true],"medium_large":["https:\/\/novosaopaulo.com.br\/n1\/wp-content\/uploads\/2025\/04\/Tenente-Dirceu-Cardoso-Goncalves.jpg",600,564,false],"large":["https:\/\/novosaopaulo.com.br\/n1\/wp-content\/uploads\/2025\/04\/Tenente-Dirceu-Cardoso-Goncalves.jpg",600,564,false],"1536x1536":["https:\/\/novosaopaulo.com.br\/n1\/wp-content\/uploads\/2025\/04\/Tenente-Dirceu-Cardoso-Goncalves.jpg",600,564,false],"2048x2048":["https:\/\/novosaopaulo.com.br\/n1\/wp-content\/uploads\/2025\/04\/Tenente-Dirceu-Cardoso-Goncalves.jpg",600,564,false],"newsever-slider-full":["https:\/\/novosaopaulo.com.br\/n1\/wp-content\/uploads\/2025\/04\/Tenente-Dirceu-Cardoso-Goncalves.jpg",600,564,false],"newsever-featured":["https:\/\/novosaopaulo.com.br\/n1\/wp-content\/uploads\/2025\/04\/Tenente-Dirceu-Cardoso-Goncalves.jpg",600,564,false],"newsever-medium":["https:\/\/novosaopaulo.com.br\/n1\/wp-content\/uploads\/2025\/04\/Tenente-Dirceu-Cardoso-Goncalves-600x475.jpg",600,475,true]},"author_info":{"display_name":"Reda\u00e7\u00e3o","author_link":"https:\/\/novosaopaulo.com.br\/n1\/author\/g5poa\/"},"category_info":"<a href=\"https:\/\/novosaopaulo.com.br\/n1\/category\/cidades\/\" rel=\"category tag\">Cidades<\/a>","tag_info":"Cidades","comment_count":"0","_links":{"self":[{"href":"https:\/\/novosaopaulo.com.br\/n1\/wp-json\/wp\/v2\/posts\/25006"}],"collection":[{"href":"https:\/\/novosaopaulo.com.br\/n1\/wp-json\/wp\/v2\/posts"}],"about":[{"href":"https:\/\/novosaopaulo.com.br\/n1\/wp-json\/wp\/v2\/types\/post"}],"author":[{"embeddable":true,"href":"https:\/\/novosaopaulo.com.br\/n1\/wp-json\/wp\/v2\/users\/1"}],"replies":[{"embeddable":true,"href":"https:\/\/novosaopaulo.com.br\/n1\/wp-json\/wp\/v2\/comments?post=25006"}],"version-history":[{"count":1,"href":"https:\/\/novosaopaulo.com.br\/n1\/wp-json\/wp\/v2\/posts\/25006\/revisions"}],"predecessor-version":[{"id":25007,"href":"https:\/\/novosaopaulo.com.br\/n1\/wp-json\/wp\/v2\/posts\/25006\/revisions\/25007"}],"wp:featuredmedia":[{"embeddable":true,"href":"https:\/\/novosaopaulo.com.br\/n1\/wp-json\/wp\/v2\/media\/23327"}],"wp:attachment":[{"href":"https:\/\/novosaopaulo.com.br\/n1\/wp-json\/wp\/v2\/media?parent=25006"}],"wp:term":[{"taxonomy":"category","embeddable":true,"href":"https:\/\/novosaopaulo.com.br\/n1\/wp-json\/wp\/v2\/categories?post=25006"},{"taxonomy":"post_tag","embeddable":true,"href":"https:\/\/novosaopaulo.com.br\/n1\/wp-json\/wp\/v2\/tags?post=25006"}],"curies":[{"name":"wp","href":"https:\/\/api.w.org\/{rel}","templated":true}]}}