{"id":24976,"date":"2025-07-22T19:39:38","date_gmt":"2025-07-22T22:39:38","guid":{"rendered":"https:\/\/novosaopaulo.com.br\/n1\/?p=24976"},"modified":"2025-07-22T19:39:39","modified_gmt":"2025-07-22T22:39:39","slug":"gabriel-oliveira-a-nova-voz-do-sertanejo","status":"publish","type":"post","link":"https:\/\/novosaopaulo.com.br\/n1\/gabriel-oliveira-a-nova-voz-do-sertanejo\/","title":{"rendered":"\u201cGabriel Oliveira, a nova voz do sertanejo \u201c"},"content":{"rendered":"\n<p>Gabriel Oliveira dos Santos, cantor e compositor, natural da cidade de Ceil\u00e2ndia &#8211; Distrito Federal. Sempre muito<br>batalhador e sonhador desde de pequeno, j\u00e1 trabalhou como mec\u00e2nico de autom\u00f3veis na oficina de seu pai onde viveu muitos aprendizados. Mas foi aos 13 anos de idade que come\u00e7ou a se apaixonar pela m\u00fasica e come\u00e7ar a tocar os primeiros acordes no viol\u00e3o.<\/p>\n\n\n\n<p>Depois de alguns anos se aprimorando, o sonho de viver da m\u00fasica foi crescendo junto. Aos 17 anos come\u00e7ou a tocar em festas de fam\u00edlia, restaurantes e barzinhos, come\u00e7ando a pegar intimidade com a m\u00fasica, com o p\u00fablico e anos depois as m\u00fasicas autorais entraram no planejamento do artista.<\/p>\n\n\n\n<p>Em 2018 lan\u00e7ou a primeira m\u00fasica de trabalho<br>&#8220;Mulher de Programa&#8221;.Em 2019 veio com o single &#8220;Rem\u00e9dio Fatal&#8221; plataformas digitais. Em 2022 com single &#8220;Beijando no Rosto&#8221; e em 2023 com a &#8220;Eterna Parceria&#8221;.<\/p>\n\n\n\n<p>E nesse ano de 2025 deu in\u00edcio a um projeto totalmente intimista e que promete vim com v\u00e1rias edi\u00e7\u00f5es e eventos, chamado<br>\u201cResenha Aleat\u00f3ria\u201d. Ambos est\u00e3o dispon\u00edveis nas plataformas digitais.<\/p>\n\n\n\n<p>Sobre suas refer\u00eancias e inspira\u00e7\u00f5es musicais, ele conta: \u201cComo todos n\u00f3s sempre temos aquelas pessoas que nos espelhamos, que s\u00e3o as nossas refer\u00eancias, uma dupla que foi muito importante e fez parte do in\u00edcio desse sonho foi a dupla Victor e L\u00e9o.<\/p>\n\n\n\n<p>Atualmente minhas maiores refer\u00eancias do sertanejo s\u00e3o Gusttavo Lima e a dupla Z\u00e9<br>Neto e Cristiano\u201d<\/p>\n\n\n\n<p>Em S\u00e3o Paulo, ontem participou do podcast \u201cSuper Life brasil\u201d com um bate papo descontraido com o Ma Brito e hoje vai participar do programa \u201cviva a vida\u201d na Rede Vida onde cantar\u00e1 seus sucessos ao lado o apresentador Dalcides.<\/p>\n","protected":false},"excerpt":{"rendered":"<p>Gabriel Oliveira dos Santos, cantor e compositor, natural da cidade de Ceil\u00e2ndia &#8211; Distrito Federal&#8230;.<\/p>\n","protected":false},"author":1,"featured_media":24977,"comment_status":"open","ping_status":"open","sticky":false,"template":"","format":"standard","meta":{"footnotes":""},"categories":[38],"tags":[],"featured_image_urls":{"full":["https:\/\/novosaopaulo.com.br\/n1\/wp-content\/uploads\/2025\/07\/WhatsApp-Image-2025-07-22-at-17.18.30.jpeg",544,690,false],"thumbnail":["https:\/\/novosaopaulo.com.br\/n1\/wp-content\/uploads\/2025\/07\/WhatsApp-Image-2025-07-22-at-17.18.30-150x150.jpeg",150,150,true],"medium":["https:\/\/novosaopaulo.com.br\/n1\/wp-content\/uploads\/2025\/07\/WhatsApp-Image-2025-07-22-at-17.18.30-237x300.jpeg",237,300,true],"medium_large":["https:\/\/novosaopaulo.com.br\/n1\/wp-content\/uploads\/2025\/07\/WhatsApp-Image-2025-07-22-at-17.18.30.jpeg",544,690,false],"large":["https:\/\/novosaopaulo.com.br\/n1\/wp-content\/uploads\/2025\/07\/WhatsApp-Image-2025-07-22-at-17.18.30.jpeg",544,690,false],"1536x1536":["https:\/\/novosaopaulo.com.br\/n1\/wp-content\/uploads\/2025\/07\/WhatsApp-Image-2025-07-22-at-17.18.30.jpeg",544,690,false],"2048x2048":["https:\/\/novosaopaulo.com.br\/n1\/wp-content\/uploads\/2025\/07\/WhatsApp-Image-2025-07-22-at-17.18.30.jpeg",544,690,false],"newsever-slider-full":["https:\/\/novosaopaulo.com.br\/n1\/wp-content\/uploads\/2025\/07\/WhatsApp-Image-2025-07-22-at-17.18.30.jpeg",544,690,false],"newsever-featured":["https:\/\/novosaopaulo.com.br\/n1\/wp-content\/uploads\/2025\/07\/WhatsApp-Image-2025-07-22-at-17.18.30.jpeg",544,690,false],"newsever-medium":["https:\/\/novosaopaulo.com.br\/n1\/wp-content\/uploads\/2025\/07\/WhatsApp-Image-2025-07-22-at-17.18.30-544x475.jpeg",544,475,true]},"author_info":{"display_name":"Reda\u00e7\u00e3o","author_link":"https:\/\/novosaopaulo.com.br\/n1\/author\/g5poa\/"},"category_info":"<a href=\"https:\/\/novosaopaulo.com.br\/n1\/category\/joao-costa\/\" rel=\"category tag\">Jo\u00e3o Costa<\/a>","tag_info":"Jo\u00e3o Costa","comment_count":"0","_links":{"self":[{"href":"https:\/\/novosaopaulo.com.br\/n1\/wp-json\/wp\/v2\/posts\/24976"}],"collection":[{"href":"https:\/\/novosaopaulo.com.br\/n1\/wp-json\/wp\/v2\/posts"}],"about":[{"href":"https:\/\/novosaopaulo.com.br\/n1\/wp-json\/wp\/v2\/types\/post"}],"author":[{"embeddable":true,"href":"https:\/\/novosaopaulo.com.br\/n1\/wp-json\/wp\/v2\/users\/1"}],"replies":[{"embeddable":true,"href":"https:\/\/novosaopaulo.com.br\/n1\/wp-json\/wp\/v2\/comments?post=24976"}],"version-history":[{"count":1,"href":"https:\/\/novosaopaulo.com.br\/n1\/wp-json\/wp\/v2\/posts\/24976\/revisions"}],"predecessor-version":[{"id":24978,"href":"https:\/\/novosaopaulo.com.br\/n1\/wp-json\/wp\/v2\/posts\/24976\/revisions\/24978"}],"wp:featuredmedia":[{"embeddable":true,"href":"https:\/\/novosaopaulo.com.br\/n1\/wp-json\/wp\/v2\/media\/24977"}],"wp:attachment":[{"href":"https:\/\/novosaopaulo.com.br\/n1\/wp-json\/wp\/v2\/media?parent=24976"}],"wp:term":[{"taxonomy":"category","embeddable":true,"href":"https:\/\/novosaopaulo.com.br\/n1\/wp-json\/wp\/v2\/categories?post=24976"},{"taxonomy":"post_tag","embeddable":true,"href":"https:\/\/novosaopaulo.com.br\/n1\/wp-json\/wp\/v2\/tags?post=24976"}],"curies":[{"name":"wp","href":"https:\/\/api.w.org\/{rel}","templated":true}]}}