{"id":24968,"date":"2025-07-22T09:16:54","date_gmt":"2025-07-22T12:16:54","guid":{"rendered":"https:\/\/novosaopaulo.com.br\/n1\/?p=24968"},"modified":"2025-07-22T09:16:54","modified_gmt":"2025-07-22T12:16:54","slug":"secretarios-de-educacao-de-poa-e-de-atibaia-trocam-experiencias-e-alinham-pautas-para-forum-nacional","status":"publish","type":"post","link":"https:\/\/novosaopaulo.com.br\/n1\/secretarios-de-educacao-de-poa-e-de-atibaia-trocam-experiencias-e-alinham-pautas-para-forum-nacional\/","title":{"rendered":"Secret\u00e1rios de Educa\u00e7\u00e3o de Po\u00e1 e de Atibaia trocam experi\u00eancias e alinham pautas para f\u00f3rum nacional"},"content":{"rendered":"\n<p>Em encontro na Secretaria de Educa\u00e7\u00e3o, a dupla debateu sobre temas relevantes para o 20\u00ba F\u00f3rum Nacional da Undime e fortaleceu o di\u00e1logo regional<\/p>\n\n\n\n<p>O secret\u00e1rio de Educa\u00e7\u00e3o de Po\u00e1, Diego Moreira, recebeu em seu gabinete a chefe da pasta de Educa\u00e7\u00e3o de Atibaia, a professora e psic\u00f3loga Denise Barbosa, especialista em gest\u00e3o educacional e educa\u00e7\u00e3o inclusiva. O encontro, realizado na \u00faltima sexta-feira (18), foi pautado pelo di\u00e1logo e pela troca de experi\u00eancias entre os dois munic\u00edpios, com foco na constru\u00e7\u00e3o de uma educa\u00e7\u00e3o p\u00fablica mais equitativa e de qualidade.<\/p>\n\n\n\n<p>Como delegados da Uni\u00e3o Nacional dos Dirigentes Municipais de Educa\u00e7\u00e3o (Undime), os secret\u00e1rios representar\u00e3o o Estado de S\u00e3o Paulo no 20\u00ba F\u00f3rum Nacional dos Dirigentes Municipais de Educa\u00e7\u00e3o, que acontece entre os dias 27 e 30 de julho, no Centro de Conven\u00e7\u00f5es Salvador, na Bahia. A edi\u00e7\u00e3o deste ano ter\u00e1 como tema central: \u201cPlano Decenal de Educa\u00e7\u00e3o, pol\u00edtica de Estado para garantir o direito \u00e0 educa\u00e7\u00e3o\u201d.<\/p>\n\n\n\n<p>Durante o encontro em Po\u00e1, os dirigentes discutiram pontos centrais que ser\u00e3o levados ao congresso, como os desafios para os pr\u00f3ximos dez anos da educa\u00e7\u00e3o p\u00fablica, estrat\u00e9gias para garantir inclus\u00e3o, forma\u00e7\u00e3o docente, sa\u00fade mental e o fortalecimento da coopera\u00e7\u00e3o entre munic\u00edpios.<\/p>\n\n\n\n<p>Di\u00e1logo<br>Segundo Moreira, a visita de Denise Barbosa refor\u00e7a a import\u00e2ncia da colabora\u00e7\u00e3o entre os munic\u00edpios. \u201cPo\u00e1 volta a dialogar com o Estado, com outras capitais e com cidades que enfrentam desafios semelhantes. Atibaia tem uma import\u00e2ncia muito grande pela semelhan\u00e7a com Po\u00e1, tanto no n\u00famero de estudantes quanto nas experi\u00eancias que podemos trocar\u201d, afirmou.<\/p>\n\n\n\n<p>O secret\u00e1rio destacou tamb\u00e9m os recentes esfor\u00e7os da atual gest\u00e3o em firmar parcerias com outras secretarias municipais de Educa\u00e7\u00e3o da Regi\u00e3o Metropolitana de S\u00e3o Paulo, do Alto Tiet\u00ea, do interior do Estado e at\u00e9 mesmo de outras capitais. \u201cEssa troca \u00e9 fundamental para aprimorar pol\u00edticas p\u00fablicas e trazer solu\u00e7\u00f5es reais para a nossa realidade\u201d, completou.<\/p>\n\n\n\n<p>Denise Barbosa, por sua vez, ressaltou a relev\u00e2ncia de Po\u00e1 na constru\u00e7\u00e3o de pol\u00edticas inclusivas e o potencial de integra\u00e7\u00e3o entre as redes. \u201cEstar aqui hoje \u00e9 importante para entender como \u00e9 feito o trabalho em Po\u00e1 e quais s\u00e3o as boas pr\u00e1ticas. Queremos levar experi\u00eancias para Atibaia e compartilhar o que tamb\u00e9m tem dado certo na nossa cidade\u201d, disse.<\/p>\n\n\n\n<p>A forma\u00e7\u00e3o dos professores e a cria\u00e7\u00e3o de programas de mestrado para a categoria tamb\u00e9m estiveram na pauta entre os secret\u00e1rios. A troca de experi\u00eancias permitiu identificar pontos em comum e possibilidades de atua\u00e7\u00e3o conjunta no sentido de valorizar o magist\u00e9rio e garantir melhores condi\u00e7\u00f5es de trabalho e aprendizado.<br>Moreira frisou que \u201cvalorizar o professor \u00e9 investir diretamente na qualidade da educa\u00e7\u00e3o\u201d. Denise, por sua vez, complementou dizendo que \u201cqualifica\u00e7\u00e3o permanente \u00e9 um dos pilares para a constru\u00e7\u00e3o de uma escola p\u00fablica de excel\u00eancia\u201d.<\/p>\n\n\n\n<p>Foto: Nivaldo Alves.<\/p>\n","protected":false},"excerpt":{"rendered":"<p>Em encontro na Secretaria de Educa\u00e7\u00e3o, a dupla debateu sobre temas relevantes para o 20\u00ba&#8230;<\/p>\n","protected":false},"author":1,"featured_media":24969,"comment_status":"open","ping_status":"open","sticky":false,"template":"","format":"standard","meta":{"footnotes":""},"categories":[8],"tags":[],"featured_image_urls":{"full":["https:\/\/novosaopaulo.com.br\/n1\/wp-content\/uploads\/2025\/07\/WhatsApp-Image-2025-07-22-at-08.34.48.jpeg",853,1280,false],"thumbnail":["https:\/\/novosaopaulo.com.br\/n1\/wp-content\/uploads\/2025\/07\/WhatsApp-Image-2025-07-22-at-08.34.48-150x150.jpeg",150,150,true],"medium":["https:\/\/novosaopaulo.com.br\/n1\/wp-content\/uploads\/2025\/07\/WhatsApp-Image-2025-07-22-at-08.34.48-200x300.jpeg",200,300,true],"medium_large":["https:\/\/novosaopaulo.com.br\/n1\/wp-content\/uploads\/2025\/07\/WhatsApp-Image-2025-07-22-at-08.34.48-768x1152.jpeg",640,960,true],"large":["https:\/\/novosaopaulo.com.br\/n1\/wp-content\/uploads\/2025\/07\/WhatsApp-Image-2025-07-22-at-08.34.48-682x1024.jpeg",640,961,true],"1536x1536":["https:\/\/novosaopaulo.com.br\/n1\/wp-content\/uploads\/2025\/07\/WhatsApp-Image-2025-07-22-at-08.34.48.jpeg",853,1280,false],"2048x2048":["https:\/\/novosaopaulo.com.br\/n1\/wp-content\/uploads\/2025\/07\/WhatsApp-Image-2025-07-22-at-08.34.48.jpeg",853,1280,false],"newsever-slider-full":["https:\/\/novosaopaulo.com.br\/n1\/wp-content\/uploads\/2025\/07\/WhatsApp-Image-2025-07-22-at-08.34.48-853x845.jpeg",853,845,true],"newsever-featured":["https:\/\/novosaopaulo.com.br\/n1\/wp-content\/uploads\/2025\/07\/WhatsApp-Image-2025-07-22-at-08.34.48.jpeg",853,1280,false],"newsever-medium":["https:\/\/novosaopaulo.com.br\/n1\/wp-content\/uploads\/2025\/07\/WhatsApp-Image-2025-07-22-at-08.34.48-720x475.jpeg",720,475,true]},"author_info":{"display_name":"Reda\u00e7\u00e3o","author_link":"https:\/\/novosaopaulo.com.br\/n1\/author\/g5poa\/"},"category_info":"<a href=\"https:\/\/novosaopaulo.com.br\/n1\/category\/poa\/\" rel=\"category tag\">Po\u00e1<\/a>","tag_info":"Po\u00e1","comment_count":"0","_links":{"self":[{"href":"https:\/\/novosaopaulo.com.br\/n1\/wp-json\/wp\/v2\/posts\/24968"}],"collection":[{"href":"https:\/\/novosaopaulo.com.br\/n1\/wp-json\/wp\/v2\/posts"}],"about":[{"href":"https:\/\/novosaopaulo.com.br\/n1\/wp-json\/wp\/v2\/types\/post"}],"author":[{"embeddable":true,"href":"https:\/\/novosaopaulo.com.br\/n1\/wp-json\/wp\/v2\/users\/1"}],"replies":[{"embeddable":true,"href":"https:\/\/novosaopaulo.com.br\/n1\/wp-json\/wp\/v2\/comments?post=24968"}],"version-history":[{"count":1,"href":"https:\/\/novosaopaulo.com.br\/n1\/wp-json\/wp\/v2\/posts\/24968\/revisions"}],"predecessor-version":[{"id":24970,"href":"https:\/\/novosaopaulo.com.br\/n1\/wp-json\/wp\/v2\/posts\/24968\/revisions\/24970"}],"wp:featuredmedia":[{"embeddable":true,"href":"https:\/\/novosaopaulo.com.br\/n1\/wp-json\/wp\/v2\/media\/24969"}],"wp:attachment":[{"href":"https:\/\/novosaopaulo.com.br\/n1\/wp-json\/wp\/v2\/media?parent=24968"}],"wp:term":[{"taxonomy":"category","embeddable":true,"href":"https:\/\/novosaopaulo.com.br\/n1\/wp-json\/wp\/v2\/categories?post=24968"},{"taxonomy":"post_tag","embeddable":true,"href":"https:\/\/novosaopaulo.com.br\/n1\/wp-json\/wp\/v2\/tags?post=24968"}],"curies":[{"name":"wp","href":"https:\/\/api.w.org\/{rel}","templated":true}]}}