{"id":24959,"date":"2025-07-19T20:56:15","date_gmt":"2025-07-19T23:56:15","guid":{"rendered":"https:\/\/novosaopaulo.com.br\/n1\/?p=24959"},"modified":"2025-07-19T20:56:16","modified_gmt":"2025-07-19T23:56:16","slug":"prefeito-saulo-souza-anuncia-entrega-de-apostilas-do-sistema-universitario-para-todos-os-alunos-da-rede-municipal","status":"publish","type":"post","link":"https:\/\/novosaopaulo.com.br\/n1\/prefeito-saulo-souza-anuncia-entrega-de-apostilas-do-sistema-universitario-para-todos-os-alunos-da-rede-municipal\/","title":{"rendered":"Prefeito Saulo Souza anuncia entrega de apostilas do sistema Universit\u00e1rio para todos os alunos da rede municipal"},"content":{"rendered":"\n<p>A Prefeitura de Po\u00e1 inicia o segundo semestre letivo com uma grande novidade para a educa\u00e7\u00e3o municipal: a entrega de material did\u00e1tico apostilado do Sistema Educacional Universit\u00e1rio para todos os alunos da rede p\u00fablica. A distribui\u00e7\u00e3o das apostilas foi anunciada nesta sexta-feira (18) pelo prefeito Saulo Souza e acontece j\u00e1 no retorno das f\u00e9rias escolares, marcando uma nova etapa na pol\u00edtica educacional do munic\u00edpio, com foco no fortalecimento da aprendizagem e na valoriza\u00e7\u00e3o de recursos pedag\u00f3gicos estruturados e atualizados.<\/p>\n\n\n\n<p>A a\u00e7\u00e3o, coordenada pela Secretaria de Educa\u00e7\u00e3o de Po\u00e1, tem como objetivo ampliar as possibilidades de aprendizagem, oferecer um ensino mais qualificado e garantir um curr\u00edculo alinhado \u00e0 Base Nacional Comum Curricular (BNCC). Esta ser\u00e1 a primeira vez que os estudantes poaenses ter\u00e3o acesso ao sistema apostilado da rede Universit\u00e1rio, reconhecida pela metodologia eficaz e adaptada \u00e0s necessidades do ensino b\u00e1sico.<\/p>\n\n\n\n<p>De acordo com o prefeito Saulo Souza, a entrega das novas apostilas representa um importante avan\u00e7o na rede municipal de ensino. \u201cAs apostilas s\u00e3o modernas, coloridas, com metodologia diferenciada e chegam para acelerar a alfabetiza\u00e7\u00e3o na idade certa, sendo parte importante para a recomposi\u00e7\u00e3o das aprendizagens ap\u00f3s a pandemia. Seguiremos trabalhando para garantir o melhor em qualidade de ensino e estrutura para nossos alunos, assim como j\u00e1 fizemos com a entrega dos uniformes e kits de material escolar\u201d, afirmou.<\/p>\n\n\n\n<p>Para o secret\u00e1rio de Educa\u00e7\u00e3o, Diego Moreira, com essa iniciativa, a pasta assume o compromisso de transformar a realidade educacional do munic\u00edpio, priorizando a\u00e7\u00f5es concretas que impactam diretamente a aprendizagem dos estudantes. \u201cA Educa\u00e7\u00e3o de Po\u00e1 avan\u00e7a para um novo patamar com a ado\u00e7\u00e3o do sistema apostilado, que est\u00e1 diretamente articulado ao processo de constru\u00e7\u00e3o do Curr\u00edculo da Cidade. Nossa proposta \u00e9 promover um salto qualitativo no ensino da cidade\u201d, destacou o secret\u00e1rio de Educa\u00e7\u00e3o, Diego Moreira.<\/p>\n\n\n\n<p>Com conte\u00fado moderno, acess\u00edvel e capas personalizadas com imagens da cidade, as apostilas ser\u00e3o utilizadas por todas as etapas da educa\u00e7\u00e3o municipal. Al\u00e9m de atender \u00e0s diretrizes da BNCC, o material oferece suporte tanto aos alunos quanto aos professores, que poder\u00e3o contar com um planejamento estruturado ao longo do ano letivo.<\/p>\n\n\n\n<p>Forma\u00e7\u00e3o de professores<\/p>\n\n\n\n<p>Paralelamente \u00e0 entrega dos materiais, a Prefeitura de Po\u00e1 tamb\u00e9m est\u00e1 investindo fortemente na forma\u00e7\u00e3o continuada dos professores da rede municipal. A medida busca garantir que o uso do novo conte\u00fado seja plenamente integrado a pr\u00e1ticas pedag\u00f3gicas inovadoras e eficazes, promovendo uma verdadeira revolu\u00e7\u00e3o nas salas de aula.<\/p>\n\n\n\n<p>\u201cA forma\u00e7\u00e3o continuada \u00e9 essencial para que o material n\u00e3o seja apenas mais um recurso, mas sim um aliado na constru\u00e7\u00e3o de uma educa\u00e7\u00e3o p\u00fablica mais equitativa, estruturada e eficaz\u201d, finalizou o chefe da pasta de Educa\u00e7\u00e3o.<\/p>\n\n\n\n<p>Foto: SECOM \/ Prefeitura de Po\u00e1<\/p>\n","protected":false},"excerpt":{"rendered":"<p>A Prefeitura de Po\u00e1 inicia o segundo semestre letivo com uma grande novidade para a&#8230;<\/p>\n","protected":false},"author":1,"featured_media":24960,"comment_status":"open","ping_status":"open","sticky":false,"template":"","format":"standard","meta":{"footnotes":""},"categories":[2],"tags":[],"featured_image_urls":{"full":["https:\/\/novosaopaulo.com.br\/n1\/wp-content\/uploads\/2025\/07\/WhatsApp-Image-2025-07-19-at-14.19.32.jpeg",1600,1092,false],"thumbnail":["https:\/\/novosaopaulo.com.br\/n1\/wp-content\/uploads\/2025\/07\/WhatsApp-Image-2025-07-19-at-14.19.32-150x150.jpeg",150,150,true],"medium":["https:\/\/novosaopaulo.com.br\/n1\/wp-content\/uploads\/2025\/07\/WhatsApp-Image-2025-07-19-at-14.19.32-300x205.jpeg",300,205,true],"medium_large":["https:\/\/novosaopaulo.com.br\/n1\/wp-content\/uploads\/2025\/07\/WhatsApp-Image-2025-07-19-at-14.19.32-768x524.jpeg",640,437,true],"large":["https:\/\/novosaopaulo.com.br\/n1\/wp-content\/uploads\/2025\/07\/WhatsApp-Image-2025-07-19-at-14.19.32-1024x699.jpeg",640,437,true],"1536x1536":["https:\/\/novosaopaulo.com.br\/n1\/wp-content\/uploads\/2025\/07\/WhatsApp-Image-2025-07-19-at-14.19.32-1536x1048.jpeg",1536,1048,true],"2048x2048":["https:\/\/novosaopaulo.com.br\/n1\/wp-content\/uploads\/2025\/07\/WhatsApp-Image-2025-07-19-at-14.19.32.jpeg",1600,1092,false],"newsever-slider-full":["https:\/\/novosaopaulo.com.br\/n1\/wp-content\/uploads\/2025\/07\/WhatsApp-Image-2025-07-19-at-14.19.32-1280x845.jpeg",1280,845,true],"newsever-featured":["https:\/\/novosaopaulo.com.br\/n1\/wp-content\/uploads\/2025\/07\/WhatsApp-Image-2025-07-19-at-14.19.32-1024x699.jpeg",1024,699,true],"newsever-medium":["https:\/\/novosaopaulo.com.br\/n1\/wp-content\/uploads\/2025\/07\/WhatsApp-Image-2025-07-19-at-14.19.32-720x475.jpeg",720,475,true]},"author_info":{"display_name":"Reda\u00e7\u00e3o","author_link":"https:\/\/novosaopaulo.com.br\/n1\/author\/g5poa\/"},"category_info":"<a href=\"https:\/\/novosaopaulo.com.br\/n1\/category\/cidades\/\" rel=\"category tag\">Cidades<\/a>","tag_info":"Cidades","comment_count":"0","_links":{"self":[{"href":"https:\/\/novosaopaulo.com.br\/n1\/wp-json\/wp\/v2\/posts\/24959"}],"collection":[{"href":"https:\/\/novosaopaulo.com.br\/n1\/wp-json\/wp\/v2\/posts"}],"about":[{"href":"https:\/\/novosaopaulo.com.br\/n1\/wp-json\/wp\/v2\/types\/post"}],"author":[{"embeddable":true,"href":"https:\/\/novosaopaulo.com.br\/n1\/wp-json\/wp\/v2\/users\/1"}],"replies":[{"embeddable":true,"href":"https:\/\/novosaopaulo.com.br\/n1\/wp-json\/wp\/v2\/comments?post=24959"}],"version-history":[{"count":1,"href":"https:\/\/novosaopaulo.com.br\/n1\/wp-json\/wp\/v2\/posts\/24959\/revisions"}],"predecessor-version":[{"id":24961,"href":"https:\/\/novosaopaulo.com.br\/n1\/wp-json\/wp\/v2\/posts\/24959\/revisions\/24961"}],"wp:featuredmedia":[{"embeddable":true,"href":"https:\/\/novosaopaulo.com.br\/n1\/wp-json\/wp\/v2\/media\/24960"}],"wp:attachment":[{"href":"https:\/\/novosaopaulo.com.br\/n1\/wp-json\/wp\/v2\/media?parent=24959"}],"wp:term":[{"taxonomy":"category","embeddable":true,"href":"https:\/\/novosaopaulo.com.br\/n1\/wp-json\/wp\/v2\/categories?post=24959"},{"taxonomy":"post_tag","embeddable":true,"href":"https:\/\/novosaopaulo.com.br\/n1\/wp-json\/wp\/v2\/tags?post=24959"}],"curies":[{"name":"wp","href":"https:\/\/api.w.org\/{rel}","templated":true}]}}