{"id":24953,"date":"2025-07-18T21:14:49","date_gmt":"2025-07-19T00:14:49","guid":{"rendered":"https:\/\/novosaopaulo.com.br\/n1\/?p=24953"},"modified":"2025-07-18T21:16:24","modified_gmt":"2025-07-19T00:16:24","slug":"defesa-civil-e-secretaria-de-servicos-urbanos-de-poa-combatem-focos-de-incendio-na-estrada-padre-eustaquio","status":"publish","type":"post","link":"https:\/\/novosaopaulo.com.br\/n1\/defesa-civil-e-secretaria-de-servicos-urbanos-de-poa-combatem-focos-de-incendio-na-estrada-padre-eustaquio\/","title":{"rendered":"Defesa Civil e Secretaria de Servi\u00e7os Urbanos de Po\u00e1 combatem focos de inc\u00eandio na estrada Padre Eust\u00e1quio"},"content":{"rendered":"\n<p>O coordenador da Defesa Civil de Po\u00e1, Tiago Correa, alertou sobre a import\u00e2ncia de refor\u00e7ar os cuidados durante o inverno. &#8220;Estamos em um per\u00edodo cr\u00edtico, em que qualquer descuido pode provocar grandes inc\u00eandios. \u00c9 fundamental que a popula\u00e7\u00e3o colabore, evitando queimadas e acionando imediatamente os canais de emerg\u00eancia em caso de fuma\u00e7a ou fogo\u201d, afirmou.<\/p>\n\n\n\n<p>Alerta<\/p>\n\n\n\n<p>A Defesa Civil do Estado de S\u00e3o Paulo emitiu um alerta nesta semana para o aumento do risco de inc\u00eandios em vegeta\u00e7\u00e3o, devido \u00e0s condi\u00e7\u00f5es clim\u00e1ticas desfavor\u00e1veis, como aus\u00eancia de chuvas, predom\u00ednio de sol, tempo seco e nevoeiros nas primeiras horas do dia.<\/p>\n\n\n\n<p>Entre as recomenda\u00e7\u00f5es do \u00f3rg\u00e3o est\u00e3o evitar queimadas, mesmo em pequena escala; fazer uso consciente da \u00e1gua; manter-se hidratado ao longo do dia; dobrar a aten\u00e7\u00e3o especial com idosos, crian\u00e7as e pessoas com doen\u00e7as respirat\u00f3rias.<\/p>\n\n\n\n<p>Os telefones de contato para casos de emerg\u00eancia s\u00e3o 193 (Corpo de Bombeiros) e 199 \/ 4380-0818 (Defesa Civil de Po\u00e1).<\/p>\n\n\n\n<p>Foto: Nivaldo Alves<\/p>\n\n\n\n<figure class=\"wp-block-image size-full\"><img fetchpriority=\"high\" decoding=\"async\" width=\"624\" height=\"468\" src=\"https:\/\/novosaopaulo.com.br\/n1\/wp-content\/uploads\/2025\/07\/WhatsApp-Image-2025-07-18-at-21.03.52-1.jpeg\" alt=\"\" class=\"wp-image-24957\" srcset=\"https:\/\/novosaopaulo.com.br\/n1\/wp-content\/uploads\/2025\/07\/WhatsApp-Image-2025-07-18-at-21.03.52-1.jpeg 624w, https:\/\/novosaopaulo.com.br\/n1\/wp-content\/uploads\/2025\/07\/WhatsApp-Image-2025-07-18-at-21.03.52-1-300x225.jpeg 300w\" sizes=\"(max-width: 624px) 100vw, 624px\" \/><\/figure>\n","protected":false},"excerpt":{"rendered":"<p>O coordenador da Defesa Civil de Po\u00e1, Tiago Correa, alertou sobre a import\u00e2ncia de refor\u00e7ar&#8230;<\/p>\n","protected":false},"author":1,"featured_media":24954,"comment_status":"open","ping_status":"open","sticky":false,"template":"","format":"standard","meta":{"footnotes":""},"categories":[8],"tags":[],"featured_image_urls":{"full":["https:\/\/novosaopaulo.com.br\/n1\/wp-content\/uploads\/2025\/07\/WhatsApp-Image-2025-07-18-at-21.03.52.jpeg",800,600,false],"thumbnail":["https:\/\/novosaopaulo.com.br\/n1\/wp-content\/uploads\/2025\/07\/WhatsApp-Image-2025-07-18-at-21.03.52-150x150.jpeg",150,150,true],"medium":["https:\/\/novosaopaulo.com.br\/n1\/wp-content\/uploads\/2025\/07\/WhatsApp-Image-2025-07-18-at-21.03.52-300x225.jpeg",300,225,true],"medium_large":["https:\/\/novosaopaulo.com.br\/n1\/wp-content\/uploads\/2025\/07\/WhatsApp-Image-2025-07-18-at-21.03.52-768x576.jpeg",640,480,true],"large":["https:\/\/novosaopaulo.com.br\/n1\/wp-content\/uploads\/2025\/07\/WhatsApp-Image-2025-07-18-at-21.03.52.jpeg",640,480,false],"1536x1536":["https:\/\/novosaopaulo.com.br\/n1\/wp-content\/uploads\/2025\/07\/WhatsApp-Image-2025-07-18-at-21.03.52.jpeg",800,600,false],"2048x2048":["https:\/\/novosaopaulo.com.br\/n1\/wp-content\/uploads\/2025\/07\/WhatsApp-Image-2025-07-18-at-21.03.52.jpeg",800,600,false],"newsever-slider-full":["https:\/\/novosaopaulo.com.br\/n1\/wp-content\/uploads\/2025\/07\/WhatsApp-Image-2025-07-18-at-21.03.52.jpeg",800,600,false],"newsever-featured":["https:\/\/novosaopaulo.com.br\/n1\/wp-content\/uploads\/2025\/07\/WhatsApp-Image-2025-07-18-at-21.03.52.jpeg",800,600,false],"newsever-medium":["https:\/\/novosaopaulo.com.br\/n1\/wp-content\/uploads\/2025\/07\/WhatsApp-Image-2025-07-18-at-21.03.52-720x475.jpeg",720,475,true]},"author_info":{"display_name":"Reda\u00e7\u00e3o","author_link":"https:\/\/novosaopaulo.com.br\/n1\/author\/g5poa\/"},"category_info":"<a href=\"https:\/\/novosaopaulo.com.br\/n1\/category\/poa\/\" rel=\"category tag\">Po\u00e1<\/a>","tag_info":"Po\u00e1","comment_count":"0","_links":{"self":[{"href":"https:\/\/novosaopaulo.com.br\/n1\/wp-json\/wp\/v2\/posts\/24953"}],"collection":[{"href":"https:\/\/novosaopaulo.com.br\/n1\/wp-json\/wp\/v2\/posts"}],"about":[{"href":"https:\/\/novosaopaulo.com.br\/n1\/wp-json\/wp\/v2\/types\/post"}],"author":[{"embeddable":true,"href":"https:\/\/novosaopaulo.com.br\/n1\/wp-json\/wp\/v2\/users\/1"}],"replies":[{"embeddable":true,"href":"https:\/\/novosaopaulo.com.br\/n1\/wp-json\/wp\/v2\/comments?post=24953"}],"version-history":[{"count":2,"href":"https:\/\/novosaopaulo.com.br\/n1\/wp-json\/wp\/v2\/posts\/24953\/revisions"}],"predecessor-version":[{"id":24958,"href":"https:\/\/novosaopaulo.com.br\/n1\/wp-json\/wp\/v2\/posts\/24953\/revisions\/24958"}],"wp:featuredmedia":[{"embeddable":true,"href":"https:\/\/novosaopaulo.com.br\/n1\/wp-json\/wp\/v2\/media\/24954"}],"wp:attachment":[{"href":"https:\/\/novosaopaulo.com.br\/n1\/wp-json\/wp\/v2\/media?parent=24953"}],"wp:term":[{"taxonomy":"category","embeddable":true,"href":"https:\/\/novosaopaulo.com.br\/n1\/wp-json\/wp\/v2\/categories?post=24953"},{"taxonomy":"post_tag","embeddable":true,"href":"https:\/\/novosaopaulo.com.br\/n1\/wp-json\/wp\/v2\/tags?post=24953"}],"curies":[{"name":"wp","href":"https:\/\/api.w.org\/{rel}","templated":true}]}}