{"id":24950,"date":"2025-07-18T19:08:31","date_gmt":"2025-07-18T22:08:31","guid":{"rendered":"https:\/\/novosaopaulo.com.br\/n1\/?p=24950"},"modified":"2025-07-18T19:08:32","modified_gmt":"2025-07-18T22:08:32","slug":"delegacao-recorde-e-projetos-premiados-marcam-a-participacao-do-sicredi-em-evento-internacional-sobre-cooperativismo-de-credito","status":"publish","type":"post","link":"https:\/\/novosaopaulo.com.br\/n1\/delegacao-recorde-e-projetos-premiados-marcam-a-participacao-do-sicredi-em-evento-internacional-sobre-cooperativismo-de-credito\/","title":{"rendered":"Delega\u00e7\u00e3o recorde e projetos premiados marcam a participa\u00e7\u00e3o do Sicredi em evento internacional sobre cooperativismo de cr\u00e9dito"},"content":{"rendered":"\n<p>Confer\u00eancia Mundial das Cooperativas de Cr\u00e9dito refor\u00e7ou a confian\u00e7a como alicerce para o fortalecimento do cooperativismo de cr\u00e9dito no cen\u00e1rio global<\/p>\n\n\n\n<p>O Sicredi, institui\u00e7\u00e3o financeira cooperativa com atua\u00e7\u00e3o nacional e mais de 9 milh\u00f5es de associados, participou da 20\u00aa edi\u00e7\u00e3o da Confer\u00eancia Mundial das Cooperativas de Cr\u00e9dito (WCUC 2025), promovida pelo Conselho Mundial das Cooperativas de Cr\u00e9dito (WOCCU), com sua maior delega\u00e7\u00e3o desde o in\u00edcio de sua participa\u00e7\u00e3o no evento, em 2005. Ao todo, mais de 130 lideran\u00e7as representaram a institui\u00e7\u00e3o no encontro, realizado entre os dias 14 e 16 de julho, em Estocolmo, na Su\u00e9cia. O f\u00f3rum reuniu, nesta edi\u00e7\u00e3o, mais de 2.000 participantes de mais de 60 pa\u00edses.<\/p>\n\n\n\n<p>Neste ano, o destaque na programa\u00e7\u00e3o foi para a ciberseguran\u00e7a, lideran\u00e7a e inova\u00e7\u00e3o, e como, num contexto de mudan\u00e7as constantes e de tecnologias cada vez mais avan\u00e7adas, a confian\u00e7a passa a ser um meio de tornar o cooperativismo de cr\u00e9dito ainda mais s\u00f3lido.<\/p>\n\n\n\n<p>Durante a cerim\u00f4nia de abertura do evento, o presidente do Conselho do WOCCU, Michael Lawrence, apresentou o novo plano estrat\u00e9gico da entidade, com foco na defesa de grandes causas globais em f\u00f3runs internacionais. A proposta visa representar os mais de 400 milh\u00f5es de cooperados junto a organismos globais como o G20, a ONU e o Comit\u00ea de Basileia. O WOCCU tamb\u00e9m realizou sua Assembleia Geral Anual de 2025, e anunciou a inclus\u00e3o de dois novos membros ao Conselho.<\/p>\n\n\n\n<p>Inova\u00e7\u00e3o, educa\u00e7\u00e3o financeira e lideran\u00e7as jovens<\/p>\n\n\n\n<p>O Sicredi teve papel de destaque na confer\u00eancia, com l\u00edderes e especialistas participando de pain\u00e9is e palestras. C\u00e9sar Bochi, diretor-presidente do Banco Cooperativo Sicredi, falou sobre inova\u00e7\u00e3o na experi\u00eancia do associado; e Marcio Zwierewicz, Presidente da Sicredi Campos Gerais e Grande Curitiba PR\/SP, e Wellington Holbrook, CEO da Vancity, debateram boas pr\u00e1ticas para gerar impacto em escala.<\/p>\n\n\n\n<p>A Funda\u00e7\u00e3o Sicredi, representada por Keyla Copes, gerente de Responsabilidade Social da Funda\u00e7\u00e3o Sicredi e Suellen Lins, especialista em educa\u00e7\u00e3o, apresentou na WCUC 2025 seus programas voltados ao desenvolvimento de jovens lideran\u00e7as, que integram educa\u00e7\u00e3o financeira e valores humanos para promover transforma\u00e7\u00e3o social e preparar lideran\u00e7as conscientes. O depoimento de Vitor Cor\u00e1, associado do Sicredi Ibiraiaras RS\/MG e membro do Comit\u00ea Jovem, premiado no WYCUP 2025 ao lado de Milena Parreira, da Sicredi Campos Gerais e Grande Curitiba PR\/SP, refor\u00e7ou o impacto concreto dessa jornada formativa. O pr\u00eamio reconhece jovens lideran\u00e7as globais e oferece uma jornada educativa com atividades de interc\u00e2mbio presencial e virtual, incluindo a viagem \u00e0 Su\u00e9cia, com o objetivo de apoiar a pr\u00f3xima gera\u00e7\u00e3o de l\u00edderes cooperativistas ao redor do mundo.<\/p>\n\n\n\n<p>Victor Saab, membro do Conselho Fiscal e integrante do comit\u00ea jovem da Sicredi Rio Paran\u00e1, levou ao palco principal da confer\u00eancia seu depoimento sobre a presen\u00e7a de jovens nos boards das cooperativas, junto com outros tr\u00eas lideran\u00e7as jovens de diferentes pa\u00edses, Vitor falou sobre a import\u00e2ncia da inclus\u00e3o e do olhar para o futuro do cooperativismo.<\/p>\n\n\n\n<p>O papel transformador das cooperativas<\/p>\n\n\n\n<p>A confer\u00eancia abordou ainda o papel transformador das cooperativas de cr\u00e9dito em diferentes esferas da sociedade. O movimento global de mulheres l\u00edderes (GWLN) esteve representado na confer\u00eancia por meio de seis integrantes dos comit\u00eas mulher do Sicredi que fazem parte da rede global. Com uma vis\u00e3o realista e intencional, as discuss\u00f5es em torno de um cooperativismo mais diverso tamb\u00e9m estiveram em pauta. Um dos momentos marcantes desse momento foi a entrada da bandeira do Brasil, que foi carregada pela membra do Sister Society e conselheira de Administra\u00e7\u00e3o da Sicredi Paranapanema Serrana PR\/SP\/RJ, Rosemary Camargo de Andrade.<\/p>\n\n\n\n<p>Os desafios da boa governan\u00e7a em cooperativas de cr\u00e9dito tamb\u00e9m foi pauta de debate trazendo reflex\u00f5es sobre o papel das tecnologias, a qualifica\u00e7\u00e3o dos dirigentes, compet\u00eancias t\u00e9cnicas necess\u00e1rias e boas pr\u00e1ticas no setor. A discuss\u00e3o refor\u00e7ou a governan\u00e7a como um dos pilares essenciais para a perenidade e credibilidade do cooperativismo.<\/p>\n\n\n\n<p>Para Manfred Alfonso Dasenbrock, presidente da Central Sicredi PR\/SP\/RJ e diretor do WOCCU, a confer\u00eancia foi uma importante imers\u00e3o nos desafios do cooperativismo de cr\u00e9dito global. \u201cEsse ano, acredito que o que mais marcou foi a \u00eanfase na constru\u00e7\u00e3o da confian\u00e7a como base para um cooperativismo cada vez mais forte e global. Em um cen\u00e1rio de mudan\u00e7as constantes, nossas cooperativas precisam refor\u00e7ar seus diferenciais de relacionamento e foco no desenvolvimento local e sustent\u00e1vel. \u00c9 necess\u00e1rio cultivar essa confian\u00e7a para entregar valor real aos associados e \u00e0s comunidades. Essa \u00e9 a chave para seguirmos firmes, conectados e resilientes diante dos desafios atuais\u201d, destacou.<\/p>\n\n\n\n<p>Al\u00e9m do Sicredi, o Brasil contou com delega\u00e7\u00f5es de outros sistemas cooperativos, do Banco Central e da OCB (Organiza\u00e7\u00e3o das Cooperativas do Brasil), que tiveram representantes em pain\u00e9is. Pela OCB, Clara Maffia, gerente de Rela\u00e7\u00f5es Institucionais do Sistema OCB, foi uma das palestrantes no painel \u201cColabora\u00e7\u00e3o pac\u00edfica: como a pol\u00edtica e o crescimento andam de m\u00e3os dadas\u201d. J\u00e1 pelo Banco Central, Carolina Bohrer, chefe do Departamento de Licenciamento, participou do painel \u201cEntendendo os desenvolvimentos regulat\u00f3rios atuais de todo o mundo\u201d.<\/p>\n\n\n\n<p>Sobre a Funda\u00e7\u00e3o Sicredi&nbsp;&nbsp;<br>A Funda\u00e7\u00e3o de Desenvolvimento Educacional e Cultural Sicredi, conhecida como Funda\u00e7\u00e3o Sicredi, foi criada em 2005 com o objetivo de preservar a ess\u00eancia do cooperativismo no desenvolvimento do Sicredi. Como uma organiza\u00e7\u00e3o da sociedade civil, a Funda\u00e7\u00e3o Sicredi se dedica \u00e0 estrutura\u00e7\u00e3o e desenvolvimento de programas e iniciativas educacionais, sociais, culturais, ambientais e de desenvolvimento de lideran\u00e7as cooperativistas, implementados pelas Cooperativas em todo o Brasil, voltados a expandir nosso impacto positivo junto aos associados e nas comunidades onde estamos presentes.<\/p>\n","protected":false},"excerpt":{"rendered":"<p>Confer\u00eancia Mundial das Cooperativas de Cr\u00e9dito refor\u00e7ou a confian\u00e7a como alicerce para o fortalecimento do&#8230;<\/p>\n","protected":false},"author":1,"featured_media":24951,"comment_status":"open","ping_status":"open","sticky":false,"template":"","format":"standard","meta":{"footnotes":""},"categories":[2],"tags":[],"featured_image_urls":{"full":["https:\/\/novosaopaulo.com.br\/n1\/wp-content\/uploads\/2025\/07\/WhatsApp-Image-2025-07-18-at-14.04.36.jpeg",1599,950,false],"thumbnail":["https:\/\/novosaopaulo.com.br\/n1\/wp-content\/uploads\/2025\/07\/WhatsApp-Image-2025-07-18-at-14.04.36-150x150.jpeg",150,150,true],"medium":["https:\/\/novosaopaulo.com.br\/n1\/wp-content\/uploads\/2025\/07\/WhatsApp-Image-2025-07-18-at-14.04.36-300x178.jpeg",300,178,true],"medium_large":["https:\/\/novosaopaulo.com.br\/n1\/wp-content\/uploads\/2025\/07\/WhatsApp-Image-2025-07-18-at-14.04.36-768x456.jpeg",640,380,true],"large":["https:\/\/novosaopaulo.com.br\/n1\/wp-content\/uploads\/2025\/07\/WhatsApp-Image-2025-07-18-at-14.04.36-1024x608.jpeg",640,380,true],"1536x1536":["https:\/\/novosaopaulo.com.br\/n1\/wp-content\/uploads\/2025\/07\/WhatsApp-Image-2025-07-18-at-14.04.36-1536x913.jpeg",1536,913,true],"2048x2048":["https:\/\/novosaopaulo.com.br\/n1\/wp-content\/uploads\/2025\/07\/WhatsApp-Image-2025-07-18-at-14.04.36.jpeg",1599,950,false],"newsever-slider-full":["https:\/\/novosaopaulo.com.br\/n1\/wp-content\/uploads\/2025\/07\/WhatsApp-Image-2025-07-18-at-14.04.36-1280x845.jpeg",1280,845,true],"newsever-featured":["https:\/\/novosaopaulo.com.br\/n1\/wp-content\/uploads\/2025\/07\/WhatsApp-Image-2025-07-18-at-14.04.36-1024x608.jpeg",1024,608,true],"newsever-medium":["https:\/\/novosaopaulo.com.br\/n1\/wp-content\/uploads\/2025\/07\/WhatsApp-Image-2025-07-18-at-14.04.36-720x475.jpeg",720,475,true]},"author_info":{"display_name":"Reda\u00e7\u00e3o","author_link":"https:\/\/novosaopaulo.com.br\/n1\/author\/g5poa\/"},"category_info":"<a href=\"https:\/\/novosaopaulo.com.br\/n1\/category\/cidades\/\" rel=\"category tag\">Cidades<\/a>","tag_info":"Cidades","comment_count":"0","_links":{"self":[{"href":"https:\/\/novosaopaulo.com.br\/n1\/wp-json\/wp\/v2\/posts\/24950"}],"collection":[{"href":"https:\/\/novosaopaulo.com.br\/n1\/wp-json\/wp\/v2\/posts"}],"about":[{"href":"https:\/\/novosaopaulo.com.br\/n1\/wp-json\/wp\/v2\/types\/post"}],"author":[{"embeddable":true,"href":"https:\/\/novosaopaulo.com.br\/n1\/wp-json\/wp\/v2\/users\/1"}],"replies":[{"embeddable":true,"href":"https:\/\/novosaopaulo.com.br\/n1\/wp-json\/wp\/v2\/comments?post=24950"}],"version-history":[{"count":1,"href":"https:\/\/novosaopaulo.com.br\/n1\/wp-json\/wp\/v2\/posts\/24950\/revisions"}],"predecessor-version":[{"id":24952,"href":"https:\/\/novosaopaulo.com.br\/n1\/wp-json\/wp\/v2\/posts\/24950\/revisions\/24952"}],"wp:featuredmedia":[{"embeddable":true,"href":"https:\/\/novosaopaulo.com.br\/n1\/wp-json\/wp\/v2\/media\/24951"}],"wp:attachment":[{"href":"https:\/\/novosaopaulo.com.br\/n1\/wp-json\/wp\/v2\/media?parent=24950"}],"wp:term":[{"taxonomy":"category","embeddable":true,"href":"https:\/\/novosaopaulo.com.br\/n1\/wp-json\/wp\/v2\/categories?post=24950"},{"taxonomy":"post_tag","embeddable":true,"href":"https:\/\/novosaopaulo.com.br\/n1\/wp-json\/wp\/v2\/tags?post=24950"}],"curies":[{"name":"wp","href":"https:\/\/api.w.org\/{rel}","templated":true}]}}