{"id":24946,"date":"2025-07-18T19:07:05","date_gmt":"2025-07-18T22:07:05","guid":{"rendered":"https:\/\/novosaopaulo.com.br\/n1\/?p=24946"},"modified":"2025-07-18T19:07:06","modified_gmt":"2025-07-18T22:07:06","slug":"nucleo-poaense-do-coletivo-de-saraus-teia-poetica-no-ultimo-dia-12-07-na-rara-books-livraria-apresentou-o-grupo-de-poetas-e-poetisas-que-ira-compor-sua-nova-publicacao-colaborativa-o-teia-poetica","status":"publish","type":"post","link":"https:\/\/novosaopaulo.com.br\/n1\/nucleo-poaense-do-coletivo-de-saraus-teia-poetica-no-ultimo-dia-12-07-na-rara-books-livraria-apresentou-o-grupo-de-poetas-e-poetisas-que-ira-compor-sua-nova-publicacao-colaborativa-o-teia-poetica\/","title":{"rendered":"N\u00facleo Poaense do Coletivo de Saraus Teia Po\u00e9tica, no \u00faltimo dia 12\/07, na Rara Books Livraria, apresentou o grupo de poetas e poetisas que ir\u00e1 compor sua nova Publica\u00e7\u00e3o Colaborativa, o Teia Po\u00e9tica \u201cElos\u201d."},"content":{"rendered":"\n<p>O Teia Po\u00e9tica foi criado em 2015, orientado pelo Programa Acultura\u00e7\u00e3o, teve a primeira edi\u00e7\u00e3o de seus Saraus Po\u00e9ticos realizada em MAR\u00c7O\/2017, e desde ent\u00e3o circulou por v\u00e1rios espa\u00e7os culturais, inclusive escolas da cidade de Po\u00e1\/SP, lan\u00e7ando sua primeira publica\u00e7\u00e3o em 2021, com a participa\u00e7\u00e3o de 10 Poetas e Poetisas do Brasil, com o t\u00edtulo Teia Po\u00e9tica \u201cBem Alto\u201d, com selo BRILHARTE EDITORIAL, do gestor, produtor cultural e editor Cleyton Gon\u00e7alves, idealizador deste Projeto Liter\u00e1rio, que construiu uma trajet\u00f3ria poderosa at\u00e9 aqui, atrav\u00e9s da parceria s\u00f3lida com seus membros, unidos, somando for\u00e7as, dedica\u00e7\u00e3o, energia e talento com o intuito de entrela\u00e7ar pessoas.<br>Neste momento, este coletivo tem a honra de listar os nomes e desde j\u00e1 agradecer aos poetas e poetisas que aceitaram o desafio de construir mais este projeto de grande impacto art\u00edstico e cultural, acima de tudo humano, de profunda relev\u00e2ncia social e para os relacionamentos.<br>S\u00e3o coautores do livro Teia Po\u00e9tica \u201cElos\u201d; Anderson Bernardelli, Claudio Domingos, Cleyton Gon\u00e7alves, Gisleine Zarbietti, Jhony Uriel, Jussara Melo, Magno Oliveira, Patr\u00edcia Guerra, Rinas Francisco e Roberta Del Carlo.<br>Alguns deles estiveram presentes na Tarde de Aut\u00f3grafos da Escritora Gisleine Zarbietti, que recebe este coletivo para a Live de Apresenta\u00e7\u00e3o dos coautores desta publica\u00e7\u00e3o que \u00e9 viabilizada com Recursos Federais da LPG, nos Editais do Munic\u00edpio, sob a gest\u00e3o da Secretaria Municipal de Cultura de Po\u00e1\/SP.<br>Voc\u00ea j\u00e1 pode fazer a reserva de seu exemplar do livro e colaborar com as a\u00e7\u00f5es culturais do Teia Po\u00e9tica, que conta com a meta de expans\u00e3o de seus elos na Regi\u00e3o do Alto Tiet\u00ea e demais regi\u00f5es do Brasil, para isso, basta entrar em contato por e-mail teiapoetica.saraus@gmail.com ou com Cleyton Gon\u00e7alves, gestor e produtor do Teia Po\u00e9tica, pelo WhatsApp: 1197648-0818.<br>Siga o @teiapoetica e @cleyton_gcultural no Instagram para conhecer estes grandes poetas e poetisas, suas obras, al\u00e9m de acompanhar o desenrolar de nossas produ\u00e7\u00f5es junto a esta teia liter\u00e1ria.<\/p>\n\n\n\n<figure class=\"wp-block-image size-large\"><img fetchpriority=\"high\" decoding=\"async\" width=\"1024\" height=\"114\" src=\"https:\/\/novosaopaulo.com.br\/n1\/wp-content\/uploads\/2025\/07\/Regua-de-logos-LPG.pdf_20250717_205850_0000-1024x114.jpg\" alt=\"\" class=\"wp-image-24947\" srcset=\"https:\/\/novosaopaulo.com.br\/n1\/wp-content\/uploads\/2025\/07\/Regua-de-logos-LPG.pdf_20250717_205850_0000-1024x114.jpg 1024w, https:\/\/novosaopaulo.com.br\/n1\/wp-content\/uploads\/2025\/07\/Regua-de-logos-LPG.pdf_20250717_205850_0000-300x33.jpg 300w, https:\/\/novosaopaulo.com.br\/n1\/wp-content\/uploads\/2025\/07\/Regua-de-logos-LPG.pdf_20250717_205850_0000-768x85.jpg 768w, https:\/\/novosaopaulo.com.br\/n1\/wp-content\/uploads\/2025\/07\/Regua-de-logos-LPG.pdf_20250717_205850_0000-1536x171.jpg 1536w, https:\/\/novosaopaulo.com.br\/n1\/wp-content\/uploads\/2025\/07\/Regua-de-logos-LPG.pdf_20250717_205850_0000-2048x228.jpg 2048w\" sizes=\"(max-width: 1024px) 100vw, 1024px\" \/><\/figure>\n","protected":false},"excerpt":{"rendered":"<p>O Teia Po\u00e9tica foi criado em 2015, orientado pelo Programa Acultura\u00e7\u00e3o, teve a primeira edi\u00e7\u00e3o&#8230;<\/p>\n","protected":false},"author":1,"featured_media":24948,"comment_status":"open","ping_status":"open","sticky":false,"template":"","format":"standard","meta":{"footnotes":""},"categories":[45],"tags":[],"featured_image_urls":{"full":["https:\/\/novosaopaulo.com.br\/n1\/wp-content\/uploads\/2025\/07\/COLETIVO_20250717_205801_0000.jpg",640,480,false],"thumbnail":["https:\/\/novosaopaulo.com.br\/n1\/wp-content\/uploads\/2025\/07\/COLETIVO_20250717_205801_0000-150x150.jpg",150,150,true],"medium":["https:\/\/novosaopaulo.com.br\/n1\/wp-content\/uploads\/2025\/07\/COLETIVO_20250717_205801_0000-300x225.jpg",300,225,true],"medium_large":["https:\/\/novosaopaulo.com.br\/n1\/wp-content\/uploads\/2025\/07\/COLETIVO_20250717_205801_0000.jpg",640,480,false],"large":["https:\/\/novosaopaulo.com.br\/n1\/wp-content\/uploads\/2025\/07\/COLETIVO_20250717_205801_0000.jpg",640,480,false],"1536x1536":["https:\/\/novosaopaulo.com.br\/n1\/wp-content\/uploads\/2025\/07\/COLETIVO_20250717_205801_0000.jpg",640,480,false],"2048x2048":["https:\/\/novosaopaulo.com.br\/n1\/wp-content\/uploads\/2025\/07\/COLETIVO_20250717_205801_0000.jpg",640,480,false],"newsever-slider-full":["https:\/\/novosaopaulo.com.br\/n1\/wp-content\/uploads\/2025\/07\/COLETIVO_20250717_205801_0000.jpg",640,480,false],"newsever-featured":["https:\/\/novosaopaulo.com.br\/n1\/wp-content\/uploads\/2025\/07\/COLETIVO_20250717_205801_0000.jpg",640,480,false],"newsever-medium":["https:\/\/novosaopaulo.com.br\/n1\/wp-content\/uploads\/2025\/07\/COLETIVO_20250717_205801_0000-640x475.jpg",640,475,true]},"author_info":{"display_name":"Reda\u00e7\u00e3o","author_link":"https:\/\/novosaopaulo.com.br\/n1\/author\/g5poa\/"},"category_info":"<a href=\"https:\/\/novosaopaulo.com.br\/n1\/category\/cultura\/\" rel=\"category tag\">Cultura<\/a>","tag_info":"Cultura","comment_count":"0","_links":{"self":[{"href":"https:\/\/novosaopaulo.com.br\/n1\/wp-json\/wp\/v2\/posts\/24946"}],"collection":[{"href":"https:\/\/novosaopaulo.com.br\/n1\/wp-json\/wp\/v2\/posts"}],"about":[{"href":"https:\/\/novosaopaulo.com.br\/n1\/wp-json\/wp\/v2\/types\/post"}],"author":[{"embeddable":true,"href":"https:\/\/novosaopaulo.com.br\/n1\/wp-json\/wp\/v2\/users\/1"}],"replies":[{"embeddable":true,"href":"https:\/\/novosaopaulo.com.br\/n1\/wp-json\/wp\/v2\/comments?post=24946"}],"version-history":[{"count":1,"href":"https:\/\/novosaopaulo.com.br\/n1\/wp-json\/wp\/v2\/posts\/24946\/revisions"}],"predecessor-version":[{"id":24949,"href":"https:\/\/novosaopaulo.com.br\/n1\/wp-json\/wp\/v2\/posts\/24946\/revisions\/24949"}],"wp:featuredmedia":[{"embeddable":true,"href":"https:\/\/novosaopaulo.com.br\/n1\/wp-json\/wp\/v2\/media\/24948"}],"wp:attachment":[{"href":"https:\/\/novosaopaulo.com.br\/n1\/wp-json\/wp\/v2\/media?parent=24946"}],"wp:term":[{"taxonomy":"category","embeddable":true,"href":"https:\/\/novosaopaulo.com.br\/n1\/wp-json\/wp\/v2\/categories?post=24946"},{"taxonomy":"post_tag","embeddable":true,"href":"https:\/\/novosaopaulo.com.br\/n1\/wp-json\/wp\/v2\/tags?post=24946"}],"curies":[{"name":"wp","href":"https:\/\/api.w.org\/{rel}","templated":true}]}}