{"id":24941,"date":"2025-07-18T11:55:34","date_gmt":"2025-07-18T14:55:34","guid":{"rendered":"https:\/\/novosaopaulo.com.br\/n1\/?p=24941"},"modified":"2025-07-18T11:55:34","modified_gmt":"2025-07-18T14:55:34","slug":"cesar-romao-recebe-medalha-da-constituicao-em-sessao-solene-na-alesp-sp","status":"publish","type":"post","link":"https:\/\/novosaopaulo.com.br\/n1\/cesar-romao-recebe-medalha-da-constituicao-em-sessao-solene-na-alesp-sp\/","title":{"rendered":"Cesar Rom\u00e3o recebe medalha da Constitui\u00e7\u00e3o em sess\u00e3o solene na Alesp \u2013 SP"},"content":{"rendered":"\n<p>Homenagem marcou o 93\u00ba anivers\u00e1rio do Movimento Constitucionalista de 1932 e reuniu autoridades, jornalistas e representantes da sociedade civil<\/p>\n\n\n\n<p>No dia 09 de julho de 2025 \u2013 O jurista, palestrante, professor e jornalista Cesar Rom\u00e3o foi homenageado nesta ter\u00e7a-feira (09), com a Medalha da Constitui\u00e7\u00e3o, durante sess\u00e3o solene realizada na Assembleia Legislativa do Estado de S\u00e3o Paulo (ALESP), no plen\u00e1rio Juscelino Kubitschek. A cerim\u00f4nia celebrou os 93 anos do Movimento Constitucionalista de 1932 e contou com a presen\u00e7a de autoridades civis e militares, jornalistas e representantes de entidades da comunica\u00e7\u00e3o e do Direito.<br>A honraria foi concedida por iniciativa do Deputado Capit\u00e3o Telhada, que enalteceu a trajet\u00f3ria de Cesar Rom\u00e3o como defensor da liberdade de imprensa e de express\u00e3o, suas a\u00e7\u00f5es humanit\u00e1rias e demais fatores que contribu\u00edram e contribuem para o fortalecimento da democracia e da cidadania ao longo de sua carreira multifacetada.<br>O evento contou com personalidades de express\u00e3o como autoridades pol\u00edticas, militares, o renomado jornalista Jo\u00e3o Costa e tantas outras figuras de proa. O jornalista e assessor de comunica\u00e7\u00e3o Jo\u00e3o Costa esteve presente e destacou a import\u00e2ncia do momento. \u201cMais uma vez tive a honra de estar ombreado com o amigo Cesar Rom\u00e3o, um verdadeiro irm\u00e3o e confrade no Pal\u00e1cio da Imprensa. Esta medalha reconhece n\u00e3o apenas sua atua\u00e7\u00e3o profissional, mas sua contribui\u00e7\u00e3o humana e \u00e9tica \u00e0 sociedade\u201d, afirmou.<br>A Medalha da Constitui\u00e7\u00e3o \u00e9 destinada a personalidades que se destacam na promo\u00e7\u00e3o dos valores democr\u00e1ticos e no fortalecimento da Constitui\u00e7\u00e3o brasileira, especialmente em datas emblem\u00e1ticas como a Revolu\u00e7\u00e3o Constitucionalista de 1932, marco hist\u00f3rico do estado de S\u00e3o Paulo.<br>Ao ser agraciado com a Medalha da Constitui\u00e7\u00e3o, em comemora\u00e7\u00e3o ao 93\u00ba anivers\u00e1rio da Revolu\u00e7\u00e3o Constitucionalista de 1932, Cesar Rom\u00e3o agradeceu emocionado a todos os presentes e refor\u00e7ou seu compromisso com a constru\u00e7\u00e3o de um Brasil mais justo, livre e participativo.<br>\u201cExpresso meu profundo agradecimento ao Coronel da Reserva da Pol\u00edcia Militar Paulo Adriano Lopes L. Telhada \u2014 ex-vereador, ex-deputado estadual, ex-deputado federal e atual Subprefeito da Regional Lapa \u2014 e ao Capit\u00e3o Rafael Henrique C. Telhada, Deputado Estadual, pela honrosa outorga desta importante condecora\u00e7\u00e3o. Foi uma cerim\u00f4nia inesquec\u00edvel, c\u00edvica e patri\u00f3tica, que marcou n\u00e3o apenas minha trajet\u00f3ria profissional, mas tamb\u00e9m minha vida como cidad\u00e3o brasileiro.\u201d<br>Cesar Rom\u00e3o tamb\u00e9m estendeu sua sauda\u00e7\u00e3o ao Deputado Estadual Andr\u00e9 do Prado, Presidente da Assembleia Legislativa do Estado de S\u00e3o Paulo, \u00e0 Academia do Barro Branco e aos amigos que prestigiaram o momento.<\/p>\n\n\n\n<figure class=\"wp-block-gallery has-nested-images columns-default is-cropped wp-block-gallery-1 is-layout-flex wp-block-gallery-is-layout-flex\">\n<figure class=\"wp-block-image size-large\"><img fetchpriority=\"high\" decoding=\"async\" width=\"744\" height=\"769\" data-id=\"24942\" src=\"https:\/\/novosaopaulo.com.br\/n1\/wp-content\/uploads\/2025\/07\/WhatsApp-Image-2025-07-18-at-10.36.33-1.jpeg\" alt=\"\" class=\"wp-image-24942\" srcset=\"https:\/\/novosaopaulo.com.br\/n1\/wp-content\/uploads\/2025\/07\/WhatsApp-Image-2025-07-18-at-10.36.33-1.jpeg 744w, https:\/\/novosaopaulo.com.br\/n1\/wp-content\/uploads\/2025\/07\/WhatsApp-Image-2025-07-18-at-10.36.33-1-290x300.jpeg 290w\" sizes=\"(max-width: 744px) 100vw, 744px\" \/><\/figure>\n\n\n\n<figure class=\"wp-block-image size-large\"><img decoding=\"async\" width=\"858\" height=\"1024\" data-id=\"24944\" src=\"https:\/\/novosaopaulo.com.br\/n1\/wp-content\/uploads\/2025\/07\/WhatsApp-Image-2025-07-18-at-10.36.33-858x1024.jpeg\" alt=\"\" class=\"wp-image-24944\" srcset=\"https:\/\/novosaopaulo.com.br\/n1\/wp-content\/uploads\/2025\/07\/WhatsApp-Image-2025-07-18-at-10.36.33-858x1024.jpeg 858w, https:\/\/novosaopaulo.com.br\/n1\/wp-content\/uploads\/2025\/07\/WhatsApp-Image-2025-07-18-at-10.36.33-251x300.jpeg 251w, https:\/\/novosaopaulo.com.br\/n1\/wp-content\/uploads\/2025\/07\/WhatsApp-Image-2025-07-18-at-10.36.33-768x917.jpeg 768w, https:\/\/novosaopaulo.com.br\/n1\/wp-content\/uploads\/2025\/07\/WhatsApp-Image-2025-07-18-at-10.36.33.jpeg 948w\" sizes=\"(max-width: 858px) 100vw, 858px\" \/><\/figure>\n<\/figure>\n","protected":false},"excerpt":{"rendered":"<p>Homenagem marcou o 93\u00ba anivers\u00e1rio do Movimento Constitucionalista de 1932 e reuniu autoridades, jornalistas e&#8230;<\/p>\n","protected":false},"author":1,"featured_media":24943,"comment_status":"open","ping_status":"open","sticky":false,"template":"","format":"standard","meta":{"footnotes":""},"categories":[38],"tags":[],"featured_image_urls":{"full":["https:\/\/novosaopaulo.com.br\/n1\/wp-content\/uploads\/2025\/07\/WhatsApp-Image-2025-07-18-at-10.36.33-2.jpeg",771,747,false],"thumbnail":["https:\/\/novosaopaulo.com.br\/n1\/wp-content\/uploads\/2025\/07\/WhatsApp-Image-2025-07-18-at-10.36.33-2-150x150.jpeg",150,150,true],"medium":["https:\/\/novosaopaulo.com.br\/n1\/wp-content\/uploads\/2025\/07\/WhatsApp-Image-2025-07-18-at-10.36.33-2-300x291.jpeg",300,291,true],"medium_large":["https:\/\/novosaopaulo.com.br\/n1\/wp-content\/uploads\/2025\/07\/WhatsApp-Image-2025-07-18-at-10.36.33-2-768x744.jpeg",640,620,true],"large":["https:\/\/novosaopaulo.com.br\/n1\/wp-content\/uploads\/2025\/07\/WhatsApp-Image-2025-07-18-at-10.36.33-2.jpeg",640,620,false],"1536x1536":["https:\/\/novosaopaulo.com.br\/n1\/wp-content\/uploads\/2025\/07\/WhatsApp-Image-2025-07-18-at-10.36.33-2.jpeg",771,747,false],"2048x2048":["https:\/\/novosaopaulo.com.br\/n1\/wp-content\/uploads\/2025\/07\/WhatsApp-Image-2025-07-18-at-10.36.33-2.jpeg",771,747,false],"newsever-slider-full":["https:\/\/novosaopaulo.com.br\/n1\/wp-content\/uploads\/2025\/07\/WhatsApp-Image-2025-07-18-at-10.36.33-2.jpeg",771,747,false],"newsever-featured":["https:\/\/novosaopaulo.com.br\/n1\/wp-content\/uploads\/2025\/07\/WhatsApp-Image-2025-07-18-at-10.36.33-2.jpeg",771,747,false],"newsever-medium":["https:\/\/novosaopaulo.com.br\/n1\/wp-content\/uploads\/2025\/07\/WhatsApp-Image-2025-07-18-at-10.36.33-2-720x475.jpeg",720,475,true]},"author_info":{"display_name":"Reda\u00e7\u00e3o","author_link":"https:\/\/novosaopaulo.com.br\/n1\/author\/g5poa\/"},"category_info":"<a href=\"https:\/\/novosaopaulo.com.br\/n1\/category\/joao-costa\/\" rel=\"category tag\">Jo\u00e3o Costa<\/a>","tag_info":"Jo\u00e3o Costa","comment_count":"0","_links":{"self":[{"href":"https:\/\/novosaopaulo.com.br\/n1\/wp-json\/wp\/v2\/posts\/24941"}],"collection":[{"href":"https:\/\/novosaopaulo.com.br\/n1\/wp-json\/wp\/v2\/posts"}],"about":[{"href":"https:\/\/novosaopaulo.com.br\/n1\/wp-json\/wp\/v2\/types\/post"}],"author":[{"embeddable":true,"href":"https:\/\/novosaopaulo.com.br\/n1\/wp-json\/wp\/v2\/users\/1"}],"replies":[{"embeddable":true,"href":"https:\/\/novosaopaulo.com.br\/n1\/wp-json\/wp\/v2\/comments?post=24941"}],"version-history":[{"count":1,"href":"https:\/\/novosaopaulo.com.br\/n1\/wp-json\/wp\/v2\/posts\/24941\/revisions"}],"predecessor-version":[{"id":24945,"href":"https:\/\/novosaopaulo.com.br\/n1\/wp-json\/wp\/v2\/posts\/24941\/revisions\/24945"}],"wp:featuredmedia":[{"embeddable":true,"href":"https:\/\/novosaopaulo.com.br\/n1\/wp-json\/wp\/v2\/media\/24943"}],"wp:attachment":[{"href":"https:\/\/novosaopaulo.com.br\/n1\/wp-json\/wp\/v2\/media?parent=24941"}],"wp:term":[{"taxonomy":"category","embeddable":true,"href":"https:\/\/novosaopaulo.com.br\/n1\/wp-json\/wp\/v2\/categories?post=24941"},{"taxonomy":"post_tag","embeddable":true,"href":"https:\/\/novosaopaulo.com.br\/n1\/wp-json\/wp\/v2\/tags?post=24941"}],"curies":[{"name":"wp","href":"https:\/\/api.w.org\/{rel}","templated":true}]}}