{"id":24938,"date":"2025-07-18T11:52:50","date_gmt":"2025-07-18T14:52:50","guid":{"rendered":"https:\/\/novosaopaulo.com.br\/n1\/?p=24938"},"modified":"2025-07-18T11:52:51","modified_gmt":"2025-07-18T14:52:51","slug":"poa-inicia-diagnostico-social-para-regularizar-180-imoveis-na-vila-sao-francisco","status":"publish","type":"post","link":"https:\/\/novosaopaulo.com.br\/n1\/poa-inicia-diagnostico-social-para-regularizar-180-imoveis-na-vila-sao-francisco\/","title":{"rendered":"Po\u00e1 inicia diagn\u00f3stico social para regularizar 180 im\u00f3veis na Vila S\u00e3o Francisco"},"content":{"rendered":"\n<p>A\u00e7\u00e3o da Prefeitura visa agilizar a emiss\u00e3o das matr\u00edculas e garantir seguran\u00e7a jur\u00eddica para os moradores<\/p>\n\n\n\n<p>A Prefeitura de Po\u00e1, por meio das Secretaria Municipal de Habita\u00e7\u00e3o e de Assist\u00eancia e Desenvolvimento Social, deu in\u00edcio ao diagn\u00f3stico social dos moradores da Vila S\u00e3o Francisco inscritos no Programa de Regulariza\u00e7\u00e3o Fundi\u00e1ria do munic\u00edpio. A medida, que n\u00e3o tem qualquer custo para os participantes, \u00e9 um passo essencial para a emiss\u00e3o de 180 matr\u00edculas de im\u00f3veis, beneficiando diretamente fam\u00edlias que h\u00e1 anos aguardam pela legaliza\u00e7\u00e3o de suas propriedades.<\/p>\n\n\n\n<p>A a\u00e7\u00e3o teve in\u00edcio nesta semana e contou com a presen\u00e7a dos secret\u00e1rios de Habita\u00e7\u00e3o, Marcos Dias, e da Assist\u00eancia e Desenvolvimento Social, Wellington Alves Teixeira. Durante a visita, as equipes t\u00e9cnicas iniciaram a coleta de documentos pessoais e comprova\u00e7\u00f5es de tempo de resid\u00eancia dos moradores cadastrados.<\/p>\n\n\n\n<p>O objetivo \u00e9 reunir todas as informa\u00e7\u00f5es necess\u00e1rias para dar andamento ao processo legal de titularidade dos im\u00f3veis. \u201cAssim como todo o processo de regulariza\u00e7\u00e3o, esta a\u00e7\u00e3o \u00e9 gratuita e visa exclusivamente verificar os documentos pessoais dos moradores e documenta\u00e7\u00e3o que comprove o tempo de resid\u00eancia naquele endere\u00e7o\u201d, destacou o secret\u00e1rio de Habita\u00e7\u00e3o.<\/p>\n\n\n\n<p>Segundo ele, o diagn\u00f3stico social \u00e9 uma das etapas fundamentais do processo de regulariza\u00e7\u00e3o fundi\u00e1ria. Com essa a\u00e7\u00e3o, a Prefeitura consegue mapear a situa\u00e7\u00e3o de cada im\u00f3vel, identificar poss\u00edveis pend\u00eancias documentais e garantir que os benefici\u00e1rios atendam aos crit\u00e9rios exigidos pela legisla\u00e7\u00e3o vigente. A partir desse levantamento, ser\u00e1 poss\u00edvel emitir as matr\u00edculas definitivas dos im\u00f3veis, assegurando o direito de propriedade aos moradores.<\/p>\n\n\n\n<p>De acordo com o secret\u00e1rio da Assist\u00eancia e Desenvolvimento Social, a medida faz parte de um esfor\u00e7o mais amplo para promover justi\u00e7a social e garantir seguran\u00e7a jur\u00eddica \u00e0 popula\u00e7\u00e3o que vive em \u00e1reas irregulares. \u201cNosso compromisso \u00e9 garantir dignidade \u00e0s fam\u00edlias que h\u00e1 d\u00e9cadas vivem em situa\u00e7\u00e3o de inseguran\u00e7a sobre suas moradias. Esse \u00e9 um passo importante para transformar essa realidade\u201d, refor\u00e7ou.<\/p>\n\n\n\n<p>O prefeito Saulo Souza enfatizou que a regulariza\u00e7\u00e3o fundi\u00e1ria \u00e9 uma das prioridades da atual gest\u00e3o. \u201cEstamos trabalhando para que cada fam\u00edlia tenha o que \u00e9 seu por direito. A matr\u00edcula \u00e9 mais do que um documento: ela representa seguran\u00e7a, dignidade e a certeza de que aquele im\u00f3vel pertence, de fato, a quem vive ali h\u00e1 anos.\u201d<\/p>\n\n\n\n<p>A Secretaria de Habita\u00e7\u00e3o orienta os moradores da Vila S\u00e3o Francisco que est\u00e3o inscritos no programa a acompanharem o processo de diagn\u00f3stico e manterem seus dados atualizados. A pasta tamb\u00e9m est\u00e1 dispon\u00edvel para esclarecer d\u00favidas e fornecer informa\u00e7\u00f5es adicionais pelo telefone (11) 4639-2433, de segunda a sexta-feira, das 8h \u00e0s 17h.<\/p>\n\n\n\n<p>\u00c1gua encanada<br>Al\u00e9m dos avan\u00e7os na regulariza\u00e7\u00e3o fundi\u00e1ria da Vila S\u00e3o Francisco, a Prefeitura tamb\u00e9m iniciou, em fevereiro desse ano, a implanta\u00e7\u00e3o do sistema de abastecimento de \u00e1gua no bairro. Em parceria com a Sabesp, est\u00e3o sendo instaladas 700 novas liga\u00e7\u00f5es domiciliares, que beneficiam mais de 4 mil moradores.<\/p>\n\n\n\n<p>Com a conclus\u00e3o dessa etapa, Po\u00e1 ser\u00e1 a primeira cidade da regi\u00e3o a universalizar o fornecimento de \u00e1gua. \u201cEstamos cumprindo um compromisso essencial para garantir mais qualidade de vida, sa\u00fade e desenvolvimento para a popula\u00e7\u00e3o de toda a nossa cidade, inclusive da Vila S\u00e3o Francisco\u201d, finalizou o prefeito.<\/p>\n","protected":false},"excerpt":{"rendered":"<p>A\u00e7\u00e3o da Prefeitura visa agilizar a emiss\u00e3o das matr\u00edculas e garantir seguran\u00e7a jur\u00eddica para os&#8230;<\/p>\n","protected":false},"author":1,"featured_media":24939,"comment_status":"open","ping_status":"open","sticky":false,"template":"","format":"standard","meta":{"footnotes":""},"categories":[8],"tags":[],"featured_image_urls":{"full":["https:\/\/novosaopaulo.com.br\/n1\/wp-content\/uploads\/2025\/07\/WhatsApp-Image-2025-07-18-at-10.01.57.jpeg",576,768,false],"thumbnail":["https:\/\/novosaopaulo.com.br\/n1\/wp-content\/uploads\/2025\/07\/WhatsApp-Image-2025-07-18-at-10.01.57-150x150.jpeg",150,150,true],"medium":["https:\/\/novosaopaulo.com.br\/n1\/wp-content\/uploads\/2025\/07\/WhatsApp-Image-2025-07-18-at-10.01.57-225x300.jpeg",225,300,true],"medium_large":["https:\/\/novosaopaulo.com.br\/n1\/wp-content\/uploads\/2025\/07\/WhatsApp-Image-2025-07-18-at-10.01.57.jpeg",576,768,false],"large":["https:\/\/novosaopaulo.com.br\/n1\/wp-content\/uploads\/2025\/07\/WhatsApp-Image-2025-07-18-at-10.01.57.jpeg",576,768,false],"1536x1536":["https:\/\/novosaopaulo.com.br\/n1\/wp-content\/uploads\/2025\/07\/WhatsApp-Image-2025-07-18-at-10.01.57.jpeg",576,768,false],"2048x2048":["https:\/\/novosaopaulo.com.br\/n1\/wp-content\/uploads\/2025\/07\/WhatsApp-Image-2025-07-18-at-10.01.57.jpeg",576,768,false],"newsever-slider-full":["https:\/\/novosaopaulo.com.br\/n1\/wp-content\/uploads\/2025\/07\/WhatsApp-Image-2025-07-18-at-10.01.57.jpeg",576,768,false],"newsever-featured":["https:\/\/novosaopaulo.com.br\/n1\/wp-content\/uploads\/2025\/07\/WhatsApp-Image-2025-07-18-at-10.01.57.jpeg",576,768,false],"newsever-medium":["https:\/\/novosaopaulo.com.br\/n1\/wp-content\/uploads\/2025\/07\/WhatsApp-Image-2025-07-18-at-10.01.57-576x475.jpeg",576,475,true]},"author_info":{"display_name":"Reda\u00e7\u00e3o","author_link":"https:\/\/novosaopaulo.com.br\/n1\/author\/g5poa\/"},"category_info":"<a href=\"https:\/\/novosaopaulo.com.br\/n1\/category\/poa\/\" rel=\"category tag\">Po\u00e1<\/a>","tag_info":"Po\u00e1","comment_count":"0","_links":{"self":[{"href":"https:\/\/novosaopaulo.com.br\/n1\/wp-json\/wp\/v2\/posts\/24938"}],"collection":[{"href":"https:\/\/novosaopaulo.com.br\/n1\/wp-json\/wp\/v2\/posts"}],"about":[{"href":"https:\/\/novosaopaulo.com.br\/n1\/wp-json\/wp\/v2\/types\/post"}],"author":[{"embeddable":true,"href":"https:\/\/novosaopaulo.com.br\/n1\/wp-json\/wp\/v2\/users\/1"}],"replies":[{"embeddable":true,"href":"https:\/\/novosaopaulo.com.br\/n1\/wp-json\/wp\/v2\/comments?post=24938"}],"version-history":[{"count":1,"href":"https:\/\/novosaopaulo.com.br\/n1\/wp-json\/wp\/v2\/posts\/24938\/revisions"}],"predecessor-version":[{"id":24940,"href":"https:\/\/novosaopaulo.com.br\/n1\/wp-json\/wp\/v2\/posts\/24938\/revisions\/24940"}],"wp:featuredmedia":[{"embeddable":true,"href":"https:\/\/novosaopaulo.com.br\/n1\/wp-json\/wp\/v2\/media\/24939"}],"wp:attachment":[{"href":"https:\/\/novosaopaulo.com.br\/n1\/wp-json\/wp\/v2\/media?parent=24938"}],"wp:term":[{"taxonomy":"category","embeddable":true,"href":"https:\/\/novosaopaulo.com.br\/n1\/wp-json\/wp\/v2\/categories?post=24938"},{"taxonomy":"post_tag","embeddable":true,"href":"https:\/\/novosaopaulo.com.br\/n1\/wp-json\/wp\/v2\/tags?post=24938"}],"curies":[{"name":"wp","href":"https:\/\/api.w.org\/{rel}","templated":true}]}}