{"id":24928,"date":"2025-07-17T17:43:58","date_gmt":"2025-07-17T20:43:58","guid":{"rendered":"https:\/\/novosaopaulo.com.br\/n1\/?p=24928"},"modified":"2025-07-17T17:43:59","modified_gmt":"2025-07-17T20:43:59","slug":"rock-na-praca-2025-atrai-milhares-de-pessoas-e-intensifica-a-conexao-entre-a-cultura-e-a-solidariedade-em-poa","status":"publish","type":"post","link":"https:\/\/novosaopaulo.com.br\/n1\/rock-na-praca-2025-atrai-milhares-de-pessoas-e-intensifica-a-conexao-entre-a-cultura-e-a-solidariedade-em-poa\/","title":{"rendered":"Rock na Pra\u00e7a 2025 atrai milhares de pessoas e intensifica a conex\u00e3o entre a cultura e a solidariedade em Po\u00e1"},"content":{"rendered":"\n<p>No \u00faltimo fim de semana, a 25a edi\u00e7\u00e3o do evento ocorreu na Pra\u00e7a de Eventos, com entrada solid\u00e1ria e uma tenda do Fundo Social de Solidariedade.<\/p>\n\n\n\n<p>A 25a edi\u00e7\u00e3o do Rock na Pra\u00e7a, com um p\u00fablico grandioso no \u00faltimo fim de semana, reuniu m\u00fasica, emo\u00e7\u00e3o e solidariedade. O festival, que ocorreu nos dias 12 e 13 de julho, na Pra\u00e7a de Eventos Luc\u00edlia Gomes Felippe, teve o respaldo da Prefeitura de Po\u00e1 e sinalizou o seu retorno ao local de origem, com a tem\u00e1tica \u201cRock na Pra\u00e7a de volta pra casa\u201d, corroborando o comprometimento do munic\u00edpio com a cultura, a inclus\u00e3o e a revitaliza\u00e7\u00e3o dos grandes eventos.<\/p>\n\n\n\n<p>No decorrer do festival, o p\u00fablico teve a oportunidade de assistir a grandes apresenta\u00e7\u00f5es com tributos a figuras como Led Zeppelin, Judas Priest, Pearl Jam, Deep Purple, Black Sabbath e Mot\u00f6rhead, al\u00e9m de se envolver ativamente nas atividades sociais. Durante os dois dias, foram recolhidos alimentos n\u00e3o perec\u00edveis na entrada do evento, que ser\u00e3o doados a fam\u00edlias em situa\u00e7\u00e3o de vulnerabilidade na cidade.<\/p>\n\n\n\n<p>O prefeito Saulo Souza enfatizou o efeito positivo do festival, que acontece anualmente h\u00e1 25 anos. \u201cA cidade de Po\u00e1 pulsa cultura. Parab\u00e9ns aos respons\u00e1veis pela organiza\u00e7\u00e3o que, em colabora\u00e7\u00e3o com o Poder P\u00fablico e com o setor privado, promoveram um significativo evento de solidariedade. Observar a cidade acolhendo o festival mais uma vez, de maneira t\u00e3o afetuosa, reafirma nosso compromisso com uma Po\u00e1 mais humanizada, mais vibrante e mais engajada.<\/p>\n\n\n\n<p>A barraca solid\u00e1ria do Fundo Social de Po\u00e1, sob a coordena\u00e7\u00e3o da primeira-dama e presidente da institui\u00e7\u00e3o, Flavia Souza, constituiu um dos destaques do evento, disponibilizando foga\u00e7a, caldo, sucos e \u00e1gua. \u201cNossa barraca teve um papel social importante. Toda a renda obtida ser\u00e1 destinada a a\u00e7\u00f5es e projetos que assistem fam\u00edlias em condi\u00e7\u00f5es de vulnerabilidade. &#8220;Formamos uma verdadeira corrente de solidariedade, incluindo tamb\u00e9m a \u00e1rea de inclus\u00e3o desenvolvida no evento para atender pessoas com defici\u00eancia (PCDs) e neurodivergentes, que tamb\u00e9m teve um grande \u00eaxito&#8221;, afirmou.<\/p>\n\n\n\n<p>Segundo o secret\u00e1rio municipal de Cultura, Paulo Barbosa, o Rock na Pra\u00e7a transcende o conceito de um festival, constituindo-se num patrim\u00f4nio emocional da comunidade poaense. \u201cA casa do rock na Pra\u00e7a \u00e9 Po\u00e1. A liga\u00e7\u00e3o do povo com esse evento \u00e9 mais que comercial, \u00e9 afetiva. &#8220;As pessoas recordam das primeiras edi\u00e7\u00f5es, relatam a participa\u00e7\u00e3o com filhos e netos, e \u00e9 essa din\u00e2mica que mant\u00e9m o evento em pleno \u00eaxito h\u00e1 tanto tempo&#8221;, destacou.<\/p>\n\n\n\n<p>O idealizador do projeto, Carlito Aquino, celebrou a edi\u00e7\u00e3o hist\u00f3rica e agradeceu o apoio recebido. \u201cFalei para o prefeito sobre as dificuldades que enfrent\u00e1vamos. Ele ouviu e nos ajudou a fazer uma edi\u00e7\u00e3o memor\u00e1vel do Rock na Pra\u00e7a. Nossa gratid\u00e3o a todas as secretarias envolvidas, \u00e0 GCM e ao nosso prefeito, Saulo Souza. Vamos seguir juntos para fazer de Po\u00e1 a maior cidade do rock do pa\u00eds\u201d.<\/p>\n","protected":false},"excerpt":{"rendered":"<p>No \u00faltimo fim de semana, a 25a edi\u00e7\u00e3o do evento ocorreu na Pra\u00e7a de Eventos,&#8230;<\/p>\n","protected":false},"author":1,"featured_media":24929,"comment_status":"open","ping_status":"open","sticky":false,"template":"","format":"standard","meta":{"footnotes":""},"categories":[8],"tags":[],"featured_image_urls":{"full":["https:\/\/novosaopaulo.com.br\/n1\/wp-content\/uploads\/2025\/07\/WhatsApp-Image-2025-07-17-at-13.35.43.jpeg",1280,853,false],"thumbnail":["https:\/\/novosaopaulo.com.br\/n1\/wp-content\/uploads\/2025\/07\/WhatsApp-Image-2025-07-17-at-13.35.43-150x150.jpeg",150,150,true],"medium":["https:\/\/novosaopaulo.com.br\/n1\/wp-content\/uploads\/2025\/07\/WhatsApp-Image-2025-07-17-at-13.35.43-300x200.jpeg",300,200,true],"medium_large":["https:\/\/novosaopaulo.com.br\/n1\/wp-content\/uploads\/2025\/07\/WhatsApp-Image-2025-07-17-at-13.35.43-768x512.jpeg",640,427,true],"large":["https:\/\/novosaopaulo.com.br\/n1\/wp-content\/uploads\/2025\/07\/WhatsApp-Image-2025-07-17-at-13.35.43-1024x682.jpeg",640,426,true],"1536x1536":["https:\/\/novosaopaulo.com.br\/n1\/wp-content\/uploads\/2025\/07\/WhatsApp-Image-2025-07-17-at-13.35.43.jpeg",1280,853,false],"2048x2048":["https:\/\/novosaopaulo.com.br\/n1\/wp-content\/uploads\/2025\/07\/WhatsApp-Image-2025-07-17-at-13.35.43.jpeg",1280,853,false],"newsever-slider-full":["https:\/\/novosaopaulo.com.br\/n1\/wp-content\/uploads\/2025\/07\/WhatsApp-Image-2025-07-17-at-13.35.43-1280x845.jpeg",1280,845,true],"newsever-featured":["https:\/\/novosaopaulo.com.br\/n1\/wp-content\/uploads\/2025\/07\/WhatsApp-Image-2025-07-17-at-13.35.43-1024x682.jpeg",1024,682,true],"newsever-medium":["https:\/\/novosaopaulo.com.br\/n1\/wp-content\/uploads\/2025\/07\/WhatsApp-Image-2025-07-17-at-13.35.43-720x475.jpeg",720,475,true]},"author_info":{"display_name":"Reda\u00e7\u00e3o","author_link":"https:\/\/novosaopaulo.com.br\/n1\/author\/g5poa\/"},"category_info":"<a href=\"https:\/\/novosaopaulo.com.br\/n1\/category\/poa\/\" rel=\"category tag\">Po\u00e1<\/a>","tag_info":"Po\u00e1","comment_count":"0","_links":{"self":[{"href":"https:\/\/novosaopaulo.com.br\/n1\/wp-json\/wp\/v2\/posts\/24928"}],"collection":[{"href":"https:\/\/novosaopaulo.com.br\/n1\/wp-json\/wp\/v2\/posts"}],"about":[{"href":"https:\/\/novosaopaulo.com.br\/n1\/wp-json\/wp\/v2\/types\/post"}],"author":[{"embeddable":true,"href":"https:\/\/novosaopaulo.com.br\/n1\/wp-json\/wp\/v2\/users\/1"}],"replies":[{"embeddable":true,"href":"https:\/\/novosaopaulo.com.br\/n1\/wp-json\/wp\/v2\/comments?post=24928"}],"version-history":[{"count":1,"href":"https:\/\/novosaopaulo.com.br\/n1\/wp-json\/wp\/v2\/posts\/24928\/revisions"}],"predecessor-version":[{"id":24930,"href":"https:\/\/novosaopaulo.com.br\/n1\/wp-json\/wp\/v2\/posts\/24928\/revisions\/24930"}],"wp:featuredmedia":[{"embeddable":true,"href":"https:\/\/novosaopaulo.com.br\/n1\/wp-json\/wp\/v2\/media\/24929"}],"wp:attachment":[{"href":"https:\/\/novosaopaulo.com.br\/n1\/wp-json\/wp\/v2\/media?parent=24928"}],"wp:term":[{"taxonomy":"category","embeddable":true,"href":"https:\/\/novosaopaulo.com.br\/n1\/wp-json\/wp\/v2\/categories?post=24928"},{"taxonomy":"post_tag","embeddable":true,"href":"https:\/\/novosaopaulo.com.br\/n1\/wp-json\/wp\/v2\/tags?post=24928"}],"curies":[{"name":"wp","href":"https:\/\/api.w.org\/{rel}","templated":true}]}}