{"id":24925,"date":"2025-07-17T17:42:53","date_gmt":"2025-07-17T20:42:53","guid":{"rendered":"https:\/\/novosaopaulo.com.br\/n1\/?p=24925"},"modified":"2025-07-17T17:42:54","modified_gmt":"2025-07-17T20:42:54","slug":"viacao-aguia-branca-e-msp-estudios-lancam-onibus-tematico-da-turma-da-monica-com-evento-gratuito-em-sp","status":"publish","type":"post","link":"https:\/\/novosaopaulo.com.br\/n1\/viacao-aguia-branca-e-msp-estudios-lancam-onibus-tematico-da-turma-da-monica-com-evento-gratuito-em-sp\/","title":{"rendered":"Via\u00e7\u00e3o \u00c1guia Branca e MSP Est\u00fadios lan\u00e7am \u00f4nibus tem\u00e1tico da Turma da M\u00f4nica com evento gratuito em SP"},"content":{"rendered":"\n<p>Brincadeiras, oficinas criativas e encontros com personagens garantem a divers\u00e3o no Parque Villa-Lobos<\/p>\n\n\n\n<p>No dia 19 de julho, a Via\u00e7\u00e3o \u00c1guia Branca, em parceria com a MSP Est\u00fadios, convida o p\u00fablico para um evento especial no Parque Villa-Lobos, zona oeste de S\u00e3o Paulo. O lan\u00e7amento do novo \u00f4nibus tem\u00e1tico da Turma da M\u00f4nica vai acontecer das 10h \u00e0s 14h com direito a diferentes atividades gratuitas focadas no incentivo \u00e0 leitura e a brincadeiras infantis.<\/p>\n\n\n\n<p>M\u00f4nica, Cebolinha e Milena estar\u00e3o no local para fotos, abra\u00e7os e intera\u00e7\u00e3o com o p\u00fablico. A programa\u00e7\u00e3o inclui a brincadeira \u201cQual o Personagem?\u201d, inspirada no cl\u00e1ssico jogo \u2018Cara a Cara\u2019, al\u00e9m de oficinas de pintura e dobradura, conta\u00e7\u00e3o de hist\u00f3rias, distribui\u00e7\u00e3o de tatuagens tem\u00e1ticas e um paper toy exclusivo do \u00f4nibus para as crian\u00e7as colorirem, montarem e levarem para casa. A a\u00e7\u00e3o tamb\u00e9m conta com a parceria da biblioteca do Parque Villa-Lobos, que oferecer\u00e1 atividades ao longo do dia.<\/p>\n\n\n\n<p>\u201cEste projeto refor\u00e7a nossa proposta de levar experi\u00eancias encantadoras para os passageiros e suas fam\u00edlias. Unimos mobilidade, educa\u00e7\u00e3o e cultura em uma a\u00e7\u00e3o que aproxima ainda mais a nossa empresa do dia a dia das pessoas&#8221;, afirma Paula Barcellos, CEO da Via\u00e7\u00e3o \u00c1guia Branca.<\/p>\n\n\n\n<p>O novo \u00f4nibus circular\u00e1 por rotas da companhia nos nove estados de atua\u00e7\u00e3o, como parte de um projeto que levar\u00e1 tr\u00eas ve\u00edculos tem\u00e1ticos da MSP Est\u00fadios \u00e0s estradas ao longo do ano. Al\u00e9m de promover leitura e entretenimento, a a\u00e7\u00e3o fortalece o posicionamento da \u00c1guia Branca como refer\u00eancia em servi\u00e7o de qualidade e inova\u00e7\u00e3o no setor.<\/p>\n\n\n\n<p>Mais divers\u00e3o no domingo, no Terminal Tiet\u00ea<\/p>\n\n\n\n<p>No dia 20 de julho, a festa continuar\u00e1 com a abertura de um espa\u00e7o para crian\u00e7as na sala VIP da \u00c1guia Branca, no Terminal Tiet\u00ea, em S\u00e3o Paulo (SP). Decorado de forma l\u00fadica, o ambiente inclui espa\u00e7o para colorir, \u00e1rea instagram\u00e1vel. O espa\u00e7o ficar\u00e1 dispon\u00edvel diariamente, tornando a experi\u00eancia de embarque ainda mais especial para pais e filhos. Ainda no domingo, \u00e0s 16h, acontece a viagem inaugural do \u00f4nibus tem\u00e1tico, com partida de S\u00e3o Paulo para o Rio de Janeiro (RJ).<\/p>\n\n\n\n<p>Depois da estreia em S\u00e3o Paulo, a a\u00e7\u00e3o segue para outros estados onde a \u00c1guia Branca atua. Esp\u00edrito Santo e Bahia tamb\u00e9m receber\u00e3o edi\u00e7\u00f5es especiais do evento com o \u00f4nibus tem\u00e1tico da Turma da M\u00f4nica, levando experi\u00eancias culturais e afetivas \u00e0s fam\u00edlias por meio do transporte rodovi\u00e1rio.<\/p>\n\n\n\n<p>Servi\u00e7o: Lan\u00e7amento do \u00f4nibus tem\u00e1tico da Turma da M\u00f4nica<br>Local: Parque Villa-Lobos, pr\u00f3ximo \u00e0 biblioteca (Av. Prof. Fonseca Rodrigues, 2001 &#8211; Alto de Pinheiros, S\u00e3o Paulo \/ SP)<br>Data: 19 de julho (s\u00e1bado)<br>Hor\u00e1rio: das 10h \u00e0s 14h, entrada gratuita<\/p>\n\n\n\n<p>Sobre a \u00c1guia Branca<br>A Via\u00e7\u00e3o \u00c1guia Branca, empresa de transporte rodovi\u00e1rio de passageiros do Grupo \u00c1guia Branca, tem o prop\u00f3sito de mover o mundo com excel\u00eancia e respeito \u00e0s pessoas. Fundada h\u00e1 79 anos, a empresa \u00e9 l\u00edder em todos os mercados em que atua. Investindo continuamente em seguran\u00e7a, conforto e qualidade, a \u00c1guia Branca promove excel\u00eancia em experi\u00eancias de viagem para cerca de 9 milh\u00f5es de passageiros por ano e atua em mais de 750 localidades em oito estados &#8211; Esp\u00edrito Santo, Bahia, Rio de Janeiro, S\u00e3o Paul<\/p>\n","protected":false},"excerpt":{"rendered":"<p>Brincadeiras, oficinas criativas e encontros com personagens garantem a divers\u00e3o no Parque Villa-Lobos No dia&#8230;<\/p>\n","protected":false},"author":1,"featured_media":24926,"comment_status":"open","ping_status":"open","sticky":false,"template":"","format":"standard","meta":{"footnotes":""},"categories":[2],"tags":[],"featured_image_urls":{"full":["https:\/\/novosaopaulo.com.br\/n1\/wp-content\/uploads\/2025\/07\/WhatsApp-Image-2025-07-17-at-12.49.56.jpeg",800,533,false],"thumbnail":["https:\/\/novosaopaulo.com.br\/n1\/wp-content\/uploads\/2025\/07\/WhatsApp-Image-2025-07-17-at-12.49.56-150x150.jpeg",150,150,true],"medium":["https:\/\/novosaopaulo.com.br\/n1\/wp-content\/uploads\/2025\/07\/WhatsApp-Image-2025-07-17-at-12.49.56-300x200.jpeg",300,200,true],"medium_large":["https:\/\/novosaopaulo.com.br\/n1\/wp-content\/uploads\/2025\/07\/WhatsApp-Image-2025-07-17-at-12.49.56-768x512.jpeg",640,427,true],"large":["https:\/\/novosaopaulo.com.br\/n1\/wp-content\/uploads\/2025\/07\/WhatsApp-Image-2025-07-17-at-12.49.56.jpeg",640,426,false],"1536x1536":["https:\/\/novosaopaulo.com.br\/n1\/wp-content\/uploads\/2025\/07\/WhatsApp-Image-2025-07-17-at-12.49.56.jpeg",800,533,false],"2048x2048":["https:\/\/novosaopaulo.com.br\/n1\/wp-content\/uploads\/2025\/07\/WhatsApp-Image-2025-07-17-at-12.49.56.jpeg",800,533,false],"newsever-slider-full":["https:\/\/novosaopaulo.com.br\/n1\/wp-content\/uploads\/2025\/07\/WhatsApp-Image-2025-07-17-at-12.49.56.jpeg",800,533,false],"newsever-featured":["https:\/\/novosaopaulo.com.br\/n1\/wp-content\/uploads\/2025\/07\/WhatsApp-Image-2025-07-17-at-12.49.56.jpeg",800,533,false],"newsever-medium":["https:\/\/novosaopaulo.com.br\/n1\/wp-content\/uploads\/2025\/07\/WhatsApp-Image-2025-07-17-at-12.49.56-720x475.jpeg",720,475,true]},"author_info":{"display_name":"Reda\u00e7\u00e3o","author_link":"https:\/\/novosaopaulo.com.br\/n1\/author\/g5poa\/"},"category_info":"<a href=\"https:\/\/novosaopaulo.com.br\/n1\/category\/cidades\/\" rel=\"category tag\">Cidades<\/a>","tag_info":"Cidades","comment_count":"0","_links":{"self":[{"href":"https:\/\/novosaopaulo.com.br\/n1\/wp-json\/wp\/v2\/posts\/24925"}],"collection":[{"href":"https:\/\/novosaopaulo.com.br\/n1\/wp-json\/wp\/v2\/posts"}],"about":[{"href":"https:\/\/novosaopaulo.com.br\/n1\/wp-json\/wp\/v2\/types\/post"}],"author":[{"embeddable":true,"href":"https:\/\/novosaopaulo.com.br\/n1\/wp-json\/wp\/v2\/users\/1"}],"replies":[{"embeddable":true,"href":"https:\/\/novosaopaulo.com.br\/n1\/wp-json\/wp\/v2\/comments?post=24925"}],"version-history":[{"count":1,"href":"https:\/\/novosaopaulo.com.br\/n1\/wp-json\/wp\/v2\/posts\/24925\/revisions"}],"predecessor-version":[{"id":24927,"href":"https:\/\/novosaopaulo.com.br\/n1\/wp-json\/wp\/v2\/posts\/24925\/revisions\/24927"}],"wp:featuredmedia":[{"embeddable":true,"href":"https:\/\/novosaopaulo.com.br\/n1\/wp-json\/wp\/v2\/media\/24926"}],"wp:attachment":[{"href":"https:\/\/novosaopaulo.com.br\/n1\/wp-json\/wp\/v2\/media?parent=24925"}],"wp:term":[{"taxonomy":"category","embeddable":true,"href":"https:\/\/novosaopaulo.com.br\/n1\/wp-json\/wp\/v2\/categories?post=24925"},{"taxonomy":"post_tag","embeddable":true,"href":"https:\/\/novosaopaulo.com.br\/n1\/wp-json\/wp\/v2\/tags?post=24925"}],"curies":[{"name":"wp","href":"https:\/\/api.w.org\/{rel}","templated":true}]}}