{"id":24907,"date":"2025-07-16T21:42:58","date_gmt":"2025-07-17T00:42:58","guid":{"rendered":"https:\/\/novosaopaulo.com.br\/n1\/?p=24907"},"modified":"2025-07-16T21:42:59","modified_gmt":"2025-07-17T00:42:59","slug":"debate-presidencial-na-bolivia","status":"publish","type":"post","link":"https:\/\/novosaopaulo.com.br\/n1\/debate-presidencial-na-bolivia\/","title":{"rendered":"Debate presidencial na Bol\u00edvia"},"content":{"rendered":"\n<p>O primeiro debate presidencial na Bol\u00edvia, ocorrido em 6 de julho de 2025, foi marcado por discuss\u00f5es e alega\u00e7\u00f5es de desinforma\u00e7\u00e3o. Houve uma imagem circulando online, atribu\u00edda ao canal Red Uno, que supostamente mostrava o candidato oficialista Eduardo del Castillo como vencedor de uma pesquisa virtual p\u00f3s-debate. No entanto, a Red Uno desmentiu essa imagem, classificando-a como falsa e alertando para a desinforma\u00e7\u00e3o.<br>\u00c9 importante notar que, em geral, debates presidenciais visam permitir que os candidatos apresentassem suas propostas e confrontem ideias, oferecendo aos eleitores a chance de comparar vis\u00f5es. A repercuss\u00e3o e a an\u00e1lise do debate geralmente se concentram em:<\/p>\n\n\n\n<ul>\n<li>Desempenho dos candidatos: Como cada um se expressou sua clareza, confian\u00e7a e capacidade de responder a perguntas.<\/li>\n\n\n\n<li>Propostas e planos: A apresenta\u00e7\u00e3o de solu\u00e7\u00f5es para os problemas do pa\u00eds em \u00e1reas como economia, sa\u00fade, educa\u00e7\u00e3o e seguran\u00e7a.<\/li>\n\n\n\n<li>Confrontos e cr\u00edticas: Como os candidatos reagiram \u00e0s cr\u00edticas dos advers\u00e1rios e se conseguiram expor fraquezas nas propostas alheias.<\/li>\n\n\n\n<li>Rea\u00e7\u00e3o do p\u00fablico e da m\u00eddia: A percep\u00e7\u00e3o geral do debate, as manchetes, os coment\u00e1rios de analistas e a rea\u00e7\u00e3o dos eleitores nas redes sociais.<br>Apesar da pol\u00eamica da pesquisa falsa, o debate, em si, provavelmente gerou discuss\u00f5es sobre os temas abordados e as performances dos participantes, impactando a percep\u00e7\u00e3o p\u00fablica dos candidatos.<\/li>\n<\/ul>\n","protected":false},"excerpt":{"rendered":"<p>O primeiro debate presidencial na Bol\u00edvia, ocorrido em 6 de julho de 2025, foi marcado&#8230;<\/p>\n","protected":false},"author":1,"featured_media":0,"comment_status":"open","ping_status":"open","sticky":false,"template":"","format":"standard","meta":{"footnotes":""},"categories":[2],"tags":[],"featured_image_urls":{"full":"","thumbnail":"","medium":"","medium_large":"","large":"","1536x1536":"","2048x2048":"","newsever-slider-full":"","newsever-featured":"","newsever-medium":""},"author_info":{"display_name":"Reda\u00e7\u00e3o","author_link":"https:\/\/novosaopaulo.com.br\/n1\/author\/g5poa\/"},"category_info":"<a href=\"https:\/\/novosaopaulo.com.br\/n1\/category\/cidades\/\" rel=\"category tag\">Cidades<\/a>","tag_info":"Cidades","comment_count":"0","_links":{"self":[{"href":"https:\/\/novosaopaulo.com.br\/n1\/wp-json\/wp\/v2\/posts\/24907"}],"collection":[{"href":"https:\/\/novosaopaulo.com.br\/n1\/wp-json\/wp\/v2\/posts"}],"about":[{"href":"https:\/\/novosaopaulo.com.br\/n1\/wp-json\/wp\/v2\/types\/post"}],"author":[{"embeddable":true,"href":"https:\/\/novosaopaulo.com.br\/n1\/wp-json\/wp\/v2\/users\/1"}],"replies":[{"embeddable":true,"href":"https:\/\/novosaopaulo.com.br\/n1\/wp-json\/wp\/v2\/comments?post=24907"}],"version-history":[{"count":1,"href":"https:\/\/novosaopaulo.com.br\/n1\/wp-json\/wp\/v2\/posts\/24907\/revisions"}],"predecessor-version":[{"id":24908,"href":"https:\/\/novosaopaulo.com.br\/n1\/wp-json\/wp\/v2\/posts\/24907\/revisions\/24908"}],"wp:attachment":[{"href":"https:\/\/novosaopaulo.com.br\/n1\/wp-json\/wp\/v2\/media?parent=24907"}],"wp:term":[{"taxonomy":"category","embeddable":true,"href":"https:\/\/novosaopaulo.com.br\/n1\/wp-json\/wp\/v2\/categories?post=24907"},{"taxonomy":"post_tag","embeddable":true,"href":"https:\/\/novosaopaulo.com.br\/n1\/wp-json\/wp\/v2\/tags?post=24907"}],"curies":[{"name":"wp","href":"https:\/\/api.w.org\/{rel}","templated":true}]}}