{"id":24904,"date":"2025-07-14T21:16:30","date_gmt":"2025-07-15T00:16:30","guid":{"rendered":"https:\/\/novosaopaulo.com.br\/n1\/?p=24904"},"modified":"2025-07-14T21:16:31","modified_gmt":"2025-07-15T00:16:31","slug":"ferias-escolares-e-uso-de-telas-especialista-orienta-como-equilibrar-diversao-e-desenvolvimento-infantil","status":"publish","type":"post","link":"https:\/\/novosaopaulo.com.br\/n1\/ferias-escolares-e-uso-de-telas-especialista-orienta-como-equilibrar-diversao-e-desenvolvimento-infantil\/","title":{"rendered":"F\u00e9rias escolares e uso de telas: especialista orienta como equilibrar divers\u00e3o e desenvolvimento infantil"},"content":{"rendered":"\n<p>Durante o recesso escolar, muitas fam\u00edlias se veem diante de um desafio comum: como entreter as crian\u00e7as nas f\u00e9rias sem recorrer ao uso excessivo das telas? Em um cen\u00e1rio cada vez mais digital, a presen\u00e7a da tecnologia na rotina infantil \u00e9 uma realidade, o que levanta discuss\u00f5es sobre os limites e os impactos desse consumo.<\/p>\n\n\n\n<p>Estudos recentes t\u00eam refor\u00e7ado a import\u00e2ncia de aten\u00e7\u00e3o ao tema. De acordo com pesquisa publicada no Brazilian Journal of Implantology and Health Sciences, em abril de 2025, o uso excessivo de telas est\u00e1 associado ao aumento de dist\u00farbios como o Transtorno do D\u00e9ficit de Aten\u00e7\u00e3o e Hiperatividade (TDAH), al\u00e9m de altera\u00e7\u00f5es no comportamento social. O estudo aponta ainda que o consumo passivo e sem supervis\u00e3o pode comprometer habilidades como aten\u00e7\u00e3o, linguagem, empatia e criatividade.<\/p>\n\n\n\n<p>Para a psic\u00f3loga e diretora comercial da TreeHouse, B\u00e1rbara Porro, o uso consciente das telas pode ser incorporado de forma positiva ao cotidiano das crian\u00e7as. \u201cAs telas fazem parte da inf\u00e2ncia contempor\u00e2nea. O mais importante \u00e9 oferecer experi\u00eancias digitais que promovam intera\u00e7\u00e3o, criatividade e aprendizado. Jogos, v\u00eddeos educativos e atividades online guiadas por adultos podem ser muito enriquecedores, desde que fa\u00e7am parte de uma rotina equilibrada\u201d, afirma.<\/p>\n\n\n\n<p>B\u00e1rbara tamb\u00e9m refor\u00e7a que o descanso ativo e as viv\u00eancias fora do digital s\u00e3o fundamentais durante o recesso. \u201cF\u00e9rias s\u00e3o tempo de pausa, de contato com a natureza, de t\u00e9dio criativo. Quando a crian\u00e7a se desconecta do imediatismo das telas, ela tem espa\u00e7o para imaginar, criar e desenvolver autonomia. \u00c9 uma oportunidade valiosa para fortalecer os v\u00ednculos familiares e cultivar a curiosidade com o mundo real\u201d, pontua.<\/p>\n\n\n\n<p>Entre as orienta\u00e7\u00f5es para as fam\u00edlias, est\u00e3o: estabelecer combinados claros sobre o tempo de uso das telas, alternar com atividades manuais, brincadeiras livres e momentos de presen\u00e7a ativa dos adultos. Propostas simples como jogos de tabuleiro, leitura compartilhada, culin\u00e1ria em fam\u00edlia ou passeios ao ar livre podem fazer toda a diferen\u00e7a. Mais do que restringir, o objetivo \u00e9 ensinar as crian\u00e7as a usarem a tecnologia de forma consciente e significativa, construindo, desde cedo, uma rela\u00e7\u00e3o saud\u00e1vel com o digital.<\/p>\n\n\n\n<p>Sobre a escola de ensino bil\u00edngue TreeHouse<\/p>\n\n\n\n<p>A TreeHouse Fortaleza \u00e9 uma escola bil\u00edngue que se destaca pela educa\u00e7\u00e3o inovadora, imersiva e tecnol\u00f3gica, preparando seus alunos para os desafios do futuro desde 2016. Com um curr\u00edculo transformador e uma equipe de educadores comprometidos, a institui\u00e7\u00e3o promove o desenvolvimento integral das crian\u00e7as, incentivando criatividade, protagonismo e aprendizado significativo.<\/p>\n\n\n\n<p>Site: www.treehousefortaleza.com.br<\/p>\n\n\n\n<p>Instagram: @treehousefortaleza<\/p>\n","protected":false},"excerpt":{"rendered":"<p>Durante o recesso escolar, muitas fam\u00edlias se veem diante de um desafio comum: como entreter&#8230;<\/p>\n","protected":false},"author":1,"featured_media":24905,"comment_status":"open","ping_status":"open","sticky":false,"template":"","format":"standard","meta":{"footnotes":""},"categories":[2,43],"tags":[],"featured_image_urls":{"full":["https:\/\/novosaopaulo.com.br\/n1\/wp-content\/uploads\/2025\/07\/dba9ae63-0982-4191-8b48-a6303dbf42fc.jpeg",679,532,false],"thumbnail":["https:\/\/novosaopaulo.com.br\/n1\/wp-content\/uploads\/2025\/07\/dba9ae63-0982-4191-8b48-a6303dbf42fc-150x150.jpeg",150,150,true],"medium":["https:\/\/novosaopaulo.com.br\/n1\/wp-content\/uploads\/2025\/07\/dba9ae63-0982-4191-8b48-a6303dbf42fc-300x235.jpeg",300,235,true],"medium_large":["https:\/\/novosaopaulo.com.br\/n1\/wp-content\/uploads\/2025\/07\/dba9ae63-0982-4191-8b48-a6303dbf42fc.jpeg",640,501,false],"large":["https:\/\/novosaopaulo.com.br\/n1\/wp-content\/uploads\/2025\/07\/dba9ae63-0982-4191-8b48-a6303dbf42fc.jpeg",640,501,false],"1536x1536":["https:\/\/novosaopaulo.com.br\/n1\/wp-content\/uploads\/2025\/07\/dba9ae63-0982-4191-8b48-a6303dbf42fc.jpeg",679,532,false],"2048x2048":["https:\/\/novosaopaulo.com.br\/n1\/wp-content\/uploads\/2025\/07\/dba9ae63-0982-4191-8b48-a6303dbf42fc.jpeg",679,532,false],"newsever-slider-full":["https:\/\/novosaopaulo.com.br\/n1\/wp-content\/uploads\/2025\/07\/dba9ae63-0982-4191-8b48-a6303dbf42fc.jpeg",679,532,false],"newsever-featured":["https:\/\/novosaopaulo.com.br\/n1\/wp-content\/uploads\/2025\/07\/dba9ae63-0982-4191-8b48-a6303dbf42fc.jpeg",679,532,false],"newsever-medium":["https:\/\/novosaopaulo.com.br\/n1\/wp-content\/uploads\/2025\/07\/dba9ae63-0982-4191-8b48-a6303dbf42fc-679x475.jpeg",679,475,true]},"author_info":{"display_name":"Reda\u00e7\u00e3o","author_link":"https:\/\/novosaopaulo.com.br\/n1\/author\/g5poa\/"},"category_info":"<a href=\"https:\/\/novosaopaulo.com.br\/n1\/category\/cidades\/\" rel=\"category tag\">Cidades<\/a> <a href=\"https:\/\/novosaopaulo.com.br\/n1\/category\/saude\/\" rel=\"category tag\">Sa\u00fade<\/a>","tag_info":"Sa\u00fade","comment_count":"0","_links":{"self":[{"href":"https:\/\/novosaopaulo.com.br\/n1\/wp-json\/wp\/v2\/posts\/24904"}],"collection":[{"href":"https:\/\/novosaopaulo.com.br\/n1\/wp-json\/wp\/v2\/posts"}],"about":[{"href":"https:\/\/novosaopaulo.com.br\/n1\/wp-json\/wp\/v2\/types\/post"}],"author":[{"embeddable":true,"href":"https:\/\/novosaopaulo.com.br\/n1\/wp-json\/wp\/v2\/users\/1"}],"replies":[{"embeddable":true,"href":"https:\/\/novosaopaulo.com.br\/n1\/wp-json\/wp\/v2\/comments?post=24904"}],"version-history":[{"count":1,"href":"https:\/\/novosaopaulo.com.br\/n1\/wp-json\/wp\/v2\/posts\/24904\/revisions"}],"predecessor-version":[{"id":24906,"href":"https:\/\/novosaopaulo.com.br\/n1\/wp-json\/wp\/v2\/posts\/24904\/revisions\/24906"}],"wp:featuredmedia":[{"embeddable":true,"href":"https:\/\/novosaopaulo.com.br\/n1\/wp-json\/wp\/v2\/media\/24905"}],"wp:attachment":[{"href":"https:\/\/novosaopaulo.com.br\/n1\/wp-json\/wp\/v2\/media?parent=24904"}],"wp:term":[{"taxonomy":"category","embeddable":true,"href":"https:\/\/novosaopaulo.com.br\/n1\/wp-json\/wp\/v2\/categories?post=24904"},{"taxonomy":"post_tag","embeddable":true,"href":"https:\/\/novosaopaulo.com.br\/n1\/wp-json\/wp\/v2\/tags?post=24904"}],"curies":[{"name":"wp","href":"https:\/\/api.w.org\/{rel}","templated":true}]}}