{"id":24888,"date":"2025-07-14T15:02:35","date_gmt":"2025-07-14T18:02:35","guid":{"rendered":"https:\/\/novosaopaulo.com.br\/n1\/?p=24888"},"modified":"2025-07-14T15:02:36","modified_gmt":"2025-07-14T18:02:36","slug":"guilherme-dantas-e-o-nome-por-tras-de-grandes-hits-do-forro-e-sertanejo-que-ultrapassam-50-milhoes-de-visualizacoes-nos-aplicativos-de-musica","status":"publish","type":"post","link":"https:\/\/novosaopaulo.com.br\/n1\/guilherme-dantas-e-o-nome-por-tras-de-grandes-hits-do-forro-e-sertanejo-que-ultrapassam-50-milhoes-de-visualizacoes-nos-aplicativos-de-musica\/","title":{"rendered":"Guilherme Dantas \u00e9 o nome por tr\u00e1s de grandes hits do forr\u00f3 e sertanejo que ultrapassam 50 milh\u00f5es de visualiza\u00e7\u00f5es nos aplicativos de m\u00fasica"},"content":{"rendered":"\n<p>Compositor cearense assina sucessos que ultrapassam 50 milh\u00f5es de visualiza\u00e7\u00f5es no YouTube e 30 milh\u00f5es de streams no Spotify, gravados por nomes como Wesley Safad\u00e3o, Tarc\u00edsio do Acordeon e Jonas Esticado.<\/p>\n\n\n\n<p>Voc\u00ea provavelmente j\u00e1 ouviu m\u00fasicas como \u201cMe Ame ou Me Deixe\u201d, \u201cDeixa Eu Te Superar\u201d, \u201cDif\u00edcil de Superar\u201d ou \u201cT\u00f4 Com Medo\u201d, mas talvez n\u00e3o saiba que todas elas foram escritas por Guilherme Dantas, cantor em ascens\u00e3o no forr\u00f3. Artista cearense, nascido com defici\u00eancia visual, ele transforma emo\u00e7\u00f5es em letras que atravessam o Brasil nas vozes de grandes nomes do cen\u00e1rio nacional.<br>Com talento de sobra, sensibilidade e um repert\u00f3rio de milh\u00f5es, Guilherme Dantas soma composi\u00e7\u00f5es gravadas por artistas como Wesley Safad\u00e3o, Gusttavo Lima, Tarc\u00edsio do Acordeon, Xand Avi\u00e3o, Mano Walter e Jonas Esticado, al\u00e9m de trilhar uma carreira solo, como destaque no casting da Vybbe, uma das maiores produtoras do segmento.<br>Suas m\u00fasicas, interpretadas por alguns dos maiores nomes do pa\u00eds, conquistaram milh\u00f5es de pessoas, entre elas: &#8220;Deixa Eu Te Superar&#8221;, lan\u00e7ada por Tarc\u00edsio do Acordeon, no DVD Nossa Hist\u00f3ria (2022), ultrapassa 30 milh\u00f5es de streams no Spotify e 50 milh\u00f5es de visualiza\u00e7\u00f5es no YouTube. J\u00e1 &#8220;Me Ame ou Me Deixe&#8221;, sucesso na voz de Wesley Safad\u00e3o em seu DVD Ao Vivo em Bras\u00edlia (2016), soma 10,5 milh\u00f5es de streams no Spotify e mais de 10 milh\u00f5es de views no YouTube. \u201cDif\u00edcil de Superar\u201d, single de Jonas Esticado lan\u00e7ado em 2022, acumula mais de 5 milh\u00f5es de reprodu\u00e7\u00f5es e 3,5 milh\u00f5es de visualiza\u00e7\u00f5es, enquanto \u201cT\u00f4 Com Medo\u201d, lan\u00e7ada em 2024 por Guilherme em parceria com Tarc\u00edsio, soma mais de 1 milh\u00e3o de views e mais de 100 mil streams, n\u00fameros que crescem diariamente.<br>Guilherme nasceu com defici\u00eancia visual e encontrou na arte uma forma de enxergar o mundo. Natural do Cear\u00e1, onde o forr\u00f3 est\u00e1 em todos os cantos, foi nesse ambiente que ele desenvolveu sua paix\u00e3o pela m\u00fasica nordestina. Em 2007, recebeu uma bolsa de estudos no Conservat\u00f3rio Souza Lima, em S\u00e3o Paulo, o maior da Am\u00e9rica Latina. L\u00e1, aprimorou seu dom\u00ednio no piano e teve contato com diferentes vertentes musicais. Hoje, \u00e9 reconhecido tamb\u00e9m como um instrumentista talentoso, com destaque para seu dom\u00ednio da sanfona, instrumento que se tornou marca registrada de seus shows.<br>Al\u00e9m de suas composi\u00e7\u00f5es, Guilherme tem se dedicado a projetos que refor\u00e7am sua identidade art\u00edstica e cultural. Um deles \u00e9 a s\u00e9rie de EPs \u201cComo Seria\u201d, lan\u00e7ada em 2025, onde revisita grandes sucessos do forr\u00f3 e de outros ritmos nordestinos em medleys emocionantes. O projeto une tradi\u00e7\u00e3o e modernidade e reafirma o compromisso do artista com a valoriza\u00e7\u00e3o das ra\u00edzes do Nordeste.<br>No palco, Guilherme entrega verdade, emo\u00e7\u00e3o e representatividade. Em junho deste ano, ele foi uma das atra\u00e7\u00f5es do palco principal do S\u00e3o Jo\u00e3o de Campina Grande (PB), o maior do mundo, com um show emocionante e cheio de simbolismo. \u201cEstar aqui \u00e9 a realiza\u00e7\u00e3o de um sonho. Como artista com defici\u00eancia visual, isso representa muito mais do que um show. \u00c9 plantar a semente para que outros cantores tamb\u00e9m possam chegar\u201d, declarou o artista.<br>Depois de se destacar como compositor, Guilherme Dantas aposta em novos projetos para ampliar ainda mais seu alcance no cen\u00e1rio nacional.<br>Sobre Guilherme Dantas<\/p>\n\n\n\n<p>Cantor, compositor e sanfoneiro, o cearense Guilherme Dantas diz que enxerga com os olhos do cora\u00e7\u00e3o. Com defici\u00eancia visual desde que nasceu, ele iniciou, aos 4 anos, sua conex\u00e3o com a m\u00fasica de forma instintiva, dominando o teclado por ouvido. Sua habilidade o levou a conquistar m\u00faltiplos pr\u00eamios em concursos e a desenvolver sua voca\u00e7\u00e3o como instrumentista, com destaque para sua maestria na sanfona.<\/p>\n\n\n\n<p>Em 2007, Guilherme recebeu uma bolsa para estudar no Souza Lima, o maior conservat\u00f3rio de m\u00fasica da Am\u00e9rica Latina, localizado em S\u00e3o Paulo. Na capital paulista, aprimorou seus conhecimentos no piano e explorou diferentes vertentes art\u00edsticas. N\u00e3o demorou para que convites para estudar no exterior surgissem, mas Dantas escolheu voltar para o Cear\u00e1 para se dedicar a sua verdadeira paix\u00e3o: o forr\u00f3. Desde ent\u00e3o, suas composi\u00e7\u00f5es ganharam reconhecimento, marcando presen\u00e7a nos repert\u00f3rios de artistas consagrados como Wesley Safad\u00e3o, Gusttavo Lima, Mano Walter e Xand Avi\u00e3o.<\/p>\n\n\n\n<p>Em 2024, Guilherme Dantas assinou contrato com a Vybbe, renomada empresa de gerenciamento de carreiras, marcando o in\u00edcio de uma nova fase em sua trajet\u00f3ria art\u00edstica. Seu primeiro DVD, intitulado &#8220;Prazer, Guilherme Dantas&#8221;, conta com participa\u00e7\u00f5es especiais de Xand Avi\u00e3o, Tarc\u00edsio do Acordeon e Dorgival Danta, al\u00e9m de ser o primeiro projeto audiovisual de forr\u00f3 que conta com audiodescri\u00e7\u00e3o.<\/p>\n\n\n\n<p>Entre os lan\u00e7amentos recentes de 2025, o artista tem trabalhado a s\u00e9rie de EPs \u201cComo Seria\u201d, na qual resgata grandes sucessos do forr\u00f3 e outros ritmos nordestinos em novos medleys. O projeto re\u00fane releituras de m\u00fasicas que marcaram gera\u00e7\u00f5es, reafirmando seu compromisso com a valoriza\u00e7\u00e3o da cultura nordestina e o di\u00e1logo entre tradi\u00e7\u00e3o e modernidade.<\/p>\n\n\n\n<p>Cr\u00e9dito foto: Enzo Souza<\/p>\n","protected":false},"excerpt":{"rendered":"<p>Compositor cearense assina sucessos que ultrapassam 50 milh\u00f5es de visualiza\u00e7\u00f5es no YouTube e 30 milh\u00f5es&#8230;<\/p>\n","protected":false},"author":1,"featured_media":24889,"comment_status":"open","ping_status":"open","sticky":false,"template":"","format":"standard","meta":{"footnotes":""},"categories":[2],"tags":[],"featured_image_urls":{"full":["https:\/\/novosaopaulo.com.br\/n1\/wp-content\/uploads\/2025\/07\/enzo.jpg",752,500,false],"thumbnail":["https:\/\/novosaopaulo.com.br\/n1\/wp-content\/uploads\/2025\/07\/enzo-150x150.jpg",150,150,true],"medium":["https:\/\/novosaopaulo.com.br\/n1\/wp-content\/uploads\/2025\/07\/enzo-300x199.jpg",300,199,true],"medium_large":["https:\/\/novosaopaulo.com.br\/n1\/wp-content\/uploads\/2025\/07\/enzo.jpg",640,426,false],"large":["https:\/\/novosaopaulo.com.br\/n1\/wp-content\/uploads\/2025\/07\/enzo.jpg",640,426,false],"1536x1536":["https:\/\/novosaopaulo.com.br\/n1\/wp-content\/uploads\/2025\/07\/enzo.jpg",752,500,false],"2048x2048":["https:\/\/novosaopaulo.com.br\/n1\/wp-content\/uploads\/2025\/07\/enzo.jpg",752,500,false],"newsever-slider-full":["https:\/\/novosaopaulo.com.br\/n1\/wp-content\/uploads\/2025\/07\/enzo.jpg",752,500,false],"newsever-featured":["https:\/\/novosaopaulo.com.br\/n1\/wp-content\/uploads\/2025\/07\/enzo.jpg",752,500,false],"newsever-medium":["https:\/\/novosaopaulo.com.br\/n1\/wp-content\/uploads\/2025\/07\/enzo-720x475.jpg",720,475,true]},"author_info":{"display_name":"Reda\u00e7\u00e3o","author_link":"https:\/\/novosaopaulo.com.br\/n1\/author\/g5poa\/"},"category_info":"<a href=\"https:\/\/novosaopaulo.com.br\/n1\/category\/cidades\/\" rel=\"category tag\">Cidades<\/a>","tag_info":"Cidades","comment_count":"0","_links":{"self":[{"href":"https:\/\/novosaopaulo.com.br\/n1\/wp-json\/wp\/v2\/posts\/24888"}],"collection":[{"href":"https:\/\/novosaopaulo.com.br\/n1\/wp-json\/wp\/v2\/posts"}],"about":[{"href":"https:\/\/novosaopaulo.com.br\/n1\/wp-json\/wp\/v2\/types\/post"}],"author":[{"embeddable":true,"href":"https:\/\/novosaopaulo.com.br\/n1\/wp-json\/wp\/v2\/users\/1"}],"replies":[{"embeddable":true,"href":"https:\/\/novosaopaulo.com.br\/n1\/wp-json\/wp\/v2\/comments?post=24888"}],"version-history":[{"count":1,"href":"https:\/\/novosaopaulo.com.br\/n1\/wp-json\/wp\/v2\/posts\/24888\/revisions"}],"predecessor-version":[{"id":24890,"href":"https:\/\/novosaopaulo.com.br\/n1\/wp-json\/wp\/v2\/posts\/24888\/revisions\/24890"}],"wp:featuredmedia":[{"embeddable":true,"href":"https:\/\/novosaopaulo.com.br\/n1\/wp-json\/wp\/v2\/media\/24889"}],"wp:attachment":[{"href":"https:\/\/novosaopaulo.com.br\/n1\/wp-json\/wp\/v2\/media?parent=24888"}],"wp:term":[{"taxonomy":"category","embeddable":true,"href":"https:\/\/novosaopaulo.com.br\/n1\/wp-json\/wp\/v2\/categories?post=24888"},{"taxonomy":"post_tag","embeddable":true,"href":"https:\/\/novosaopaulo.com.br\/n1\/wp-json\/wp\/v2\/tags?post=24888"}],"curies":[{"name":"wp","href":"https:\/\/api.w.org\/{rel}","templated":true}]}}