{"id":24884,"date":"2025-07-14T13:52:16","date_gmt":"2025-07-14T16:52:16","guid":{"rendered":"https:\/\/novosaopaulo.com.br\/n1\/?p=24884"},"modified":"2025-07-14T13:52:16","modified_gmt":"2025-07-14T16:52:16","slug":"felipe-ruffino-discute-o-papel-da-comunicacao-na-defesa-de-causas-sociais-durante-a-expofavela-sao-paulo","status":"publish","type":"post","link":"https:\/\/novosaopaulo.com.br\/n1\/felipe-ruffino-discute-o-papel-da-comunicacao-na-defesa-de-causas-sociais-durante-a-expofavela-sao-paulo\/","title":{"rendered":"Felipe Ruffino discute o papel da comunica\u00e7\u00e3o na defesa de causas sociais durante a ExpoFavela S\u00e3o Paulo"},"content":{"rendered":"\n<p>Jornalista mogiano participa da plen\u00e1ria LUA no dia 19 de julho, \u00e0s 14h, trazendo reflex\u00f5es sobre como a comunica\u00e7\u00e3o pode transformar realidades, ampliar vozes e criar oportunidades nos territ\u00f3rios perif\u00e9ricos<\/p>\n\n\n\n<p>O jornalista e assessor de imprensa mogiano Felipe Ruffino ser\u00e1 um dos palestrantes da plen\u00e1ria LUA, durante a ExpoFavela S\u00e3o Paulo 2025. Ao lado da advogada Dione Assis e do ativista cultural Jota da Via, Ruffino participa no pr\u00f3ximo s\u00e1bado (19\/7), \u00e0s 14h, da conversa \u201cFavela \u00e9 pot\u00eancia: Neg\u00f3cios, narrativas e direitos em movimento\u201d, que prop\u00f5e discutir como os territ\u00f3rios populares est\u00e3o no centro da produ\u00e7\u00e3o de inova\u00e7\u00e3o, cultura e transforma\u00e7\u00e3o social.<\/p>\n\n\n\n<p>Com trajet\u00f3ria marcada pela atua\u00e7\u00e3o independente na imprensa e pela funda\u00e7\u00e3o da Ruffino Assessoria, empresa focada em dar visibilidade a projetos de impacto social, Ruffino defende uma comunica\u00e7\u00e3o comprometida com a verdade, a justi\u00e7a e a promo\u00e7\u00e3o de novos imagin\u00e1rios sobre a favela e seus agentes.<\/p>\n\n\n\n<p>\u201cN\u00f3s somos narradores da nossa pr\u00f3pria hist\u00f3ria. Quando a favela fala, o Brasil escuta com mais verdade. Comunica\u00e7\u00e3o \u00e9 uma ferramenta de defesa, de estrat\u00e9gia e de futuro. O que n\u00e3o \u00e9 contado, n\u00e3o existe, por isso precisamos ocupar todos os espa\u00e7os, inclusive os de m\u00eddia, com nossas pautas e nossos protagonistas\u201d, afirma Felipe.<\/p>\n\n\n\n<p>Al\u00e9m do trabalho em assessoria, Ruffino tem usado sua atua\u00e7\u00e3o p\u00fablica para pautar temas como representatividade negra, direitos sociais, empreendedorismo perif\u00e9rico e mobiliza\u00e7\u00e3o comunit\u00e1ria. Para ele, a ExpoFavela representa um espa\u00e7o de encontro e fortalecimento entre iniciativas que est\u00e3o mudando o pa\u00eds \u201cde baixo pra cima\u201d.<\/p>\n\n\n\n<figure class=\"wp-block-image size-full\"><img fetchpriority=\"high\" decoding=\"async\" width=\"600\" height=\"800\" src=\"https:\/\/novosaopaulo.com.br\/n1\/wp-content\/uploads\/2025\/07\/WhatsApp-Image-2025-07-14-at-13.32.33-1.jpeg\" alt=\"\" class=\"wp-image-24885\" srcset=\"https:\/\/novosaopaulo.com.br\/n1\/wp-content\/uploads\/2025\/07\/WhatsApp-Image-2025-07-14-at-13.32.33-1.jpeg 600w, https:\/\/novosaopaulo.com.br\/n1\/wp-content\/uploads\/2025\/07\/WhatsApp-Image-2025-07-14-at-13.32.33-1-225x300.jpeg 225w\" sizes=\"(max-width: 600px) 100vw, 600px\" \/><\/figure>\n","protected":false},"excerpt":{"rendered":"<p>Jornalista mogiano participa da plen\u00e1ria LUA no dia 19 de julho, \u00e0s 14h, trazendo reflex\u00f5es&#8230;<\/p>\n","protected":false},"author":1,"featured_media":24886,"comment_status":"open","ping_status":"open","sticky":false,"template":"","format":"standard","meta":{"footnotes":""},"categories":[2],"tags":[],"featured_image_urls":{"full":["https:\/\/novosaopaulo.com.br\/n1\/wp-content\/uploads\/2025\/07\/WhatsApp-Image-2025-07-14-at-13.32.33.jpeg",1200,1600,false],"thumbnail":["https:\/\/novosaopaulo.com.br\/n1\/wp-content\/uploads\/2025\/07\/WhatsApp-Image-2025-07-14-at-13.32.33-150x150.jpeg",150,150,true],"medium":["https:\/\/novosaopaulo.com.br\/n1\/wp-content\/uploads\/2025\/07\/WhatsApp-Image-2025-07-14-at-13.32.33-225x300.jpeg",225,300,true],"medium_large":["https:\/\/novosaopaulo.com.br\/n1\/wp-content\/uploads\/2025\/07\/WhatsApp-Image-2025-07-14-at-13.32.33-768x1024.jpeg",640,853,true],"large":["https:\/\/novosaopaulo.com.br\/n1\/wp-content\/uploads\/2025\/07\/WhatsApp-Image-2025-07-14-at-13.32.33-768x1024.jpeg",640,853,true],"1536x1536":["https:\/\/novosaopaulo.com.br\/n1\/wp-content\/uploads\/2025\/07\/WhatsApp-Image-2025-07-14-at-13.32.33-1152x1536.jpeg",1152,1536,true],"2048x2048":["https:\/\/novosaopaulo.com.br\/n1\/wp-content\/uploads\/2025\/07\/WhatsApp-Image-2025-07-14-at-13.32.33.jpeg",1200,1600,false],"newsever-slider-full":["https:\/\/novosaopaulo.com.br\/n1\/wp-content\/uploads\/2025\/07\/WhatsApp-Image-2025-07-14-at-13.32.33-1200x845.jpeg",1200,845,true],"newsever-featured":["https:\/\/novosaopaulo.com.br\/n1\/wp-content\/uploads\/2025\/07\/WhatsApp-Image-2025-07-14-at-13.32.33-1024x1365.jpeg",1024,1365,true],"newsever-medium":["https:\/\/novosaopaulo.com.br\/n1\/wp-content\/uploads\/2025\/07\/WhatsApp-Image-2025-07-14-at-13.32.33-720x475.jpeg",720,475,true]},"author_info":{"display_name":"Reda\u00e7\u00e3o","author_link":"https:\/\/novosaopaulo.com.br\/n1\/author\/g5poa\/"},"category_info":"<a href=\"https:\/\/novosaopaulo.com.br\/n1\/category\/cidades\/\" rel=\"category tag\">Cidades<\/a>","tag_info":"Cidades","comment_count":"0","_links":{"self":[{"href":"https:\/\/novosaopaulo.com.br\/n1\/wp-json\/wp\/v2\/posts\/24884"}],"collection":[{"href":"https:\/\/novosaopaulo.com.br\/n1\/wp-json\/wp\/v2\/posts"}],"about":[{"href":"https:\/\/novosaopaulo.com.br\/n1\/wp-json\/wp\/v2\/types\/post"}],"author":[{"embeddable":true,"href":"https:\/\/novosaopaulo.com.br\/n1\/wp-json\/wp\/v2\/users\/1"}],"replies":[{"embeddable":true,"href":"https:\/\/novosaopaulo.com.br\/n1\/wp-json\/wp\/v2\/comments?post=24884"}],"version-history":[{"count":1,"href":"https:\/\/novosaopaulo.com.br\/n1\/wp-json\/wp\/v2\/posts\/24884\/revisions"}],"predecessor-version":[{"id":24887,"href":"https:\/\/novosaopaulo.com.br\/n1\/wp-json\/wp\/v2\/posts\/24884\/revisions\/24887"}],"wp:featuredmedia":[{"embeddable":true,"href":"https:\/\/novosaopaulo.com.br\/n1\/wp-json\/wp\/v2\/media\/24886"}],"wp:attachment":[{"href":"https:\/\/novosaopaulo.com.br\/n1\/wp-json\/wp\/v2\/media?parent=24884"}],"wp:term":[{"taxonomy":"category","embeddable":true,"href":"https:\/\/novosaopaulo.com.br\/n1\/wp-json\/wp\/v2\/categories?post=24884"},{"taxonomy":"post_tag","embeddable":true,"href":"https:\/\/novosaopaulo.com.br\/n1\/wp-json\/wp\/v2\/tags?post=24884"}],"curies":[{"name":"wp","href":"https:\/\/api.w.org\/{rel}","templated":true}]}}