{"id":24877,"date":"2025-07-14T13:49:21","date_gmt":"2025-07-14T16:49:21","guid":{"rendered":"https:\/\/novosaopaulo.com.br\/n1\/?p=24877"},"modified":"2025-07-14T13:50:15","modified_gmt":"2025-07-14T16:50:15","slug":"ortopedista-pediatrico-do-imot-faz-alerta-para-riscos-de-acidentes-domesticos-com-criancas-nas-ferias-escolares","status":"publish","type":"post","link":"https:\/\/novosaopaulo.com.br\/n1\/ortopedista-pediatrico-do-imot-faz-alerta-para-riscos-de-acidentes-domesticos-com-criancas-nas-ferias-escolares\/","title":{"rendered":"Ortopedista pedi\u00e1trico do Imot faz alerta para riscos de acidentes dom\u00e9sticos com crian\u00e7as nas f\u00e9rias escolares"},"content":{"rendered":"\n<p>Este \u00e9 o per\u00edodo em que os pequenos passam mais tempo em casa e, por isso, \u00e9 preciso redobrar a aten\u00e7\u00e3o, como orienta o m\u00e9dico Rodrigo Sbeghen<\/p>\n\n\n\n<p>O risco de acidentes dom\u00e9sticos no per\u00edodo de f\u00e9rias escolares aumenta consideravelmente e o motivo \u00e9 simples: as crian\u00e7as passam mais tempo em casa. O m\u00e9dico ortopedista especialista em pediatria do Imot de Mogi das Cruzes, Rodrigo Sbeghen, faz alerta para que as fam\u00edlias redobrem a aten\u00e7\u00e3o e adotem medidas preventivas a fim de evitar quedas, queimaduras e choques envolvendo os pequenos.<\/p>\n\n\n\n<p>O m\u00e9dico, membro titular da Sociedade Brasileira de Ortopedia Pedi\u00e1trica, afirma que a fam\u00edlia precisa adotar h\u00e1bitos mais seguros para proteger as crian\u00e7as:<\/p>\n\n\n\n<p>\u201cNaturalmente, elas s\u00e3o curiosas e trazem, de maneira instintiva, o ato de explorar objetos e lugares, por isso, devem estar sob constante supervis\u00e3o. Por\u00e9m, \u00e9 poss\u00edvel deixar a casa mais segura para evitar os acidentes que s\u00e3o mais comuns neste per\u00edodo de f\u00e9rias\u201d, destacou Sbeghen.<\/p>\n\n\n\n<p>Quedas, por exemplo, causam preocupa\u00e7\u00e3o. O ortopedista pedi\u00e1trico aponta algumas das causas mais comuns para este tipo de acidente. Entre elas, camas altas, brinquedos espalhados e acesso a janelas, mezaninos e escadas figuram entre os grandes vil\u00f5es.<\/p>\n\n\n\n<p>Para um ambiente mais seguro, \u00e9 preciso investir em redes de prote\u00e7\u00e3o; evitar m\u00f3veis pr\u00f3ximos a janelas; tapetes devem ser antiderrapantes; instalar corrim\u00e3o em escadas tamb\u00e9m ajuda na preven\u00e7\u00e3o.<\/p>\n\n\n\n<p>Contudo, em caso de acidente, Sbeghen afirma que \u00e9 preciso observar sinais de trauma, como v\u00f4mito, sonol\u00eancia excessiva, desmaios e sangramentos. Se suspeitar de que houve alguma fratura ou trauma craniano, a orienta\u00e7\u00e3o \u00e9 chamar, imediatamente, o Servi\u00e7o de Atendimento M\u00e9dico de Urg\u00eancia (Samu) pelo telefone 192.<\/p>\n\n\n\n<p>O Imot disp\u00f5e de servi\u00e7o de pronto-atendimento em traumatologia de segunda-feira a domingo, das 7h \u00e0s 22h, na unidade de Mogi das Cruzes, com ortopedistas de plant\u00e3o.<\/p>\n\n\n\n<p>Queimaduras<br>As queimaduras tamb\u00e9m precisam de medidas simples para serem evitadas, como ao utilizar as bocas de tr\u00e1s do fog\u00e3o, posicionar panelas com os cabos virados para dentro; e manter f\u00f3sforos, isqueiros e ferros de passar fora do alcance das crian\u00e7as. Em caso de acidente, usar \u00e1gua fria no local por 10 a 15 minutos e levar ao pronto-socorro.<\/p>\n\n\n\n<p>O m\u00e9dico do Imot tamb\u00e9m alerta sobre os casos de engasgos. Sbeghen orienta a cortar os alimentos em pequenos peda\u00e7os e evitar brinquedos com pe\u00e7as menores do que 3 cent\u00edmetros para menores de 3 anos.<\/p>\n\n\n\n<p>Se a crian\u00e7a engolir algum objeto e ficar sem respirar, deve-se fazer a manobra de Heimlich &#8211; procedimento de primeiros socorros que consiste em compress\u00f5es abdominais que criam uma press\u00e3o suficiente para desalojar o objeto ou alimento que est\u00e1 bloqueando a respira\u00e7\u00e3o. Em seguida, acione o servi\u00e7o de emerg\u00eancia.<\/p>\n\n\n\n<p>Sobre o Imot<br>Fundado em 1976, o Imot \u00e9 um dos maiores institutos especializados em ortopedia e traumatologia do Brasil, com pronto atendimento diariamente na unidade de Mogi das Cruzes, consultas, fisioterapia e diversos tratamentos especializados, al\u00e9m da Imot Care, com cuidados inter e multidisciplinares, e o Imot MovSa\u00fade, com servi\u00e7os exclusivos e inovadores.<\/p>\n\n\n\n<figure class=\"wp-block-gallery has-nested-images columns-default is-cropped wp-block-gallery-1 is-layout-flex wp-block-gallery-is-layout-flex\">\n<figure class=\"wp-block-image size-large\"><img fetchpriority=\"high\" decoding=\"async\" width=\"775\" height=\"1024\" data-id=\"24881\" src=\"https:\/\/novosaopaulo.com.br\/n1\/wp-content\/uploads\/2025\/07\/WhatsApp-Image-2025-07-14-at-13.30.21-775x1024.jpeg\" alt=\"\" class=\"wp-image-24881\" srcset=\"https:\/\/novosaopaulo.com.br\/n1\/wp-content\/uploads\/2025\/07\/WhatsApp-Image-2025-07-14-at-13.30.21-775x1024.jpeg 775w, https:\/\/novosaopaulo.com.br\/n1\/wp-content\/uploads\/2025\/07\/WhatsApp-Image-2025-07-14-at-13.30.21-227x300.jpeg 227w, https:\/\/novosaopaulo.com.br\/n1\/wp-content\/uploads\/2025\/07\/WhatsApp-Image-2025-07-14-at-13.30.21-768x1015.jpeg 768w, https:\/\/novosaopaulo.com.br\/n1\/wp-content\/uploads\/2025\/07\/WhatsApp-Image-2025-07-14-at-13.30.21-1024x1353.jpeg 1024w, https:\/\/novosaopaulo.com.br\/n1\/wp-content\/uploads\/2025\/07\/WhatsApp-Image-2025-07-14-at-13.30.21.jpeg 1068w\" sizes=\"(max-width: 775px) 100vw, 775px\" \/><\/figure>\n\n\n\n<figure class=\"wp-block-image size-large\"><img decoding=\"async\" width=\"1024\" height=\"1024\" data-id=\"24882\" src=\"https:\/\/novosaopaulo.com.br\/n1\/wp-content\/uploads\/2025\/07\/WhatsApp-Image-2025-07-14-at-13.30.31-1024x1024.jpeg\" alt=\"\" class=\"wp-image-24882\" srcset=\"https:\/\/novosaopaulo.com.br\/n1\/wp-content\/uploads\/2025\/07\/WhatsApp-Image-2025-07-14-at-13.30.31-1024x1024.jpeg 1024w, https:\/\/novosaopaulo.com.br\/n1\/wp-content\/uploads\/2025\/07\/WhatsApp-Image-2025-07-14-at-13.30.31-300x300.jpeg 300w, https:\/\/novosaopaulo.com.br\/n1\/wp-content\/uploads\/2025\/07\/WhatsApp-Image-2025-07-14-at-13.30.31-150x150.jpeg 150w, https:\/\/novosaopaulo.com.br\/n1\/wp-content\/uploads\/2025\/07\/WhatsApp-Image-2025-07-14-at-13.30.31-768x768.jpeg 768w, https:\/\/novosaopaulo.com.br\/n1\/wp-content\/uploads\/2025\/07\/WhatsApp-Image-2025-07-14-at-13.30.31.jpeg 1400w\" sizes=\"(max-width: 1024px) 100vw, 1024px\" \/><\/figure>\n<\/figure>\n","protected":false},"excerpt":{"rendered":"<p>Este \u00e9 o per\u00edodo em que os pequenos passam mais tempo em casa e, por&#8230;<\/p>\n","protected":false},"author":1,"featured_media":24878,"comment_status":"open","ping_status":"open","sticky":false,"template":"","format":"standard","meta":{"footnotes":""},"categories":[2],"tags":[],"featured_image_urls":{"full":["https:\/\/novosaopaulo.com.br\/n1\/wp-content\/uploads\/2025\/07\/WhatsApp-Image-2025-07-14-at-13.30.20.jpeg",1400,931,false],"thumbnail":["https:\/\/novosaopaulo.com.br\/n1\/wp-content\/uploads\/2025\/07\/WhatsApp-Image-2025-07-14-at-13.30.20-150x150.jpeg",150,150,true],"medium":["https:\/\/novosaopaulo.com.br\/n1\/wp-content\/uploads\/2025\/07\/WhatsApp-Image-2025-07-14-at-13.30.20-300x200.jpeg",300,200,true],"medium_large":["https:\/\/novosaopaulo.com.br\/n1\/wp-content\/uploads\/2025\/07\/WhatsApp-Image-2025-07-14-at-13.30.20-768x511.jpeg",640,426,true],"large":["https:\/\/novosaopaulo.com.br\/n1\/wp-content\/uploads\/2025\/07\/WhatsApp-Image-2025-07-14-at-13.30.20-1024x681.jpeg",640,426,true],"1536x1536":["https:\/\/novosaopaulo.com.br\/n1\/wp-content\/uploads\/2025\/07\/WhatsApp-Image-2025-07-14-at-13.30.20.jpeg",1400,931,false],"2048x2048":["https:\/\/novosaopaulo.com.br\/n1\/wp-content\/uploads\/2025\/07\/WhatsApp-Image-2025-07-14-at-13.30.20.jpeg",1400,931,false],"newsever-slider-full":["https:\/\/novosaopaulo.com.br\/n1\/wp-content\/uploads\/2025\/07\/WhatsApp-Image-2025-07-14-at-13.30.20-1280x845.jpeg",1280,845,true],"newsever-featured":["https:\/\/novosaopaulo.com.br\/n1\/wp-content\/uploads\/2025\/07\/WhatsApp-Image-2025-07-14-at-13.30.20-1024x681.jpeg",1024,681,true],"newsever-medium":["https:\/\/novosaopaulo.com.br\/n1\/wp-content\/uploads\/2025\/07\/WhatsApp-Image-2025-07-14-at-13.30.20-720x475.jpeg",720,475,true]},"author_info":{"display_name":"Reda\u00e7\u00e3o","author_link":"https:\/\/novosaopaulo.com.br\/n1\/author\/g5poa\/"},"category_info":"<a href=\"https:\/\/novosaopaulo.com.br\/n1\/category\/cidades\/\" rel=\"category tag\">Cidades<\/a>","tag_info":"Cidades","comment_count":"0","_links":{"self":[{"href":"https:\/\/novosaopaulo.com.br\/n1\/wp-json\/wp\/v2\/posts\/24877"}],"collection":[{"href":"https:\/\/novosaopaulo.com.br\/n1\/wp-json\/wp\/v2\/posts"}],"about":[{"href":"https:\/\/novosaopaulo.com.br\/n1\/wp-json\/wp\/v2\/types\/post"}],"author":[{"embeddable":true,"href":"https:\/\/novosaopaulo.com.br\/n1\/wp-json\/wp\/v2\/users\/1"}],"replies":[{"embeddable":true,"href":"https:\/\/novosaopaulo.com.br\/n1\/wp-json\/wp\/v2\/comments?post=24877"}],"version-history":[{"count":2,"href":"https:\/\/novosaopaulo.com.br\/n1\/wp-json\/wp\/v2\/posts\/24877\/revisions"}],"predecessor-version":[{"id":24883,"href":"https:\/\/novosaopaulo.com.br\/n1\/wp-json\/wp\/v2\/posts\/24877\/revisions\/24883"}],"wp:featuredmedia":[{"embeddable":true,"href":"https:\/\/novosaopaulo.com.br\/n1\/wp-json\/wp\/v2\/media\/24878"}],"wp:attachment":[{"href":"https:\/\/novosaopaulo.com.br\/n1\/wp-json\/wp\/v2\/media?parent=24877"}],"wp:term":[{"taxonomy":"category","embeddable":true,"href":"https:\/\/novosaopaulo.com.br\/n1\/wp-json\/wp\/v2\/categories?post=24877"},{"taxonomy":"post_tag","embeddable":true,"href":"https:\/\/novosaopaulo.com.br\/n1\/wp-json\/wp\/v2\/tags?post=24877"}],"curies":[{"name":"wp","href":"https:\/\/api.w.org\/{rel}","templated":true}]}}