{"id":24863,"date":"2025-07-13T21:56:41","date_gmt":"2025-07-14T00:56:41","guid":{"rendered":"https:\/\/novosaopaulo.com.br\/n1\/?p=24863"},"modified":"2025-07-13T21:56:42","modified_gmt":"2025-07-14T00:56:42","slug":"lauana-prado-celebra-sucesso-do-raiz-campinas-com-show-de-mais-de-5h-no-brahma-valley","status":"publish","type":"post","link":"https:\/\/novosaopaulo.com.br\/n1\/lauana-prado-celebra-sucesso-do-raiz-campinas-com-show-de-mais-de-5h-no-brahma-valley\/","title":{"rendered":"Lauana Prado celebra sucesso do &#8220;Raiz Campinas&#8221; com show de mais de 5h no Brahma Valley"},"content":{"rendered":"\n<p>Festa reuniu centenas de f\u00e3s e trouxe surpresas em um repert\u00f3rio recheado de cl\u00e1ssicos sertanejos, que refor\u00e7am a for\u00e7a da label pelo Brasil<\/p>\n\n\n\n<p>Na noite deste s\u00e1bado (12), Campinas recebeu mais uma edi\u00e7\u00e3o da label \u201cLauana Prado Raiz\u201d, um dos projetos mais emblem\u00e1ticos da carreira da artista. Com um p\u00fablico que lotou o Brahma Valley, a cantora entregou um espet\u00e1culo de mais de cinco horas de dura\u00e7\u00e3o, repleto de cl\u00e1ssicos da m\u00fasica sertaneja, intera\u00e7\u00e3o com o p\u00fablico, emo\u00e7\u00e3o e novidades no repert\u00f3rio.<\/p>\n\n\n\n<p>Foi o primeiro show do evento Raiz ap\u00f3s a grava\u00e7\u00e3o do novo DVD em Belo Horizonte, o que tornou a noite ainda mais especial. No palco, ela apresentou surpresas no repert\u00f3rio, levantou o p\u00fablico e mostrou, mais uma vez, a for\u00e7a da conex\u00e3o que tem com os f\u00e3s. Como j\u00e1 virou marca registrada nas edi\u00e7\u00f5es do projeto, Lauana percorreu o espa\u00e7o do evento para estar ainda mais pr\u00f3xima do p\u00fablico, reconhecendo cada canto da festa e retribuindo o carinho de quem acompanha o evento. Com muita entrega, autenticidade e looks de tirar o f\u00f4lego, Lauana mostrou mais uma vez por que o Raiz \u00e9 um fen\u00f4meno por onde passa.<\/p>\n\n\n\n<p>\u201cEsse momento foi \u00fanico. Vir de um projeto t\u00e3o intenso como o DVD e reencontrar o p\u00fablico de Campinas com um show t\u00e3o simb\u00f3lico, cheio de novidades e com tanta energia, me faz ter certeza de que estamos no caminho certo. Que noite!\u201d, comentou a cantora.<\/p>\n\n\n\n<p>Ap\u00f3s o sucesso da edi\u00e7\u00e3o anterior na cidade, Lauana retornou com uma estrutura ainda mais grandiosa, ambienta\u00e7\u00e3o exclusiva e experi\u00eancias imersivas para o p\u00fablico.<\/p>\n\n\n\n<p>Assim como nas outras edi\u00e7\u00f5es, o repert\u00f3rio do \u201cRaiz Campinas\u201d percorreu grandes sucessos da m\u00fasica brasileira, com releituras que marcaram gera\u00e7\u00f5es e can\u00e7\u00f5es que ganharam novos arranjos sob a voz potente e aut\u00eantica de Lauana Prado.<\/p>\n\n\n\n<p>Al\u00e9m do palco principal, espa\u00e7os tem\u00e1ticos como o \u201cCamarote Bar do Tet\u00e9u\u201d e o \u201cRAIZ VIP EXPERIENCE\u201d garantiram experi\u00eancias exclusivas, refor\u00e7ando a proposta do evento como algo al\u00e9m de um show: uma viv\u00eancia cultural e afetiva com a m\u00fasica sertaneja.<\/p>\n\n\n\n<p>Com produ\u00e7\u00e3o da LP Music Business, GTS Talent e Faro Eventos, e patroc\u00ednio da RAM e Betnacional, a edi\u00e7\u00e3o de Campinas refor\u00e7a o sucesso crescente da label. A turn\u00ea \u201cRaiz\u201d j\u00e1 passou por cidades como Curitiba, Belo Horizonte e tem novas datas confirmadas para Ribeir\u00e3o Preto, Maring\u00e1, S\u00e3o Paulo, Bras\u00edlia e Goi\u00e2nia. Outras datas ainda ser\u00e3o anunciadas nos canais oficiais do projeto.<\/p>\n\n\n\n<p>Para mais informa\u00e7\u00f5es e atualiza\u00e7\u00f5es sobre a label, acesse lauanapradoraiz.com.br ou siga @lauanapradoraiz nas redes sociais.<\/p>\n\n\n\n<p>Sobre o projeto musical \u201cRaiz\u201d:<br>O projeto &#8220;Raiz&#8221;, idealizado por Lauana Prado, consolidou-se como um marco na m\u00fasica sertaneja contempor\u00e2nea. Sua primeira edi\u00e7\u00e3o, &#8220;Raiz ao Vivo em S\u00e3o Paulo&#8221; (2022), destacou-se com 22 faixas que homenageiam cl\u00e1ssicos do g\u00eanero, rendendo \u00e0 artista uma indica\u00e7\u00e3o ao Grammy Latino. Em 2023, &#8220;Raiz Goi\u00e2nia&#8221; alcan\u00e7ou o topo das paradas no Spotify Brasil, impulsionado pelo sucesso de &#8220;Escrito nas Estrelas&#8221;, que viralizou nas redes sociais e conquistou dois Pr\u00eamios Multishow em 2024 e se tornou uma das m\u00fasicas mais ouvidas nas plataformas de streaming e nas r\u00e1dios brasileiras no mesmo ano. . Agora, Lauana se prepara para lan\u00e7ar o &#8220;Raiz Belo Horizonte&#8221; gravado em maio no Mineir\u00e3o, com novidades no repert\u00f3rio, cenografia e experi\u00eancias exclusivas para os f\u00e3s, al\u00e9m de participa\u00e7\u00f5es especiais de nomes como Murilo Huff, Paula Fernandes, Gian &amp; Giovani, Zez\u00e9 Di Camargo, Diego &amp; Victor Hugo, Roberta Miranda e Elba Ramalho.<\/p>\n\n\n\n<p>Sobre a festa \u201cRaiz\u201d:<br>A festa &#8220;Raiz&#8221;, idealizada por Lauana Prado, destaca-se por seu repert\u00f3rio de regrava\u00e7\u00f5es de cl\u00e1ssicos da m\u00fasica sertaneja e de artistas como Caetano Veloso, Alcione e C\u00e1ssia Eller, apresentando vers\u00f5es \u00fanicas que conquistaram o p\u00fablico. Com o slogan &#8220;A festa mais RAIZ desse Brasil&#8221;, o evento esgotou ingressos em todas as cidades por onde passou em 2024, incluindo Curitiba, S\u00e3o Paulo e Belo Horizonte, encerrando a temporada com transmiss\u00f5es ao vivo no Globoplay e Multishow. Em 2025, a label estreou nova temporada em Belo Horizonte, onde tamb\u00e9m foi gravado o terceiro audiovisual do projeto. Em seguida, a festa segue para Ribeir\u00e3o Preto, Maring\u00e1, S\u00e3o Paulo, Bras\u00edlia e Goi\u00e2nia. Novas cidades ser\u00e3o anunciadas em breve.<br>Sobre Lauana Prado:<br>Cantora e compositora com mais de 18 anos de carreira, Lauana se destaca pela versatilidade de uma artista que canta m\u00fasica sertaneja que carrega em sua ess\u00eancia. Em seu repert\u00f3rio de sucessos est\u00e3o: \u201cCobaia\u201d, \u201cViva voz\u201d, \u201cWhisky Vagabundo\u201d e \u201cEscrito nas estrelas\u201d, que foi uma das m\u00fasicas mais ouvidas do Brasil nas r\u00e1dios e plataformas de streaming em 2024. Atualmente suas can\u00e7\u00f5es \u201cKamasutra\u201d e \u201cSaudade Burra\u201d, que comp\u00f5em o \u00e1lbum \u201cLauana Prado Transcende- Ao vivo no Ibirapuera\u201d est\u00e3o em destaque no chart das plataformas de streaming. Lauana Prado soma \u00e0 sua carreira 4 indica\u00e7\u00f5es ao Grammy Latino, premia\u00e7\u00f5es e reconhecimentos internacionais, al\u00e9m de diversos discos e singles premiados no Brasil e em Portugal. A cantora se prepara para lan\u00e7ar a terceira edi\u00e7\u00e3o do premiado audiovisual \u201cRAIZ\u201d, gravado em Belo Horizonte em maio, trazendo inova\u00e7\u00e3o e novidades para uma das labels de maior sucesso no pa\u00eds. Destaque tamb\u00e9m em seu projeto de in\u00e9ditas, o \u00e1lbum \u201cLauana Prado Transcende &#8211; Ao vivo no Ibirapuera\u201d foi premiado como \u201cMelhor lan\u00e7amento sertanejo\u201d na 32\u00aa edi\u00e7\u00e3o do Pr\u00eamio BTG Pactual da M\u00fasica Brasileira.<\/p>\n\n\n\n<figure class=\"wp-block-gallery has-nested-images columns-default is-cropped wp-block-gallery-1 is-layout-flex wp-block-gallery-is-layout-flex\">\n<figure class=\"wp-block-image size-large\"><a href=\"https:\/\/novosaopaulo.com.br\/n1\/wp-content\/uploads\/2025\/07\/WhatsApp-Image-2025-07-13-at-15.42.15-1.jpeg\"><img fetchpriority=\"high\" decoding=\"async\" width=\"511\" height=\"768\" data-id=\"24864\" src=\"https:\/\/novosaopaulo.com.br\/n1\/wp-content\/uploads\/2025\/07\/WhatsApp-Image-2025-07-13-at-15.42.15-1.jpeg\" alt=\"\" class=\"wp-image-24864\" srcset=\"https:\/\/novosaopaulo.com.br\/n1\/wp-content\/uploads\/2025\/07\/WhatsApp-Image-2025-07-13-at-15.42.15-1.jpeg 511w, https:\/\/novosaopaulo.com.br\/n1\/wp-content\/uploads\/2025\/07\/WhatsApp-Image-2025-07-13-at-15.42.15-1-200x300.jpeg 200w\" sizes=\"(max-width: 511px) 100vw, 511px\" \/><\/a><\/figure>\n\n\n\n<figure class=\"wp-block-image size-large\"><a href=\"https:\/\/novosaopaulo.com.br\/n1\/wp-content\/uploads\/2025\/07\/WhatsApp-Image-2025-07-13-at-15.42.14.jpeg\"><img decoding=\"async\" width=\"597\" height=\"896\" data-id=\"24865\" src=\"https:\/\/novosaopaulo.com.br\/n1\/wp-content\/uploads\/2025\/07\/WhatsApp-Image-2025-07-13-at-15.42.14.jpeg\" alt=\"\" class=\"wp-image-24865\" srcset=\"https:\/\/novosaopaulo.com.br\/n1\/wp-content\/uploads\/2025\/07\/WhatsApp-Image-2025-07-13-at-15.42.14.jpeg 597w, https:\/\/novosaopaulo.com.br\/n1\/wp-content\/uploads\/2025\/07\/WhatsApp-Image-2025-07-13-at-15.42.14-200x300.jpeg 200w\" sizes=\"(max-width: 597px) 100vw, 597px\" \/><\/a><\/figure>\n<\/figure>\n","protected":false},"excerpt":{"rendered":"<p>Festa reuniu centenas de f\u00e3s e trouxe surpresas em um repert\u00f3rio recheado de cl\u00e1ssicos sertanejos,&#8230;<\/p>\n","protected":false},"author":1,"featured_media":24866,"comment_status":"open","ping_status":"open","sticky":false,"template":"","format":"standard","meta":{"footnotes":""},"categories":[2],"tags":[],"featured_image_urls":{"full":["https:\/\/novosaopaulo.com.br\/n1\/wp-content\/uploads\/2025\/07\/WhatsApp-Image-2025-07-13-at-15.42.15.jpeg",768,512,false],"thumbnail":["https:\/\/novosaopaulo.com.br\/n1\/wp-content\/uploads\/2025\/07\/WhatsApp-Image-2025-07-13-at-15.42.15-150x150.jpeg",150,150,true],"medium":["https:\/\/novosaopaulo.com.br\/n1\/wp-content\/uploads\/2025\/07\/WhatsApp-Image-2025-07-13-at-15.42.15-300x200.jpeg",300,200,true],"medium_large":["https:\/\/novosaopaulo.com.br\/n1\/wp-content\/uploads\/2025\/07\/WhatsApp-Image-2025-07-13-at-15.42.15.jpeg",640,427,false],"large":["https:\/\/novosaopaulo.com.br\/n1\/wp-content\/uploads\/2025\/07\/WhatsApp-Image-2025-07-13-at-15.42.15.jpeg",640,427,false],"1536x1536":["https:\/\/novosaopaulo.com.br\/n1\/wp-content\/uploads\/2025\/07\/WhatsApp-Image-2025-07-13-at-15.42.15.jpeg",768,512,false],"2048x2048":["https:\/\/novosaopaulo.com.br\/n1\/wp-content\/uploads\/2025\/07\/WhatsApp-Image-2025-07-13-at-15.42.15.jpeg",768,512,false],"newsever-slider-full":["https:\/\/novosaopaulo.com.br\/n1\/wp-content\/uploads\/2025\/07\/WhatsApp-Image-2025-07-13-at-15.42.15.jpeg",768,512,false],"newsever-featured":["https:\/\/novosaopaulo.com.br\/n1\/wp-content\/uploads\/2025\/07\/WhatsApp-Image-2025-07-13-at-15.42.15.jpeg",768,512,false],"newsever-medium":["https:\/\/novosaopaulo.com.br\/n1\/wp-content\/uploads\/2025\/07\/WhatsApp-Image-2025-07-13-at-15.42.15-720x475.jpeg",720,475,true]},"author_info":{"display_name":"Reda\u00e7\u00e3o","author_link":"https:\/\/novosaopaulo.com.br\/n1\/author\/g5poa\/"},"category_info":"<a href=\"https:\/\/novosaopaulo.com.br\/n1\/category\/cidades\/\" rel=\"category tag\">Cidades<\/a>","tag_info":"Cidades","comment_count":"0","_links":{"self":[{"href":"https:\/\/novosaopaulo.com.br\/n1\/wp-json\/wp\/v2\/posts\/24863"}],"collection":[{"href":"https:\/\/novosaopaulo.com.br\/n1\/wp-json\/wp\/v2\/posts"}],"about":[{"href":"https:\/\/novosaopaulo.com.br\/n1\/wp-json\/wp\/v2\/types\/post"}],"author":[{"embeddable":true,"href":"https:\/\/novosaopaulo.com.br\/n1\/wp-json\/wp\/v2\/users\/1"}],"replies":[{"embeddable":true,"href":"https:\/\/novosaopaulo.com.br\/n1\/wp-json\/wp\/v2\/comments?post=24863"}],"version-history":[{"count":1,"href":"https:\/\/novosaopaulo.com.br\/n1\/wp-json\/wp\/v2\/posts\/24863\/revisions"}],"predecessor-version":[{"id":24867,"href":"https:\/\/novosaopaulo.com.br\/n1\/wp-json\/wp\/v2\/posts\/24863\/revisions\/24867"}],"wp:featuredmedia":[{"embeddable":true,"href":"https:\/\/novosaopaulo.com.br\/n1\/wp-json\/wp\/v2\/media\/24866"}],"wp:attachment":[{"href":"https:\/\/novosaopaulo.com.br\/n1\/wp-json\/wp\/v2\/media?parent=24863"}],"wp:term":[{"taxonomy":"category","embeddable":true,"href":"https:\/\/novosaopaulo.com.br\/n1\/wp-json\/wp\/v2\/categories?post=24863"},{"taxonomy":"post_tag","embeddable":true,"href":"https:\/\/novosaopaulo.com.br\/n1\/wp-json\/wp\/v2\/tags?post=24863"}],"curies":[{"name":"wp","href":"https:\/\/api.w.org\/{rel}","templated":true}]}}