{"id":24855,"date":"2025-07-11T18:24:34","date_gmt":"2025-07-11T21:24:34","guid":{"rendered":"https:\/\/novosaopaulo.com.br\/n1\/?p=24855"},"modified":"2025-07-11T18:24:35","modified_gmt":"2025-07-11T21:24:35","slug":"biblioteca-de-itaqua-passa-por-modernizacao-com-projeto-aprovado-pelo-proac","status":"publish","type":"post","link":"https:\/\/novosaopaulo.com.br\/n1\/biblioteca-de-itaqua-passa-por-modernizacao-com-projeto-aprovado-pelo-proac\/","title":{"rendered":"Biblioteca de Itaqu\u00e1 passa por moderniza\u00e7\u00e3o com projeto aprovado pelo ProAC"},"content":{"rendered":"\n<p>Projeto tem investimento de R$ 300 mil e prev\u00ea troca de mob\u00edlia e novos acervos<\/p>\n\n\n\n<p>A Biblioteca Municipal Professor Aroldo de Azevedo, da Secretaria de Cultura de Itaquaquecetuba, est\u00e1 recebendo moderniza\u00e7\u00e3o da estrutura e amplia\u00e7\u00e3o do acesso \u00e0 leitura e \u00e0 informa\u00e7\u00e3o. O projeto Biblioteca Viva, contemplado pelo Programa de A\u00e7\u00e3o Cultural (ProAC), tem investimento de R$ 300 mil.<\/p>\n\n\n\n<p>A proposta inclui a aquisi\u00e7\u00e3o de novo mobili\u00e1rio, atualiza\u00e7\u00e3o do software de gerenciamento do acervo e atividades voltadas \u00e0 media\u00e7\u00e3o de leitura e incentivo ao uso da biblioteca. Parte do recurso, R$ 30 mil, foi direcionado exclusivamente \u00e0 compra de livros, com prioridade para t\u00edtulos ligados a a\u00e7\u00f5es afirmativas como literatura negra, ind\u00edgena, LGBTQIA+ e de escritoras mulheres.<\/p>\n\n\n\n<p>Segundo a secret\u00e1ria de Cultura, Maria Ana Rosa, a iniciativa vai al\u00e9m da reforma f\u00edsica. \u201cA proposta \u00e9 transformar nossa biblioteca em um espa\u00e7o mais din\u00e2mico, inclusivo e conectado com as realidades da cidade. Queremos que a popula\u00e7\u00e3o se reconhe\u00e7a nesse espa\u00e7o.\u201d<\/p>\n\n\n\n<p>A revitaliza\u00e7\u00e3o est\u00e1 alinhada \u00e0s diretrizes do Sistema Estadual de Bibliotecas P\u00fablicas (SiSeb) e a expectativa \u00e9 de que a estrutura esteja totalmente modernizada at\u00e9 agosto. \u201cInvestir em biblioteca \u00e9 investir em pertencimento, em identidade e na forma\u00e7\u00e3o de uma cidade mais cr\u00edtica e participativa. Vamos ampliar nosso espa\u00e7o e assim atrair mais leitores\u201d, completou o prefeito Eduardo Boigues.<\/p>\n\n\n\n<p>Fotos: Dayane Oliveira<\/p>\n","protected":false},"excerpt":{"rendered":"<p>Projeto tem investimento de R$ 300 mil e prev\u00ea troca de mob\u00edlia e novos acervos&#8230;<\/p>\n","protected":false},"author":1,"featured_media":24856,"comment_status":"open","ping_status":"open","sticky":false,"template":"","format":"standard","meta":{"footnotes":""},"categories":[2],"tags":[],"featured_image_urls":{"full":["https:\/\/novosaopaulo.com.br\/n1\/wp-content\/uploads\/2025\/07\/WhatsApp-Image-2025-07-11-at-15.30.34.jpeg",415,624,false],"thumbnail":["https:\/\/novosaopaulo.com.br\/n1\/wp-content\/uploads\/2025\/07\/WhatsApp-Image-2025-07-11-at-15.30.34-150x150.jpeg",150,150,true],"medium":["https:\/\/novosaopaulo.com.br\/n1\/wp-content\/uploads\/2025\/07\/WhatsApp-Image-2025-07-11-at-15.30.34-200x300.jpeg",200,300,true],"medium_large":["https:\/\/novosaopaulo.com.br\/n1\/wp-content\/uploads\/2025\/07\/WhatsApp-Image-2025-07-11-at-15.30.34.jpeg",415,624,false],"large":["https:\/\/novosaopaulo.com.br\/n1\/wp-content\/uploads\/2025\/07\/WhatsApp-Image-2025-07-11-at-15.30.34.jpeg",415,624,false],"1536x1536":["https:\/\/novosaopaulo.com.br\/n1\/wp-content\/uploads\/2025\/07\/WhatsApp-Image-2025-07-11-at-15.30.34.jpeg",415,624,false],"2048x2048":["https:\/\/novosaopaulo.com.br\/n1\/wp-content\/uploads\/2025\/07\/WhatsApp-Image-2025-07-11-at-15.30.34.jpeg",415,624,false],"newsever-slider-full":["https:\/\/novosaopaulo.com.br\/n1\/wp-content\/uploads\/2025\/07\/WhatsApp-Image-2025-07-11-at-15.30.34.jpeg",415,624,false],"newsever-featured":["https:\/\/novosaopaulo.com.br\/n1\/wp-content\/uploads\/2025\/07\/WhatsApp-Image-2025-07-11-at-15.30.34.jpeg",415,624,false],"newsever-medium":["https:\/\/novosaopaulo.com.br\/n1\/wp-content\/uploads\/2025\/07\/WhatsApp-Image-2025-07-11-at-15.30.34-415x475.jpeg",415,475,true]},"author_info":{"display_name":"Reda\u00e7\u00e3o","author_link":"https:\/\/novosaopaulo.com.br\/n1\/author\/g5poa\/"},"category_info":"<a href=\"https:\/\/novosaopaulo.com.br\/n1\/category\/cidades\/\" rel=\"category tag\">Cidades<\/a>","tag_info":"Cidades","comment_count":"0","_links":{"self":[{"href":"https:\/\/novosaopaulo.com.br\/n1\/wp-json\/wp\/v2\/posts\/24855"}],"collection":[{"href":"https:\/\/novosaopaulo.com.br\/n1\/wp-json\/wp\/v2\/posts"}],"about":[{"href":"https:\/\/novosaopaulo.com.br\/n1\/wp-json\/wp\/v2\/types\/post"}],"author":[{"embeddable":true,"href":"https:\/\/novosaopaulo.com.br\/n1\/wp-json\/wp\/v2\/users\/1"}],"replies":[{"embeddable":true,"href":"https:\/\/novosaopaulo.com.br\/n1\/wp-json\/wp\/v2\/comments?post=24855"}],"version-history":[{"count":1,"href":"https:\/\/novosaopaulo.com.br\/n1\/wp-json\/wp\/v2\/posts\/24855\/revisions"}],"predecessor-version":[{"id":24857,"href":"https:\/\/novosaopaulo.com.br\/n1\/wp-json\/wp\/v2\/posts\/24855\/revisions\/24857"}],"wp:featuredmedia":[{"embeddable":true,"href":"https:\/\/novosaopaulo.com.br\/n1\/wp-json\/wp\/v2\/media\/24856"}],"wp:attachment":[{"href":"https:\/\/novosaopaulo.com.br\/n1\/wp-json\/wp\/v2\/media?parent=24855"}],"wp:term":[{"taxonomy":"category","embeddable":true,"href":"https:\/\/novosaopaulo.com.br\/n1\/wp-json\/wp\/v2\/categories?post=24855"},{"taxonomy":"post_tag","embeddable":true,"href":"https:\/\/novosaopaulo.com.br\/n1\/wp-json\/wp\/v2\/tags?post=24855"}],"curies":[{"name":"wp","href":"https:\/\/api.w.org\/{rel}","templated":true}]}}