{"id":24847,"date":"2025-07-11T18:21:41","date_gmt":"2025-07-11T21:21:41","guid":{"rendered":"https:\/\/novosaopaulo.com.br\/n1\/?p=24847"},"modified":"2025-07-11T18:21:42","modified_gmt":"2025-07-11T21:21:42","slug":"montaria-em-touros-no-itaqua-rodeio-fest-vale-vaga-para-a-final-da-liga-nacional","status":"publish","type":"post","link":"https:\/\/novosaopaulo.com.br\/n1\/montaria-em-touros-no-itaqua-rodeio-fest-vale-vaga-para-a-final-da-liga-nacional\/","title":{"rendered":"Montaria em touros no Itaqu\u00e1 Rodeio Fest vale vaga para a final da Liga Nacional"},"content":{"rendered":"\n<p>Competidores devem enfrentar animais de at\u00e9 uma tonelada, durante o festival, que acontece em setembro, em Itaquaquecetuba-SP; final nacional ser\u00e1 realizada em Barretos-SP, em 2026<\/p>\n\n\n\n<p>Oito segundos separam o pe\u00e3o da gl\u00f3ria na arena. E \u00e9 este o tempo m\u00ednimo que 60 competidores ter\u00e3o de resistir sobre touros, com at\u00e9 mais de uma tonelada, durante o Itaqu\u00e1 Rodeio Fest, que acontece de 5 a 13 de setembro, em Itaquaquecetuba-SP. A disputa faz parte da etapa da Liga Nacional de Rodeio. O vencedor garante a cobi\u00e7ada vaga na final da Liga, na Festa do Pe\u00e3o de Barretos-SP, em 2026.<\/p>\n\n\n\n<p>E n\u00e3o \u00e9 apenas a vaga em Barretos que est\u00e1 no horizonte dos competidores do Itaqu\u00e1 Rodeio Fest, que entra neste ano em sua quarta edi\u00e7\u00e3o: o campe\u00e3o da etapa final de Barretos tamb\u00e9m vai participar do The American Rodeo, no Texas. Em solo americano, o pe\u00e3o disputar\u00e1 o pr\u00eamio de US$ 1 milh\u00e3o.<\/p>\n\n\n\n<p>Em Itaquaquecetuba-SP, as provas de montaria v\u00e3o acontecer em todos os dias de rodeio. Os pe\u00f5es que acumularem maior pontua\u00e7\u00e3o em 5, 6, 7 e 12 de setembro v\u00e3o disputar a grande final, em 13 de setembro &#8211; \u00faltimo dia do festival.<\/p>\n\n\n\n<p>Ao longo do ano, mais de 90 etapas da Liga Nacional s\u00e3o realizadas em v\u00e1rias cidades do Brasil &#8211; todas sob intensa fiscaliza\u00e7\u00e3o. Isto porque, para que uma competi\u00e7\u00e3o local integre de forma oficial o circuito, \u00e9 preciso cumprir exig\u00eancias t\u00e9cnicas e operacionais, incluindo o cuidado com os animais. Em Itaquaquecetuba, a exemplo das edi\u00e7\u00f5es anteriores, uma equipe de veterin\u00e1rios acompanhar\u00e1 os touros, garantindo que estejam saud\u00e1veis e aptos para as montarias.<\/p>\n\n\n\n<p>Para o prefeito de Itaqu\u00e1, Delegado Eduardo Boigues (PL), um dos respons\u00e1veis por fazer com que a MP Promo\u00e7\u00f5es realize por mais um ano o rodeio na cidade, o foco na seguran\u00e7a e no bem-estar dos touros e dos cavalos; dos competidores; e do p\u00fablico \u00e9 imprescind\u00edvel para o evento &#8211; organizado sem a utiliza\u00e7\u00e3o de recursos p\u00fablicos:<\/p>\n\n\n\n<p>\u201cO Itaqu\u00e1 Rodeio Fest j\u00e1 faz parte do calend\u00e1rio do munic\u00edpio e mostra que \u00e9 poss\u00edvel promover cultura, entretenimento e esporte com responsabilidade e planejamento. Cada detalhe \u00e9 pensado com muito cuidado, sempre com respeito aos animais, aos pe\u00f5es e \u00e0s fam\u00edlias que prestigiam o festival\u201d, pontua o liberal.<\/p>\n\n\n\n<p>Marcos Pacheco, da MP Promo\u00e7\u00f5es, destaca que Itaquaquecetuba alcan\u00e7ou \u201calto n\u00edvel\u201d para sediar, por mais um ano consecutivo, as provas de montaria da Liga Nacional de Rodeio:<\/p>\n\n\n\n<p>\u201cA presen\u00e7a da Liga Nacional de Rodeio no Itaqu\u00e1 Rodeio Fest refor\u00e7a que o munic\u00edpio est\u00e1 preparado para receber as maiores competi\u00e7\u00f5es do Pa\u00eds. Itaquaquecetuba vem se destacando como refer\u00eancia em estrutura, organiza\u00e7\u00e3o e acolhimento. \u00c9 uma alegria ver o munic\u00edpio mostrar todo o seu potencial para o Brasil\u201d, complementa Pacheco.<\/p>\n\n\n\n<p>Cinco dias de festa<br>Al\u00e9m das provas de montaria, o evento, que celebra os 465 anos de Itaquaquecetuba, ter\u00e1 programa\u00e7\u00e3o musical com grandes artistas da atualidade.<\/p>\n\n\n\n<p>No dia 5 de setembro, sobem ao palco Z\u00e9 Neto &amp; Cristiano, e Dennis DJ. No dia 6, Lauana Prado, e Alok. No dia 7, Luan Santana, e Gustavo Mioto. No dia 12, Henrique &amp; Juliano, e Tatau. E, encerrando a programa\u00e7\u00e3o, no dia 13, se apresentam Gusttavo Lima, MC Kevinho, e Turma do Pagode.<\/p>\n\n\n\n<p>Os ingressos est\u00e3o \u00e0 venda, exclusivamente, pelo site oficial do festival (www.itaquarodeiofest.com.br), com valores entre R$ 20 e R$ 160, conforme a \u00e1rea escolhida. A troca solid\u00e1ria de alimentos n\u00e3o-perec\u00edveis e de materiais recicl\u00e1veis por ingressos para a pista ocorrer\u00e1 de 1\u00ba a 20 de agosto.<\/p>\n\n\n\n<p>SERVI\u00c7O:<\/p>\n\n\n\n<p>Itaqu\u00e1 Rodeio Fest 2025<\/p>\n\n\n\n<p>Quando: 5, 6, 7, 12 e 13 de setembro<\/p>\n\n\n\n<p>Onde: Estrada Governador M\u00e1rio Covas J\u00fanior \u2013 Jardim Adriane (acesso pr\u00f3ximo ao n\u00famero 1.355)<\/p>\n\n\n\n<p>Programa\u00e7\u00e3o musical:<\/p>\n\n\n\n<p>5\/9 &#8211; 6\u00aa feira<br>Z\u00e9 Neto &amp; Cristiano \/ Dennis DJ<\/p>\n\n\n\n<p>6\/9 \u2013 S\u00e1bado<br>Lauana Prado \/ DJ Alok<\/p>\n\n\n\n<p>7\/9 \u2013 Domingo<br>Gustavo Mioto \/ Luan Santana<\/p>\n\n\n\n<p>12\/9 &#8211; 6\u00aa feira<br>Tatau \/ Henrique &amp; Juliano<\/p>\n\n\n\n<p>13\/9 \u2013 S\u00e1bado<br>MC Kevinho \/ Gusttavo Lima \/ Turma do Pagode<\/p>\n\n\n\n<p>Ingressos:<br>www.itaquarodeiofest.com.br<\/p>\n\n\n\n<p>VALORES:<br>Pista Solid\u00e1ria: a partir de R$ 20<br>Frontstage: R$ 80 (meia entrada) e R$ 160 (inteira)<br>Frontage 2 Amigos (para duas pessoas): R$ 160<br>Camarote Intense Amigo (para duas pessoas): a partir de R$ 160 (meia entrada)<br>Camarote Intense: a partir de R$ 160<\/p>\n\n\n\n<p>Troca solid\u00e1ria: a partir de 1\u00ba\/8 (6\u00aa feira)<\/p>\n\n\n\n<p>5\/9: Z\u00e9 Neto &amp; Cristiano \/ Dennis DJ<br>1 litro de leite + 1 litro de \u00f3leo + 2 embalagens pl\u00e1sticas vazias<\/p>\n\n\n\n<p>6\/9: Lauana Prado \/ DJ Alok<br>2 pacotes de macarr\u00e3o + 2 sach\u00eas de molho de tomate + 2 embalagens pl\u00e1sticas vazias<\/p>\n\n\n\n<p>7\/9: Gustavo Mioto \/ Luan Santana<br>1 kg de ra\u00e7\u00e3o para cachorro ou gato + 2 embalagens pl\u00e1sticas vazias<\/p>\n\n\n\n<p>12\/9: Tatau \/ Henrique &amp; Juliano<br>250g de caf\u00e9 + 1 kg de a\u00e7\u00facar + 2 embalagens pl\u00e1sticas vazias<\/p>\n\n\n\n<p>13\/9: MC Kevinho \/ Gusttavo Lima \/ Turma do Pagode<br>1 kg de arroz + 1 kg de feij\u00e3o + 2 embalagens pl\u00e1sticas vazias<\/p>\n\n\n\n<p>Pontos oficiais de troca: Itaqu\u00e1 Park Shopping, Fundo Social de Solidariedade de Itaquaquecetuba, Pra\u00e7a Central (antigo museu), e sedes da Guarda Civil Municipal (GCM) do Caiubi e do Piratininga.<\/p>\n\n\n\n<p>Concurso Rainha e Princesas do Itaqu\u00e1 Rodeio Fest:<\/p>\n\n\n\n<p>Inscri\u00e7\u00f5es:<br>At\u00e9 18\/7 (6\u00aa feira)<\/p>\n\n\n\n<p>Final:<br>22\/8 (6\u00aa feira)<\/p>\n\n\n\n<p>Regulamento e ficha de inscri\u00e7\u00e3o:<br>https:\/www.itaquaquecetuba.sp.gov.br\/arquivos\/Regulamento-Itaquaa-Rodeio-Fest-2025.pdf<\/p>\n","protected":false},"excerpt":{"rendered":"<p>Competidores devem enfrentar animais de at\u00e9 uma tonelada, durante o festival, que acontece em setembro,&#8230;<\/p>\n","protected":false},"author":1,"featured_media":24848,"comment_status":"open","ping_status":"open","sticky":false,"template":"","format":"standard","meta":{"footnotes":""},"categories":[34],"tags":[],"featured_image_urls":{"full":["https:\/\/novosaopaulo.com.br\/n1\/wp-content\/uploads\/2025\/07\/WhatsApp-Image-2025-07-11-at-13.32.34.jpeg",1600,1066,false],"thumbnail":["https:\/\/novosaopaulo.com.br\/n1\/wp-content\/uploads\/2025\/07\/WhatsApp-Image-2025-07-11-at-13.32.34-150x150.jpeg",150,150,true],"medium":["https:\/\/novosaopaulo.com.br\/n1\/wp-content\/uploads\/2025\/07\/WhatsApp-Image-2025-07-11-at-13.32.34-300x200.jpeg",300,200,true],"medium_large":["https:\/\/novosaopaulo.com.br\/n1\/wp-content\/uploads\/2025\/07\/WhatsApp-Image-2025-07-11-at-13.32.34-768x512.jpeg",640,427,true],"large":["https:\/\/novosaopaulo.com.br\/n1\/wp-content\/uploads\/2025\/07\/WhatsApp-Image-2025-07-11-at-13.32.34-1024x682.jpeg",640,426,true],"1536x1536":["https:\/\/novosaopaulo.com.br\/n1\/wp-content\/uploads\/2025\/07\/WhatsApp-Image-2025-07-11-at-13.32.34-1536x1023.jpeg",1536,1023,true],"2048x2048":["https:\/\/novosaopaulo.com.br\/n1\/wp-content\/uploads\/2025\/07\/WhatsApp-Image-2025-07-11-at-13.32.34.jpeg",1600,1066,false],"newsever-slider-full":["https:\/\/novosaopaulo.com.br\/n1\/wp-content\/uploads\/2025\/07\/WhatsApp-Image-2025-07-11-at-13.32.34-1280x845.jpeg",1280,845,true],"newsever-featured":["https:\/\/novosaopaulo.com.br\/n1\/wp-content\/uploads\/2025\/07\/WhatsApp-Image-2025-07-11-at-13.32.34-1024x682.jpeg",1024,682,true],"newsever-medium":["https:\/\/novosaopaulo.com.br\/n1\/wp-content\/uploads\/2025\/07\/WhatsApp-Image-2025-07-11-at-13.32.34-720x475.jpeg",720,475,true]},"author_info":{"display_name":"Reda\u00e7\u00e3o","author_link":"https:\/\/novosaopaulo.com.br\/n1\/author\/g5poa\/"},"category_info":"<a href=\"https:\/\/novosaopaulo.com.br\/n1\/category\/alto-tiete\/\" rel=\"category tag\">Alto Tiet\u00ea<\/a>","tag_info":"Alto Tiet\u00ea","comment_count":"0","_links":{"self":[{"href":"https:\/\/novosaopaulo.com.br\/n1\/wp-json\/wp\/v2\/posts\/24847"}],"collection":[{"href":"https:\/\/novosaopaulo.com.br\/n1\/wp-json\/wp\/v2\/posts"}],"about":[{"href":"https:\/\/novosaopaulo.com.br\/n1\/wp-json\/wp\/v2\/types\/post"}],"author":[{"embeddable":true,"href":"https:\/\/novosaopaulo.com.br\/n1\/wp-json\/wp\/v2\/users\/1"}],"replies":[{"embeddable":true,"href":"https:\/\/novosaopaulo.com.br\/n1\/wp-json\/wp\/v2\/comments?post=24847"}],"version-history":[{"count":1,"href":"https:\/\/novosaopaulo.com.br\/n1\/wp-json\/wp\/v2\/posts\/24847\/revisions"}],"predecessor-version":[{"id":24849,"href":"https:\/\/novosaopaulo.com.br\/n1\/wp-json\/wp\/v2\/posts\/24847\/revisions\/24849"}],"wp:featuredmedia":[{"embeddable":true,"href":"https:\/\/novosaopaulo.com.br\/n1\/wp-json\/wp\/v2\/media\/24848"}],"wp:attachment":[{"href":"https:\/\/novosaopaulo.com.br\/n1\/wp-json\/wp\/v2\/media?parent=24847"}],"wp:term":[{"taxonomy":"category","embeddable":true,"href":"https:\/\/novosaopaulo.com.br\/n1\/wp-json\/wp\/v2\/categories?post=24847"},{"taxonomy":"post_tag","embeddable":true,"href":"https:\/\/novosaopaulo.com.br\/n1\/wp-json\/wp\/v2\/tags?post=24847"}],"curies":[{"name":"wp","href":"https:\/\/api.w.org\/{rel}","templated":true}]}}