{"id":24841,"date":"2025-07-11T18:20:03","date_gmt":"2025-07-11T21:20:03","guid":{"rendered":"https:\/\/novosaopaulo.com.br\/n1\/?p=24841"},"modified":"2025-07-11T18:20:04","modified_gmt":"2025-07-11T21:20:04","slug":"conexao-alto-tiete-esta-de-volta-a-partir-de-14-de-julho-com-marilei-schiavi-ao-vivo-direto-dos-estudios-rtv","status":"publish","type":"post","link":"https:\/\/novosaopaulo.com.br\/n1\/conexao-alto-tiete-esta-de-volta-a-partir-de-14-de-julho-com-marilei-schiavi-ao-vivo-direto-dos-estudios-rtv\/","title":{"rendered":"Conex\u00e3o Alto Tiet\u00ea est\u00e1 de volta a partir de 14 de julho com Marilei Schiavi, ao vivo direto dos Est\u00fadios RTV"},"content":{"rendered":"\n<p>Jornalismo com credibilidade, presta\u00e7\u00e3o de servi\u00e7o e os principais assuntos da regi\u00e3o, do Brasil e do mundo agora de segunda a sexta-feira, \u00e0s 9h, com transmiss\u00e3o exclusiva pelo YouTube no canal Est\u00fadios RTV<\/p>\n\n\n\n<p>O programa Conex\u00e3o Alto Tiet\u00ea est\u00e1 de volta. A partir do dia 14 de julho, segunda-feira, a revista eletr\u00f4nica retorna \u00e0 grade em uma nova fase, comandada pela jornalista Marilei Schiavi, diretamente dos Est\u00fadios RTV, em Mogi das Cruzes. A transmiss\u00e3o ser\u00e1 ao vivo, de segunda a sexta-feira, \u00e0s 9h, com exibi\u00e7\u00e3o exclusiva pelo YouTube, no canal Est\u00fadios RTV.<\/p>\n\n\n\n<p>Com mais de 30 anos de trajet\u00f3ria na imprensa regional e nacional, Marilei Schiavi traz ao p\u00fablico um jornalismo \u00e9tico, cr\u00edtico e comprometido com o interesse p\u00fablico. O programa abordar\u00e1 os principais temas da regi\u00e3o do Alto Tiet\u00ea, al\u00e9m de an\u00e1lises aprofundadas sobre os grandes acontecimentos do Brasil e do mundo, com foco em pol\u00edtica, sa\u00fade, educa\u00e7\u00e3o, seguran\u00e7a, cidadania, gera\u00e7\u00e3o de empregos, entre outros assuntos de interesse coletivo.<\/p>\n\n\n\n<p>\u201cO Conex\u00e3o Alto Tiet\u00ea est\u00e1 voltando com tudo! Estou muito feliz em retomar esse projeto que representa o meu compromisso com o jornalismo \u00e9tico, cr\u00edtico e que ouve a popula\u00e7\u00e3o. Vamos trazer todos os dias o que realmente importa, com profundidade, pluralidade e responsabilidade\u201d, afirma Marilei Schiavi.<\/p>\n\n\n\n<p>A volta do Conex\u00e3o tamb\u00e9m marca um novo momento para os Est\u00fadios RTV, que v\u00eam ampliando sua atua\u00e7\u00e3o como refer\u00eancia em conte\u00fado digital ao vivo.<\/p>\n\n\n\n<p>\u201cA volta do Conex\u00e3o Alto Tiet\u00ea, agora nos Est\u00fadios RTV, \u00e9 um marco. A Marilei Schiavi \u00e9 uma das grandes refer\u00eancias do jornalismo na regi\u00e3o. Com ela, o p\u00fablico ter\u00e1 um programa di\u00e1rio que informa, questiona e conecta. Essa \u00e9 uma entrega importante para toda a popula\u00e7\u00e3o do Alto Tiet\u00ea\u201d, destaca M\u00e1rio Th\u00e9o Magalh\u00e3es, diretor de Opera\u00e7\u00f5es da RTV.<\/p>\n\n\n\n<p>Com produ\u00e7\u00e3o \u00e1gil e conte\u00fado plural, o programa chega para fortalecer a informa\u00e7\u00e3o regional, com entrevistas exclusivas, reportagens especiais e a participa\u00e7\u00e3o direta do p\u00fablico, promovendo di\u00e1logo e engajamento.<\/p>\n\n\n\n<p>Conhe\u00e7a os Est\u00fadios RTV Filmes<\/p>\n\n\n\n<p>A RTV Filmes atua h\u00e1 mais de 20 anos no mercado audiovisual, sendo uma das maiores refer\u00eancias em produ\u00e7\u00f5es de alta qualidade no Alto Tiet\u00ea e em todo o estado de S\u00e3o Paulo.<\/p>\n\n\n\n<p>Com est\u00fadios pr\u00f3prios, equipamentos de ponta e uma equipe altamente qualificada, a empresa realiza desde transmiss\u00f5es ao vivo, como o Conex\u00e3o Alto Tiet\u00ea, at\u00e9 campanhas publicit\u00e1rias completas. Seu portf\u00f3lio inclui a produ\u00e7\u00e3o de podcasts, v\u00eddeos institucionais, coberturas de eventos, lives, programas de TV, campanhas pol\u00edticas e muito mais.<\/p>\n\n\n\n<p>O diferencial da RTV est\u00e1 na agilidade, no cuidado com cada detalhe e na entrega profissional de conte\u00fado para todas as plataformas \u2014 da televis\u00e3o ao digital.<\/p>\n\n\n\n<p>RTV Filmes: conectando sua marca em todas as telas.<\/p>\n\n\n\n<p>Se liga:<\/p>\n\n\n\n<p>Conex\u00e3o Alto Tiet\u00ea<br>\ud83d\udccc Estreia: 14 de julho (segunda-feira)<br>\ud83d\udcc5 Exibi\u00e7\u00e3o: de segunda a sexta-feira<br>\ud83d\udd58 Hor\u00e1rio: 9h, ao vivo<br>\ud83d\udccd Transmiss\u00e3o: YouTube \u2013 Est\u00fadios RTV<br>\ud83c\udf99\ufe0f Apresenta\u00e7\u00e3o: Marilei Schiavi<\/p>\n\n\n\n<p>Prepare-se para se reconectar com os temas que impactam seu dia a dia \u2014 e com as vozes que fazem a diferen\u00e7a. O Conex\u00e3o Alto Tiet\u00ea est\u00e1 de volta. Mais relevante do que nunca.<\/p>\n\n\n\n<figure class=\"wp-block-gallery has-nested-images columns-default is-cropped wp-block-gallery-1 is-layout-flex wp-block-gallery-is-layout-flex\">\n<figure class=\"wp-block-image size-large\"><a href=\"https:\/\/novosaopaulo.com.br\/n1\/?attachment_id=24845\"><img fetchpriority=\"high\" decoding=\"async\" width=\"756\" height=\"1008\" data-id=\"24845\" src=\"https:\/\/novosaopaulo.com.br\/n1\/wp-content\/uploads\/2025\/07\/WhatsApp-Image-2025-07-11-at-12.27.24-1.jpeg\" alt=\"\" class=\"wp-image-24845\" srcset=\"https:\/\/novosaopaulo.com.br\/n1\/wp-content\/uploads\/2025\/07\/WhatsApp-Image-2025-07-11-at-12.27.24-1.jpeg 756w, https:\/\/novosaopaulo.com.br\/n1\/wp-content\/uploads\/2025\/07\/WhatsApp-Image-2025-07-11-at-12.27.24-1-225x300.jpeg 225w\" sizes=\"(max-width: 756px) 100vw, 756px\" \/><\/a><\/figure>\n\n\n\n<figure class=\"wp-block-image size-large\"><a href=\"https:\/\/novosaopaulo.com.br\/n1\/?attachment_id=24843\"><img decoding=\"async\" width=\"453\" height=\"604\" data-id=\"24843\" src=\"https:\/\/novosaopaulo.com.br\/n1\/wp-content\/uploads\/2025\/07\/WhatsApp-Image-2025-07-11-at-12.27.24-2.jpeg\" alt=\"\" class=\"wp-image-24843\" srcset=\"https:\/\/novosaopaulo.com.br\/n1\/wp-content\/uploads\/2025\/07\/WhatsApp-Image-2025-07-11-at-12.27.24-2.jpeg 453w, https:\/\/novosaopaulo.com.br\/n1\/wp-content\/uploads\/2025\/07\/WhatsApp-Image-2025-07-11-at-12.27.24-2-225x300.jpeg 225w\" sizes=\"(max-width: 453px) 100vw, 453px\" \/><\/a><\/figure>\n\n\n\n<figure class=\"wp-block-image size-large\"><a href=\"https:\/\/novosaopaulo.com.br\/n1\/?attachment_id=24844\"><img decoding=\"async\" width=\"756\" height=\"1008\" data-id=\"24844\" src=\"https:\/\/novosaopaulo.com.br\/n1\/wp-content\/uploads\/2025\/07\/WhatsApp-Image-2025-07-11-at-12.27.23.jpeg\" alt=\"\" class=\"wp-image-24844\" srcset=\"https:\/\/novosaopaulo.com.br\/n1\/wp-content\/uploads\/2025\/07\/WhatsApp-Image-2025-07-11-at-12.27.23.jpeg 756w, https:\/\/novosaopaulo.com.br\/n1\/wp-content\/uploads\/2025\/07\/WhatsApp-Image-2025-07-11-at-12.27.23-225x300.jpeg 225w\" sizes=\"(max-width: 756px) 100vw, 756px\" \/><\/a><\/figure>\n<\/figure>\n","protected":false},"excerpt":{"rendered":"<p>Jornalismo com credibilidade, presta\u00e7\u00e3o de servi\u00e7o e os principais assuntos da regi\u00e3o, do Brasil e&#8230;<\/p>\n","protected":false},"author":1,"featured_media":24842,"comment_status":"open","ping_status":"open","sticky":false,"template":"","format":"standard","meta":{"footnotes":""},"categories":[2],"tags":[],"featured_image_urls":{"full":["https:\/\/novosaopaulo.com.br\/n1\/wp-content\/uploads\/2025\/07\/WhatsApp-Image-2025-07-11-at-12.27.24.jpeg",604,806,false],"thumbnail":["https:\/\/novosaopaulo.com.br\/n1\/wp-content\/uploads\/2025\/07\/WhatsApp-Image-2025-07-11-at-12.27.24-150x150.jpeg",150,150,true],"medium":["https:\/\/novosaopaulo.com.br\/n1\/wp-content\/uploads\/2025\/07\/WhatsApp-Image-2025-07-11-at-12.27.24-225x300.jpeg",225,300,true],"medium_large":["https:\/\/novosaopaulo.com.br\/n1\/wp-content\/uploads\/2025\/07\/WhatsApp-Image-2025-07-11-at-12.27.24.jpeg",604,806,false],"large":["https:\/\/novosaopaulo.com.br\/n1\/wp-content\/uploads\/2025\/07\/WhatsApp-Image-2025-07-11-at-12.27.24.jpeg",604,806,false],"1536x1536":["https:\/\/novosaopaulo.com.br\/n1\/wp-content\/uploads\/2025\/07\/WhatsApp-Image-2025-07-11-at-12.27.24.jpeg",604,806,false],"2048x2048":["https:\/\/novosaopaulo.com.br\/n1\/wp-content\/uploads\/2025\/07\/WhatsApp-Image-2025-07-11-at-12.27.24.jpeg",604,806,false],"newsever-slider-full":["https:\/\/novosaopaulo.com.br\/n1\/wp-content\/uploads\/2025\/07\/WhatsApp-Image-2025-07-11-at-12.27.24.jpeg",604,806,false],"newsever-featured":["https:\/\/novosaopaulo.com.br\/n1\/wp-content\/uploads\/2025\/07\/WhatsApp-Image-2025-07-11-at-12.27.24.jpeg",604,806,false],"newsever-medium":["https:\/\/novosaopaulo.com.br\/n1\/wp-content\/uploads\/2025\/07\/WhatsApp-Image-2025-07-11-at-12.27.24-604x475.jpeg",604,475,true]},"author_info":{"display_name":"Reda\u00e7\u00e3o","author_link":"https:\/\/novosaopaulo.com.br\/n1\/author\/g5poa\/"},"category_info":"<a href=\"https:\/\/novosaopaulo.com.br\/n1\/category\/cidades\/\" rel=\"category tag\">Cidades<\/a>","tag_info":"Cidades","comment_count":"0","_links":{"self":[{"href":"https:\/\/novosaopaulo.com.br\/n1\/wp-json\/wp\/v2\/posts\/24841"}],"collection":[{"href":"https:\/\/novosaopaulo.com.br\/n1\/wp-json\/wp\/v2\/posts"}],"about":[{"href":"https:\/\/novosaopaulo.com.br\/n1\/wp-json\/wp\/v2\/types\/post"}],"author":[{"embeddable":true,"href":"https:\/\/novosaopaulo.com.br\/n1\/wp-json\/wp\/v2\/users\/1"}],"replies":[{"embeddable":true,"href":"https:\/\/novosaopaulo.com.br\/n1\/wp-json\/wp\/v2\/comments?post=24841"}],"version-history":[{"count":1,"href":"https:\/\/novosaopaulo.com.br\/n1\/wp-json\/wp\/v2\/posts\/24841\/revisions"}],"predecessor-version":[{"id":24846,"href":"https:\/\/novosaopaulo.com.br\/n1\/wp-json\/wp\/v2\/posts\/24841\/revisions\/24846"}],"wp:featuredmedia":[{"embeddable":true,"href":"https:\/\/novosaopaulo.com.br\/n1\/wp-json\/wp\/v2\/media\/24842"}],"wp:attachment":[{"href":"https:\/\/novosaopaulo.com.br\/n1\/wp-json\/wp\/v2\/media?parent=24841"}],"wp:term":[{"taxonomy":"category","embeddable":true,"href":"https:\/\/novosaopaulo.com.br\/n1\/wp-json\/wp\/v2\/categories?post=24841"},{"taxonomy":"post_tag","embeddable":true,"href":"https:\/\/novosaopaulo.com.br\/n1\/wp-json\/wp\/v2\/tags?post=24841"}],"curies":[{"name":"wp","href":"https:\/\/api.w.org\/{rel}","templated":true}]}}