{"id":24835,"date":"2025-07-10T20:42:18","date_gmt":"2025-07-10T23:42:18","guid":{"rendered":"https:\/\/novosaopaulo.com.br\/n1\/?p=24835"},"modified":"2025-07-10T20:42:19","modified_gmt":"2025-07-10T23:42:19","slug":"felipe-e-ferrari-celebram-o-dia-do-homem-com-cancoes-que-mostram-o-sofrencia-masculina","status":"publish","type":"post","link":"https:\/\/novosaopaulo.com.br\/n1\/felipe-e-ferrari-celebram-o-dia-do-homem-com-cancoes-que-mostram-o-sofrencia-masculina\/","title":{"rendered":"Felipe e Ferrari celebram o Dia do Homem com can\u00e7\u00f5es que mostram o sofr\u00eancia masculina"},"content":{"rendered":"\n<p>Reconhecidos por suas composi\u00e7\u00f5es rom\u00e2nticas e letras que geram uma reflex\u00e3o, Felipe e Ferrari s\u00e3o uma das duplas sertanejas que mais emocionam o p\u00fablico com hist\u00f3rias que geram identifica\u00e7\u00e3o. Em um cen\u00e1rio onde a sofr\u00eancia ainda \u00e9 frequentemente associada \u00e0s mulheres, os artistas seguem na contram\u00e3o e mostram, com sensibilidade e autenticidade, que o homem tamb\u00e9m sente e muito.<br>Aproveitando o Dia do Homem, celebrado em 15 de julho, a dupla refor\u00e7a que o amor, quando machuca, atinge igualmente todos os cora\u00e7\u00f5es. Com interpreta\u00e7\u00f5es intensas e melodias que tocam fundo, confira 3 can\u00e7\u00f5es de Felipe e Ferrari que traduzem esse a sofr\u00eancia dos homens:<br>A Menina do Fone<br>Um dos maiores sucessos da carreira, a can\u00e7\u00e3o autoral \u201cA Menina do Fone\u201d, lan\u00e7ada em 2018, narra a dor de um homem que revive mem\u00f3rias ao ver a ex ouvindo m\u00fasicas que marcaram o relacionamento. Com letra delicada e um toque de saudade, a can\u00e7\u00e3o conquistou o Brasil e se tornou um hino para cora\u00e7\u00f5es partidos. &#8220;E ela ainda ouve aquela nossa can\u00e7\u00e3o\u2026&#8221; \u00e9 umas das frases que ecoa entre f\u00e3s que j\u00e1 viveram a dor do fim.<\/p>\n\n\n\n<p>Voc\u00ea Mudou<br>A can\u00e7\u00e3o \u201cVoc\u00ea Mudou\u201d, que conquistou o Brasil na voz de Cristiano Ara\u00fajo, tamb\u00e9m tem uma vers\u00e3o na voz de Felipe e Ferrari. A m\u00fasica \u00e9 um desabafo sincero sobre o quanto \u00e9 dif\u00edcil reconhecer algu\u00e9m que um dia foi o amor da sua vida. \u00c9 o retrato de um homem tentando entender onde foi que tudo se perdeu e mostrando que a aus\u00eancia pode doer mais do que a presen\u00e7a, mesmo que essa seja turbulenta. \u201cE quando despertar \/ N\u00e3o ir\u00e1 me encontrar \/ Quem sabe a\u00ed, meu bem \/ Talvez voc\u00ea consiga entender \/ Que a minha vida, n\u00e3o pertence a voc\u00ea\u201d, s\u00e3o versos acompanhados em coro no show de Felipe e Ferrari, que lan\u00e7ou a vers\u00e3o em 2022.<br>Oh Deus<br>Faixa in\u00e9dita do audiovisual \u201cUm Novo de N\u00f3s\u201d, lan\u00e7ado em junho de 2025, a can\u00e7\u00e3o \u201cOh Deus\u201d \u00e9 um pedido quase desesperado, clamando os versos \u201cOh Deus, e agora o que \u2018c\u00ea\u2019 vai fazer? Se eu t\u00f4 pedindo para ela voltar, ela pede pra me esquecer. Quais dos dois pedidos \u2018c\u00ea\u2019 vai atender?\u201d. A ora\u00e7\u00e3o em forma de m\u00fasica, com interpreta\u00e7\u00e3o visceral de Felipe e Ferrari, deixa claro: o cora\u00e7\u00e3o masculino tamb\u00e9m quebra e, \u00e0s vezes, n\u00e3o sabe como colar os peda\u00e7os.<br>Neste Dia do Homem, Felipe e Ferrari refor\u00e7am que a for\u00e7a masculina tamb\u00e9m est\u00e1 na capacidade de sentir, de assumir suas dores e de transformar a saudade em poesia.. Com m\u00fasicas que exploram o lado mais sens\u00edvel do homem, a dupla d\u00e1 voz a sentimentos que muitos ainda preferem esconder. Suas can\u00e7\u00f5es s\u00e3o um convite para refletir: sim, homem sofre por amor e tudo bem mostrar isso.<br>Com carisma, talento e uma trajet\u00f3ria marcada por can\u00e7\u00f5es de sucesso que tocam fundo no cora\u00e7\u00e3o do p\u00fablico, Felipe e Ferrari vivem atualmente um novo momento na carreira. Ap\u00f3s o sucesso de \u201cA Menina do Fone\u201d e \u201cCarta de Larissa\u201d, que projetou a dupla nacionalmente, eles est\u00e3o trabalhando o lan\u00e7amento do audiovisual \u201cUm Novo de N\u00f3s\u201d, gravado em Goi\u00e2nia com participa\u00e7\u00f5es especiais. Ao todo, 5 can\u00e7\u00f5es in\u00e9ditas j\u00e1 est\u00e3o dispon\u00edveis nas plataformas de streaming e com clipe no Youtube, sendo \u201cProvavelmente\u201d, \u201cDa \u00e1gua pro nada\u201d feat com Traia V\u00e9ia, \u201cOh Deus\u201d, \u201cCasal Que Luta Junto\u201d e \u201cErra eu\u201d.<br>Sobre Felipe e Ferrari<br>Com carisma, talento e uma trajet\u00f3ria marcada por hits autorais, Felipe e Ferrari vivem um novo cap\u00edtulo na carreira. Ap\u00f3s o sucesso nacional com \u201cA Carta de Larissa\u201d e \u201cA Menina de Fone\u201d, a dupla se reposiciona artisticamente com o DVD \u201cUm Novo de N\u00f3s\u201d, gravado em Goi\u00e2nia. O projeto marca uma virada visual, sonora e est\u00e9tica, refor\u00e7ando a maturidade musical sem perder a autenticidade que conquistou o p\u00fablico desde 2012.<br>Em 2022, Felipe e Ferrari lan\u00e7aram o audiovisual \u201cNo Fervo em Cuiab\u00e1\u201d, com 15 faixas que misturam in\u00e9ditas e regrava\u00e7\u00f5es de cl\u00e1ssicos da m\u00fasica sertaneja. O destaque foi a m\u00fasica autoral \u201cDolce Gabana\u201d, al\u00e9m das participa\u00e7\u00f5es especiais de Eduardo Costa, Cesar Menotti e Josiane Moura.<br>Para compor o repert\u00f3rio de \u201cUm Novo de N\u00f3s\u201d, Felipe e Ferrari mergulharam em uma curadoria cuidadosa, ouvindo mais de mil composi\u00e7\u00f5es dos principais nomes do sertanejo. Est\u00e3o no time autores como Junior Pepato, Diego Silveira, Edson Garcia, Fl\u00e1vio Silva e Felipe de Pinho, al\u00e9m dos consagrados Thales Lessa e Luiz Henrique Paloni, considerados verdadeiras \u201ccanetas de ouro\u201d do g\u00eanero.<br>\u201cDa \u00c1gua pro Nada\u201d \u00e9 a segunda faixa lan\u00e7ada do DVD \u201cUm Novo de N\u00f3s\u201d e chega para consolidar essa nova fase da dupla. A primeira can\u00e7\u00e3o apresentada ao p\u00fablico foi \u201cProvavelmente\u201d, j\u00e1 dispon\u00edvel em todas as plataformas digitais e respons\u00e1vel por marcar o in\u00edcio deste projeto que une inova\u00e7\u00e3o, emo\u00e7\u00e3o e a ess\u00eancia sertaneja de Felipe e Ferrari.<\/p>\n","protected":false},"excerpt":{"rendered":"<p>Reconhecidos por suas composi\u00e7\u00f5es rom\u00e2nticas e letras que geram uma reflex\u00e3o, Felipe e Ferrari s\u00e3o&#8230;<\/p>\n","protected":false},"author":1,"featured_media":24836,"comment_status":"open","ping_status":"open","sticky":false,"template":"","format":"standard","meta":{"footnotes":""},"categories":[2],"tags":[],"featured_image_urls":{"full":["https:\/\/novosaopaulo.com.br\/n1\/wp-content\/uploads\/2025\/07\/WhatsApp-Image-2025-07-10-at-16.18.54.jpeg",900,1600,false],"thumbnail":["https:\/\/novosaopaulo.com.br\/n1\/wp-content\/uploads\/2025\/07\/WhatsApp-Image-2025-07-10-at-16.18.54-150x150.jpeg",150,150,true],"medium":["https:\/\/novosaopaulo.com.br\/n1\/wp-content\/uploads\/2025\/07\/WhatsApp-Image-2025-07-10-at-16.18.54-169x300.jpeg",169,300,true],"medium_large":["https:\/\/novosaopaulo.com.br\/n1\/wp-content\/uploads\/2025\/07\/WhatsApp-Image-2025-07-10-at-16.18.54-768x1365.jpeg",640,1138,true],"large":["https:\/\/novosaopaulo.com.br\/n1\/wp-content\/uploads\/2025\/07\/WhatsApp-Image-2025-07-10-at-16.18.54-576x1024.jpeg",576,1024,true],"1536x1536":["https:\/\/novosaopaulo.com.br\/n1\/wp-content\/uploads\/2025\/07\/WhatsApp-Image-2025-07-10-at-16.18.54-864x1536.jpeg",864,1536,true],"2048x2048":["https:\/\/novosaopaulo.com.br\/n1\/wp-content\/uploads\/2025\/07\/WhatsApp-Image-2025-07-10-at-16.18.54.jpeg",900,1600,false],"newsever-slider-full":["https:\/\/novosaopaulo.com.br\/n1\/wp-content\/uploads\/2025\/07\/WhatsApp-Image-2025-07-10-at-16.18.54-900x845.jpeg",900,845,true],"newsever-featured":["https:\/\/novosaopaulo.com.br\/n1\/wp-content\/uploads\/2025\/07\/WhatsApp-Image-2025-07-10-at-16.18.54.jpeg",900,1600,false],"newsever-medium":["https:\/\/novosaopaulo.com.br\/n1\/wp-content\/uploads\/2025\/07\/WhatsApp-Image-2025-07-10-at-16.18.54-720x475.jpeg",720,475,true]},"author_info":{"display_name":"Reda\u00e7\u00e3o","author_link":"https:\/\/novosaopaulo.com.br\/n1\/author\/g5poa\/"},"category_info":"<a href=\"https:\/\/novosaopaulo.com.br\/n1\/category\/cidades\/\" rel=\"category tag\">Cidades<\/a>","tag_info":"Cidades","comment_count":"0","_links":{"self":[{"href":"https:\/\/novosaopaulo.com.br\/n1\/wp-json\/wp\/v2\/posts\/24835"}],"collection":[{"href":"https:\/\/novosaopaulo.com.br\/n1\/wp-json\/wp\/v2\/posts"}],"about":[{"href":"https:\/\/novosaopaulo.com.br\/n1\/wp-json\/wp\/v2\/types\/post"}],"author":[{"embeddable":true,"href":"https:\/\/novosaopaulo.com.br\/n1\/wp-json\/wp\/v2\/users\/1"}],"replies":[{"embeddable":true,"href":"https:\/\/novosaopaulo.com.br\/n1\/wp-json\/wp\/v2\/comments?post=24835"}],"version-history":[{"count":1,"href":"https:\/\/novosaopaulo.com.br\/n1\/wp-json\/wp\/v2\/posts\/24835\/revisions"}],"predecessor-version":[{"id":24837,"href":"https:\/\/novosaopaulo.com.br\/n1\/wp-json\/wp\/v2\/posts\/24835\/revisions\/24837"}],"wp:featuredmedia":[{"embeddable":true,"href":"https:\/\/novosaopaulo.com.br\/n1\/wp-json\/wp\/v2\/media\/24836"}],"wp:attachment":[{"href":"https:\/\/novosaopaulo.com.br\/n1\/wp-json\/wp\/v2\/media?parent=24835"}],"wp:term":[{"taxonomy":"category","embeddable":true,"href":"https:\/\/novosaopaulo.com.br\/n1\/wp-json\/wp\/v2\/categories?post=24835"},{"taxonomy":"post_tag","embeddable":true,"href":"https:\/\/novosaopaulo.com.br\/n1\/wp-json\/wp\/v2\/tags?post=24835"}],"curies":[{"name":"wp","href":"https:\/\/api.w.org\/{rel}","templated":true}]}}