{"id":24819,"date":"2025-07-10T13:31:02","date_gmt":"2025-07-10T16:31:02","guid":{"rendered":"https:\/\/novosaopaulo.com.br\/n1\/?p=24819"},"modified":"2025-07-10T13:31:02","modified_gmt":"2025-07-10T16:31:02","slug":"evento-em-sao-paulo-destaca-empoderamento-feminino-na-tecnologia-e-fortalece-a-presenca-de-mulheres-no-mercado-de-trabalho","status":"publish","type":"post","link":"https:\/\/novosaopaulo.com.br\/n1\/evento-em-sao-paulo-destaca-empoderamento-feminino-na-tecnologia-e-fortalece-a-presenca-de-mulheres-no-mercado-de-trabalho\/","title":{"rendered":"Evento em S\u00e3o Paulo destaca Empoderamento Feminino na Tecnologia e fortalece a presen\u00e7a de mulheres no mercado de trabalho"},"content":{"rendered":"\n<p>Encontro re\u00fane especialistas para debater temas como lideran\u00e7a, startups, sa\u00fade, ciberseguran\u00e7a, diversidade e carreira<\/p>\n\n\n\n<p>Na pr\u00f3xima sexta-feira, 11 de julho, a cidade de S\u00e3o Paulo ser\u00e1 palco de um evento inspirador voltado ao empoderamento feminino e inclus\u00e3o das mulheres na tecnologia. Com o tema \u201cMulher, deixe seu legado no mundo!\u201d, a iniciativa promove um dia de troca de experi\u00eancias, aprendizado e conex\u00f5es profissionais, reunindo nomes de destaque de diferentes \u00e1reas.<br>Promovido pela rede MQM \u2013 Mulheres que Multiplicam, o evento ser\u00e1 realizado no espa\u00e7o Distrito (Av. Rebou\u00e7as, 1585 \u2013 Pinheiros), das 8h30 \u00e0s 17h30, com palestras, pain\u00e9is tem\u00e1ticos, rodas de conversa, mentorias e workshops. A proposta \u00e9 fomentar a empregabilidade, a inova\u00e7\u00e3o com prop\u00f3sito e a representatividade feminina no ecossistema tech.<\/p>\n\n\n\n<p>Destaques da Programa\u00e7\u00e3o:<br>Abertura oficial com Cristiane Fidelix, founder da MQM e especialista em ciberseguran\u00e7a<br>Pain\u00e9is sobre comunidades em tech, LGPD e ciberseguran\u00e7a, sa\u00fade da mulher, startups, educa\u00e7\u00e3o financeira e mercado de trabalho<br>Mentorias com prop\u00f3sito, com foco no desenvolvimento de carreira e lideran\u00e7a<br>Rodas de conversa e networking estrat\u00e9gico com lideran\u00e7as femininas e especialistas<br>Participa\u00e7\u00e3o de empresas como Distrito, CIEE, Rotary Butant\u00e3, Evertec+Sinqia, Moxuara Seguros e outras organiza\u00e7\u00f5es parceiras.<br>Palestrantes confirmadas:<br>Cristiane Fidelix \u2013 Fundadora da MQM e especialista em Cybersecurity<br>Caroline Moreira \u2013 Analista de Gente e Gest\u00e3o no Distrito<br>Fernanda Wanderley \u2013 Fundadora da MIA (Mulheres da Intelig\u00eancia Artificial)<br>Cynthia Mesquita e Luiz Philipe \u2013 Advogados especialistas em LGPD e Direito Trabalhista<br>D\u00e9bora Pierette \u2013 Instituto Amor em Mechas<br>Anne Alves \u2013 Psic\u00f3loga e terapeuta comportamental<br>Raisa Francescato \u2013 CEO da Humain Kind<br>Luciana Bento \u2013 Consultora de Relacionamentos do CIEE<br>Nathy Castanheira \u2013 Especialistas em commodities<br>Claudia Roccon \u2013 Moxuara Seguros<br>Damiana Costa \u2013 Principal Engineer<br>Daniela Gomes \u2013 Head de Projetos da Evertec+Sinqia<br>Rute Borges \u2013 Escritora e representante da Arbor Editora<br>A media\u00e7\u00e3o dos pain\u00e9is ser\u00e1 conduzida pelas embaixadoras da MQM, que compartilham suas experi\u00eancias como l\u00edderes e mentoradas. Vale ressaltar que estar\u00e1 presente no evento, a Alessandra Rosa &#8211; Embaixadora da MQM, e far\u00e1 recep\u00e7\u00e3o das mulheres do evento.<br>Temas em Foco:<br>Lideran\u00e7a e protagonismo feminino<br>Empreendedorismo e startups<br>Sa\u00fade mental, autocuidado e bem-estar<br>Ciberseguran\u00e7a e LGPD<br>Educa\u00e7\u00e3o financeira e independ\u00eancia econ\u00f4mica<br>Diversidade, equidade e inclus\u00e3o no mercado de trabalho<br>Como deixar um legado profissional e social<br>\u201cA ideia \u00e9 que cada mulher saia do evento fortalecida, com ferramentas pr\u00e1ticas para sua jornada profissional e pessoal. \u00c9 um espa\u00e7o de troca e de constru\u00e7\u00e3o coletiva\u201d, afirma Cristiane Fidelix, idealizadora da MQM.<br>Voltado a mulheres de todas as idades, profiss\u00f5es e n\u00edveis de experi\u00eancia, o evento visa capacitar, inspirar e transformar realidades por meio do conhecimento, da sororidade e de a\u00e7\u00f5es com prop\u00f3sito.<\/p>\n\n\n\n<p>Redes<br>Instagram: @mulheresqmultiplicam<br>Linkedin: Mulheres Que Multiplicam<\/p>\n\n\n\n<p>Servi\u00e7o:<br>Evento: Empoderamento Feminino na Tecnologia \u2013 Mulheres que multiplicam<\/p>\n\n\n\n<p>Data: 11 de julho de 2025<\/p>\n\n\n\n<p>Hor\u00e1rio: das 8h30 \u00e0s 17h30<\/p>\n\n\n\n<p>Local: Distrito \u2013 Av. Rebou\u00e7as, 1585 \u2013 Pinheiros, S\u00e3o Paulo\/SP<\/p>\n\n\n\n<p>Inscri\u00e7\u00f5es e informa\u00e7\u00f5es cliquem no link abaixo:<br>https:\/\/www.even3.com.br\/mulheres-que-multiplicam-585373\/<\/p>\n\n\n\n<figure class=\"wp-block-gallery has-nested-images columns-default is-cropped wp-block-gallery-1 is-layout-flex wp-block-gallery-is-layout-flex\">\n<figure class=\"wp-block-image size-large\"><img fetchpriority=\"high\" decoding=\"async\" width=\"1024\" height=\"769\" data-id=\"24820\" src=\"https:\/\/novosaopaulo.com.br\/n1\/wp-content\/uploads\/2025\/07\/WhatsApp-Image-2025-07-10-at-11.06.46-1-1024x769.jpeg\" alt=\"\" class=\"wp-image-24820\" srcset=\"https:\/\/novosaopaulo.com.br\/n1\/wp-content\/uploads\/2025\/07\/WhatsApp-Image-2025-07-10-at-11.06.46-1-1024x769.jpeg 1024w, https:\/\/novosaopaulo.com.br\/n1\/wp-content\/uploads\/2025\/07\/WhatsApp-Image-2025-07-10-at-11.06.46-1-300x225.jpeg 300w, https:\/\/novosaopaulo.com.br\/n1\/wp-content\/uploads\/2025\/07\/WhatsApp-Image-2025-07-10-at-11.06.46-1-768x577.jpeg 768w, https:\/\/novosaopaulo.com.br\/n1\/wp-content\/uploads\/2025\/07\/WhatsApp-Image-2025-07-10-at-11.06.46-1-1536x1154.jpeg 1536w, https:\/\/novosaopaulo.com.br\/n1\/wp-content\/uploads\/2025\/07\/WhatsApp-Image-2025-07-10-at-11.06.46-1.jpeg 1600w\" sizes=\"(max-width: 1024px) 100vw, 1024px\" \/><\/figure>\n\n\n\n<figure class=\"wp-block-image size-large\"><img decoding=\"async\" width=\"1024\" height=\"702\" data-id=\"24821\" src=\"https:\/\/novosaopaulo.com.br\/n1\/wp-content\/uploads\/2025\/07\/WhatsApp-Image-2025-07-10-at-11.06.46-1024x702.jpeg\" alt=\"\" class=\"wp-image-24821\" srcset=\"https:\/\/novosaopaulo.com.br\/n1\/wp-content\/uploads\/2025\/07\/WhatsApp-Image-2025-07-10-at-11.06.46-1024x702.jpeg 1024w, https:\/\/novosaopaulo.com.br\/n1\/wp-content\/uploads\/2025\/07\/WhatsApp-Image-2025-07-10-at-11.06.46-300x206.jpeg 300w, https:\/\/novosaopaulo.com.br\/n1\/wp-content\/uploads\/2025\/07\/WhatsApp-Image-2025-07-10-at-11.06.46-768x527.jpeg 768w, https:\/\/novosaopaulo.com.br\/n1\/wp-content\/uploads\/2025\/07\/WhatsApp-Image-2025-07-10-at-11.06.46-1536x1053.jpeg 1536w, https:\/\/novosaopaulo.com.br\/n1\/wp-content\/uploads\/2025\/07\/WhatsApp-Image-2025-07-10-at-11.06.46.jpeg 1600w\" sizes=\"(max-width: 1024px) 100vw, 1024px\" \/><\/figure>\n<\/figure>\n","protected":false},"excerpt":{"rendered":"<p>Encontro re\u00fane especialistas para debater temas como lideran\u00e7a, startups, sa\u00fade, ciberseguran\u00e7a, diversidade e carreira Na&#8230;<\/p>\n","protected":false},"author":1,"featured_media":24822,"comment_status":"open","ping_status":"open","sticky":false,"template":"","format":"standard","meta":{"footnotes":""},"categories":[38],"tags":[],"featured_image_urls":{"full":["https:\/\/novosaopaulo.com.br\/n1\/wp-content\/uploads\/2025\/07\/WhatsApp-Image-2025-07-10-at-11.06.45.jpeg",1600,1200,false],"thumbnail":["https:\/\/novosaopaulo.com.br\/n1\/wp-content\/uploads\/2025\/07\/WhatsApp-Image-2025-07-10-at-11.06.45-150x150.jpeg",150,150,true],"medium":["https:\/\/novosaopaulo.com.br\/n1\/wp-content\/uploads\/2025\/07\/WhatsApp-Image-2025-07-10-at-11.06.45-300x225.jpeg",300,225,true],"medium_large":["https:\/\/novosaopaulo.com.br\/n1\/wp-content\/uploads\/2025\/07\/WhatsApp-Image-2025-07-10-at-11.06.45-768x576.jpeg",640,480,true],"large":["https:\/\/novosaopaulo.com.br\/n1\/wp-content\/uploads\/2025\/07\/WhatsApp-Image-2025-07-10-at-11.06.45-1024x768.jpeg",640,480,true],"1536x1536":["https:\/\/novosaopaulo.com.br\/n1\/wp-content\/uploads\/2025\/07\/WhatsApp-Image-2025-07-10-at-11.06.45-1536x1152.jpeg",1536,1152,true],"2048x2048":["https:\/\/novosaopaulo.com.br\/n1\/wp-content\/uploads\/2025\/07\/WhatsApp-Image-2025-07-10-at-11.06.45.jpeg",1600,1200,false],"newsever-slider-full":["https:\/\/novosaopaulo.com.br\/n1\/wp-content\/uploads\/2025\/07\/WhatsApp-Image-2025-07-10-at-11.06.45-1280x845.jpeg",1280,845,true],"newsever-featured":["https:\/\/novosaopaulo.com.br\/n1\/wp-content\/uploads\/2025\/07\/WhatsApp-Image-2025-07-10-at-11.06.45-1024x768.jpeg",1024,768,true],"newsever-medium":["https:\/\/novosaopaulo.com.br\/n1\/wp-content\/uploads\/2025\/07\/WhatsApp-Image-2025-07-10-at-11.06.45-720x475.jpeg",720,475,true]},"author_info":{"display_name":"Reda\u00e7\u00e3o","author_link":"https:\/\/novosaopaulo.com.br\/n1\/author\/g5poa\/"},"category_info":"<a href=\"https:\/\/novosaopaulo.com.br\/n1\/category\/joao-costa\/\" rel=\"category tag\">Jo\u00e3o Costa<\/a>","tag_info":"Jo\u00e3o Costa","comment_count":"0","_links":{"self":[{"href":"https:\/\/novosaopaulo.com.br\/n1\/wp-json\/wp\/v2\/posts\/24819"}],"collection":[{"href":"https:\/\/novosaopaulo.com.br\/n1\/wp-json\/wp\/v2\/posts"}],"about":[{"href":"https:\/\/novosaopaulo.com.br\/n1\/wp-json\/wp\/v2\/types\/post"}],"author":[{"embeddable":true,"href":"https:\/\/novosaopaulo.com.br\/n1\/wp-json\/wp\/v2\/users\/1"}],"replies":[{"embeddable":true,"href":"https:\/\/novosaopaulo.com.br\/n1\/wp-json\/wp\/v2\/comments?post=24819"}],"version-history":[{"count":1,"href":"https:\/\/novosaopaulo.com.br\/n1\/wp-json\/wp\/v2\/posts\/24819\/revisions"}],"predecessor-version":[{"id":24823,"href":"https:\/\/novosaopaulo.com.br\/n1\/wp-json\/wp\/v2\/posts\/24819\/revisions\/24823"}],"wp:featuredmedia":[{"embeddable":true,"href":"https:\/\/novosaopaulo.com.br\/n1\/wp-json\/wp\/v2\/media\/24822"}],"wp:attachment":[{"href":"https:\/\/novosaopaulo.com.br\/n1\/wp-json\/wp\/v2\/media?parent=24819"}],"wp:term":[{"taxonomy":"category","embeddable":true,"href":"https:\/\/novosaopaulo.com.br\/n1\/wp-json\/wp\/v2\/categories?post=24819"},{"taxonomy":"post_tag","embeddable":true,"href":"https:\/\/novosaopaulo.com.br\/n1\/wp-json\/wp\/v2\/tags?post=24819"}],"curies":[{"name":"wp","href":"https:\/\/api.w.org\/{rel}","templated":true}]}}