{"id":24813,"date":"2025-07-10T13:13:05","date_gmt":"2025-07-10T16:13:05","guid":{"rendered":"https:\/\/novosaopaulo.com.br\/n1\/?p=24813"},"modified":"2025-07-10T13:15:27","modified_gmt":"2025-07-10T16:15:27","slug":"queda-de-cabelo-quando-procurar-ajuda-e-quais-sao-os-tratamentos-mais-eficazes","status":"publish","type":"post","link":"https:\/\/novosaopaulo.com.br\/n1\/queda-de-cabelo-quando-procurar-ajuda-e-quais-sao-os-tratamentos-mais-eficazes\/","title":{"rendered":"Queda de cabelo: quando procurar ajuda e quais s\u00e3o os tratamentos mais eficazes"},"content":{"rendered":"\n<p>[10:59, 10\/07\/2025] Pai: Dermatologista especializado em tricologia explica as principais causas da queda capilar e como as novas abordagens terap\u00eauticas est\u00e3o transformando o tratamento de alopecias<br>[10:59, 10\/07\/2025] Pai: Quem nunca se assustou ao ver uma quantidade maior de fios no ralo do chuveiro ou no travesseiro ao acordar? A queda de cabelo \u00e9 uma preocupa\u00e7\u00e3o que afeta homens e mulheres de todas as idades, mas que muitas vezes \u00e9 negligenciada at\u00e9 se tornar um problema mais grave.<\/p>\n\n\n\n<p>Segundo o dermatologista Cristiano Kakihara, membro titular da Sociedade Brasileira de Dermatologia (SBD) e especialista em tricologia, a queda capilar afeta cerca de 42 milh\u00f5es de brasileiros e vai muito al\u00e9m de uma quest\u00e3o est\u00e9tica.<\/p>\n\n\n\n<p>\u201cO cabelo tem um papel fundamental na identidade e autoestima das pessoas. Quando come\u00e7amos a perder fios em quantidade significativa, isso impacta diretamente nossa confian\u00e7a e bem-estar emocional\u201d, explica o m\u00e9dico, que atende na Cl\u00ednica Kakihara, na Vila Mariana, em S\u00e3o Paulo.<\/p>\n\n\n\n<p>Entenda as causas da queda capilar<br>O primeiro passo para um tratamento eficaz \u00e9 identificar corretamente o tipo de queda e suas causas. O Dr. Kakihara explica que existem diferentes tipos de alopecia, cada um com caracter\u00edsticas espec\u00edficas:<\/p>\n\n\n\n<p>Alopecia androgen\u00e9tica: \u00c9 a causa mais comum de calv\u00edcie, afetando cerca de 50% dos homens at\u00e9 os 50 anos e 40% das mulheres ap\u00f3s a menopausa. \u201cTem componente gen\u00e9tico e hormonal, com sensibilidade dos fol\u00edculos \u00e0 a\u00e7\u00e3o da DHT (di-hidrotestosterona), que leva ao afinamento progressivo dos fios at\u00e9 sua miniaturiza\u00e7\u00e3o\u201d, detalha o especialista.<\/p>\n\n\n\n<p>Efl\u00favio tel\u00f3geno: Caracteriza-se por queda difusa e tempor\u00e1ria, geralmente desencadeada por eventos estressantes para o organismo. \u201cPode ocorrer ap\u00f3s cirurgias, infec\u00e7\u00f5es graves, parto, dietas restritivas, estresse emocional intenso ou uso de certos medicamentos. Geralmente, manifesta-se de dois a tr\u00eas meses ap\u00f3s o evento desencadeante\u201d, explica o dermatologista.<\/p>\n\n\n\n<p>Alopecia areata: De origem autoimune, caracteriza-se por falhas arredondadas no couro cabeludo ou barba. \u201cO sistema imunol\u00f3gico ataca os fol\u00edculos pilosos, interrompendo o crescimento dos fios. Pode estar associada a outras doen\u00e7as autoimunes e, em alguns casos, tem componente emocional importante\u201d, esclarece Dr. Kakihara.<\/p>\n\n\n\n<p>Alopecias cicatriciais: S\u00e3o formas mais raras e graves, onde ocorre destrui\u00e7\u00e3o permanente do fol\u00edculo piloso, sendo substitu\u00eddo por tecido cicatricial. \u201cPodem ser causadas por doen\u00e7as inflamat\u00f3rias do couro cabeludo, infec\u00e7\u00f5es, traumas f\u00edsicos ou qu\u00edmicos\u201d, alerta o m\u00e9dico.<\/p>\n\n\n\n<p>Sinais de alerta: quando procurar ajuda<br>Muitas pessoas demoram para buscar ajuda especializada, o que pode comprometer os resultados do tratamento. O Dr. Cristiano Kakihara lista os principais sinais que indicam a necessidade de consultar um dermatologista:<\/p>\n\n\n\n<ul>\n<li>Queda superior a 100 fios por dia (considerando que perdemos naturalmente entre 50 e 100 fios diariamente)<\/li>\n\n\n\n<li>Afinamento vis\u00edvel dos fios<\/li>\n\n\n\n<li>Falhas ou \u00e1reas de rarefa\u00e7\u00e3o no couro cabeludo<\/li>\n\n\n\n<li>Couro cabeludo avermelhado, descamativo ou com coceira intensa<\/li>\n\n\n\n<li>Altera\u00e7\u00e3o na textura ou espessura dos fios<\/li>\n\n\n\n<li>Recuo da linha frontal do cabelo (principalmente em homens)<\/li>\n\n\n\n<li>Alargamento da parte central (principalmente em mulheres)<\/li>\n<\/ul>\n\n\n\n<p>\u201cO momento ideal para iniciar o tratamento \u00e9 aos primeiros sinais de queda acentuada ou afinamento dos fios. Quanto mais precoce a interven\u00e7\u00e3o, melhores s\u00e3o os resultados\u201d, enfatiza o especialista.<\/p>\n\n\n\n<p>Diagn\u00f3stico preciso: o primeiro passo para o sucesso<br>O diagn\u00f3stico das condi\u00e7\u00f5es capilares \u00e9 realizado atrav\u00e9s de uma combina\u00e7\u00e3o de avalia\u00e7\u00e3o cl\u00ednica detalhada, exames espec\u00edficos e, quando necess\u00e1rio, exames complementares.<\/p>\n\n\n\n<p>\u201cUtilizamos a tricoscopia digital, um exame n\u00e3o invasivo que permite visualizar o couro cabeludo e os fios com grande amplia\u00e7\u00e3o, identificando altera\u00e7\u00f5es sutis que n\u00e3o seriam percept\u00edveis a olho nu\u201d, explica o Dr. Kakihara. \u201cIsso nos permite documentar a condi\u00e7\u00e3o inicial do paciente e acompanhar a evolu\u00e7\u00e3o do tratamento com precis\u00e3o.\u201d<\/p>\n\n\n\n<p>Em alguns casos, tamb\u00e9m podem ser solicitados exames laboratoriais para investigar poss\u00edveis causas sist\u00eamicas da queda, como altera\u00e7\u00f5es hormonais, defici\u00eancias nutricionais ou doen\u00e7as autoimunes.<\/p>\n\n\n\n<p>Tratamentos personalizados: a chave para resultados efetivos<br>O tratamento da queda capilar deve ser individualizado, considerando o tipo de alopecia, suas causas, o perfil do paciente e suas expectativas. Para o Dr. Kakihara, os protocolos devem ser personalizados e podem incluir:<br>Medicamentos t\u00f3picos: Solu\u00e7\u00f5es aplicadas diretamente no couro cabeludo, como minoxidil em diferentes concentra\u00e7\u00f5es e formula\u00e7\u00f5es personalizadas com ativos espec\u00edficos para cada caso.<br>Medicamentos orais: Em casos selecionados, podem ser prescritos medicamentos que atuam sistemicamente, como finasterida, dutasterida ou antiandr\u00f3genos para mulheres, sempre com acompanhamento m\u00e9dico rigoroso.<br>Microagulhamento capilar: Procedimento minimamente invasivo que estimula a regenera\u00e7\u00e3o folicular atrav\u00e9s de microles\u00f5es controladas no couro cabeludo. \u201cAl\u00e9m de estimular a produ\u00e7\u00e3o de col\u00e1geno e fatores de crescimento, o microagulhamento potencializa a penetra\u00e7\u00e3o de ativos aplicados topicamente\u201d, explica o dermatologista.<br>Terapia com luz de baixa intensidade: Utiliza comprimentos de onda espec\u00edficos para estimular o metabolismo celular e a microcircula\u00e7\u00e3o no couro cabeludo, favorecendo o crescimento dos fios.<br>Plasma Rico em Plaquetas (PRP): Procedimento que utiliza o plasma do pr\u00f3prio paciente, rico em fatores de crescimento, para estimular a regenera\u00e7\u00e3o folicular. \u201c\u00c9 especialmente indicado para casos de alopecia androgen\u00e9tica e algumas formas de alopecia areata\u201d, comenta o Dr. Kakihara.<br>Transplante capilar: Para casos mais avan\u00e7ados, onde h\u00e1 perda definitiva dos fol\u00edculos, o transplante capilar pode ser uma op\u00e7\u00e3o. \u201cAs t\u00e9cnicas modernas permitem resultados muito naturais, com m\u00ednima cicatriz e recupera\u00e7\u00e3o r\u00e1pida\u201d, afirma o especialista.<br>A import\u00e2ncia da abordagem multidisciplinar<br>O Dr. Cristiano Kakihara ressalta que, muitas vezes, a queda de cabelo \u00e9 apenas a ponta do iceberg de condi\u00e7\u00f5es sist\u00eamicas que precisam ser identificadas e tratadas.<br>\u201cTrabalhamos em conjunto com endocrinologistas, nutricionistas e outros especialistas para oferecer um tratamento completo. Dist\u00farbios hormonais, defici\u00eancias nutricionais, estresse cr\u00f4nico e doen\u00e7as autoimunes s\u00e3o frequentemente associados \u00e0 queda capilar\u201d, explica.<\/p>\n\n\n\n<p>Dicas do especialista para cuidados di\u00e1rios<br>Al\u00e9m dos tratamentos m\u00e9dicos, o Dr. Cristiano Kakihara compartilha algumas recomenda\u00e7\u00f5es para a manuten\u00e7\u00e3o da sa\u00fade capilar no dia a dia:<\/p>\n\n\n\n<ol>\n<li>Lavagem adequada: \u201cLave os cabelos conforme a necessidade do seu couro cabeludo, usando \u00e1gua morna para fria e produtos adequados ao seu tipo de fio. A frequ\u00eancia ideal varia de pessoa para pessoa.\u201d<\/li>\n\n\n\n<li>Cuidado com a temperatura: \u201cEvite \u00e1gua muito quente e uso excessivo de secadores e chapinhas em temperaturas elevadas, pois podem ressecar e danificar os fios.\u201d<\/li>\n\n\n\n<li>Alimenta\u00e7\u00e3o balanceada: \u201cConsuma alimentos ricos em prote\u00ednas, ferro, zinco e vitaminas do complexo B, como carnes magras, ovos, leguminosas, oleaginosas e vegetais de folhas verdes.\u201d<\/li>\n\n\n\n<li>Hidrata\u00e7\u00e3o: \u201cMantenha-se bem hidratado e use m\u00e1scaras capilares adequadas ao seu tipo de cabelo regularmente.\u201d<\/li>\n\n\n\n<li><em>Controle do estresse: <\/em>\u201cPr\u00e1ticas como medita\u00e7\u00e3o, yoga e atividade f\u00edsica regular ajudam a controlar o estresse, que \u00e9 um importante fator desencadeante de queda capilar.\u201d<\/li>\n\n\n\n<li>Evite tra\u00e7\u00e3o excessiva: \u201cPenteados muito apertados, tran\u00e7as e extens\u00f5es podem causar alopecia por tra\u00e7\u00e3o. Varie os penteados e evite prender os cabelos sempre da mesma forma.\u201d<\/li>\n\n\n\n<li>Prote\u00e7\u00e3o solar: \u201cO couro cabeludo tamb\u00e9m precisa de prote\u00e7\u00e3o contra os raios solares, especialmente em \u00e1reas com menos cabelo. Use chap\u00e9us, bon\u00e9s ou protetores solares espec\u00edficos para a regi\u00e3o.\u201d<\/li>\n<\/ol>\n\n\n\n<p>Desmistificando tratamentos populares<br>O Dr. Cristiano Kakihara alerta sobre tratamentos sem comprova\u00e7\u00e3o cient\u00edfica que s\u00e3o frequentemente divulgados na internet:<br>\u201cInfelizmente, h\u00e1 muita desinforma\u00e7\u00e3o sobre tratamentos capilares. \u00d3leos milagrosos, shampoos que prometem resultados imediatos e suplementos sem estudos cient\u00edficos s\u00e9rios acabam retardando a busca por ajuda especializada e podem at\u00e9 agravar o problema\u201d, adverte.<\/p>\n\n\n\n<p>O especialista recomenda sempre buscar orienta\u00e7\u00e3o de um dermatologista com experi\u00eancia em tricologia antes de iniciar qualquer tratamento. \u201cCada caso \u00e9 \u00fanico e requer uma abordagem personalizada. O que funcionou para um amigo ou familiar pode n\u00e3o ser adequado para voc\u00ea\u201d, conclui.<\/p>\n\n\n\n<p>Sobre do Dermatologista Cristiano Kakihara:<\/p>\n\n\n\n<p>Cremesp 113216 &#8211; RQE em Dermatologia 28270<\/p>\n\n\n\n<p>Gradua\u00e7\u00e3o pela Faculdade de Medicina de S\u00e3o Jos\u00e9 do Rio Preto, da Secretaria de Ci\u00eancia, Tecnologia e Inova\u00e7\u00e3o.<br>Membro titular da Sociedade Brasileira de Dermatologia (SBD).<br>Especializa\u00e7\u00e3o em Dermatologia pela SBD: Complexo Hospitalar Padre Bento de Guarulhos.<br>Aperfei\u00e7oamento em Cosmiatria e Cirurgia Dermatol\u00f3gica pela SBD: Faculdade de Medicina do ABC.<br>Aperfei\u00e7oamento em Tricologia e Onicologia pela SBD: Universidade de Mogi das Cruzes.<br>P\u00f3s-gradua\u00e7\u00e3o \u201clato sensu\u201d em Dermatologia, \u00c1reas Eletivas, pela SBD: Escola Paulista de Medicina da Universidade Federal de S\u00e3o Paulo.<br>P\u00f3s-gradua\u00e7\u00e3o \u201clato sensu\u201d em Cirurgia Dermatol\u00f3gica pela SBD: Instituto de Dermatologia Professor Rubem David Azulay da Santa Casa da Miseric\u00f3rdia do Rio de Janeiro.<br>Autor das 3 edi\u00e7\u00f5es do livro \u201cCurativos, Estomias e Dermatologia: uma Abordagem Multiprofissional\u201d, pela editora Martinari.<br>Ex-preceptor dos Ambulat\u00f3rios de Fototerapia e Tricologia\/Onicologia da Universidade de Mogi das Cruzes.<br>Ex-m\u00e9dico assistente (concursado) da Cl\u00ednica de Dermatologia do Hospital do Servidor P\u00fablico Municipal.<\/p>\n\n\n\n<p>Redes sociais:<br>Instagram: https:\/\/www.instagram.com\/cristianokakiharadermatologia\/<br>Instagram: https:\/\/www.instagram.com\/clinicakakihara\/<\/p>\n\n\n\n<p>Foto: Pixabay<\/p>\n","protected":false},"excerpt":{"rendered":"<p>[10:59, 10\/07\/2025] Pai: Dermatologista especializado em tricologia explica as principais causas da queda capilar e&#8230;<\/p>\n","protected":false},"author":1,"featured_media":24814,"comment_status":"open","ping_status":"open","sticky":false,"template":"","format":"standard","meta":{"footnotes":""},"categories":[2],"tags":[],"featured_image_urls":{"full":["https:\/\/novosaopaulo.com.br\/n1\/wp-content\/uploads\/2025\/07\/WhatsApp-Image-2025-07-10-at-10.59.18.jpeg",1280,853,false],"thumbnail":["https:\/\/novosaopaulo.com.br\/n1\/wp-content\/uploads\/2025\/07\/WhatsApp-Image-2025-07-10-at-10.59.18-150x150.jpeg",150,150,true],"medium":["https:\/\/novosaopaulo.com.br\/n1\/wp-content\/uploads\/2025\/07\/WhatsApp-Image-2025-07-10-at-10.59.18-300x200.jpeg",300,200,true],"medium_large":["https:\/\/novosaopaulo.com.br\/n1\/wp-content\/uploads\/2025\/07\/WhatsApp-Image-2025-07-10-at-10.59.18-768x512.jpeg",640,427,true],"large":["https:\/\/novosaopaulo.com.br\/n1\/wp-content\/uploads\/2025\/07\/WhatsApp-Image-2025-07-10-at-10.59.18-1024x682.jpeg",640,426,true],"1536x1536":["https:\/\/novosaopaulo.com.br\/n1\/wp-content\/uploads\/2025\/07\/WhatsApp-Image-2025-07-10-at-10.59.18.jpeg",1280,853,false],"2048x2048":["https:\/\/novosaopaulo.com.br\/n1\/wp-content\/uploads\/2025\/07\/WhatsApp-Image-2025-07-10-at-10.59.18.jpeg",1280,853,false],"newsever-slider-full":["https:\/\/novosaopaulo.com.br\/n1\/wp-content\/uploads\/2025\/07\/WhatsApp-Image-2025-07-10-at-10.59.18-1280x845.jpeg",1280,845,true],"newsever-featured":["https:\/\/novosaopaulo.com.br\/n1\/wp-content\/uploads\/2025\/07\/WhatsApp-Image-2025-07-10-at-10.59.18-1024x682.jpeg",1024,682,true],"newsever-medium":["https:\/\/novosaopaulo.com.br\/n1\/wp-content\/uploads\/2025\/07\/WhatsApp-Image-2025-07-10-at-10.59.18-720x475.jpeg",720,475,true]},"author_info":{"display_name":"Reda\u00e7\u00e3o","author_link":"https:\/\/novosaopaulo.com.br\/n1\/author\/g5poa\/"},"category_info":"<a href=\"https:\/\/novosaopaulo.com.br\/n1\/category\/cidades\/\" rel=\"category tag\">Cidades<\/a>","tag_info":"Cidades","comment_count":"0","_links":{"self":[{"href":"https:\/\/novosaopaulo.com.br\/n1\/wp-json\/wp\/v2\/posts\/24813"}],"collection":[{"href":"https:\/\/novosaopaulo.com.br\/n1\/wp-json\/wp\/v2\/posts"}],"about":[{"href":"https:\/\/novosaopaulo.com.br\/n1\/wp-json\/wp\/v2\/types\/post"}],"author":[{"embeddable":true,"href":"https:\/\/novosaopaulo.com.br\/n1\/wp-json\/wp\/v2\/users\/1"}],"replies":[{"embeddable":true,"href":"https:\/\/novosaopaulo.com.br\/n1\/wp-json\/wp\/v2\/comments?post=24813"}],"version-history":[{"count":1,"href":"https:\/\/novosaopaulo.com.br\/n1\/wp-json\/wp\/v2\/posts\/24813\/revisions"}],"predecessor-version":[{"id":24815,"href":"https:\/\/novosaopaulo.com.br\/n1\/wp-json\/wp\/v2\/posts\/24813\/revisions\/24815"}],"wp:featuredmedia":[{"embeddable":true,"href":"https:\/\/novosaopaulo.com.br\/n1\/wp-json\/wp\/v2\/media\/24814"}],"wp:attachment":[{"href":"https:\/\/novosaopaulo.com.br\/n1\/wp-json\/wp\/v2\/media?parent=24813"}],"wp:term":[{"taxonomy":"category","embeddable":true,"href":"https:\/\/novosaopaulo.com.br\/n1\/wp-json\/wp\/v2\/categories?post=24813"},{"taxonomy":"post_tag","embeddable":true,"href":"https:\/\/novosaopaulo.com.br\/n1\/wp-json\/wp\/v2\/tags?post=24813"}],"curies":[{"name":"wp","href":"https:\/\/api.w.org\/{rel}","templated":true}]}}