{"id":24807,"date":"2025-07-10T13:11:10","date_gmt":"2025-07-10T16:11:10","guid":{"rendered":"https:\/\/novosaopaulo.com.br\/n1\/?p=24807"},"modified":"2025-07-10T13:11:11","modified_gmt":"2025-07-10T16:11:11","slug":"festa-de-santana-2025-comeca-nesta-sexta-feira-com-fe-tradicao-e-cultura-em-mogi-das-cruzes","status":"publish","type":"post","link":"https:\/\/novosaopaulo.com.br\/n1\/festa-de-santana-2025-comeca-nesta-sexta-feira-com-fe-tradicao-e-cultura-em-mogi-das-cruzes\/","title":{"rendered":"Festa de Sant\u2019Ana 2025 come\u00e7a nesta sexta-feira com f\u00e9, tradi\u00e7\u00e3o e cultura em Mogi das Cruzes"},"content":{"rendered":"\n<p>Celebra\u00e7\u00f5es de 11 a 27 de julho incluem missas, prociss\u00f5es, shows, quermesse e programa\u00e7\u00e3o gratuita para toda a fam\u00edlia<\/p>\n\n\n\n<p>A cidade de Mogi das Cruzes inicia nesta sexta-feira, 11 de julho, a tradicional Festa de Sant\u2019Ana, uma das mais antigas express\u00f5es de f\u00e9 e cultura do Alto Tiet\u00ea, que neste ano celebra os 414 anos de devo\u00e7\u00e3o \u00e0 Padroeira da cidade. A festividade vai at\u00e9 o dia 27 de julho, reunindo milhares de fi\u00e9is, fam\u00edlias e visitantes na Catedral de Sant\u2019Ana, no centro hist\u00f3rico da cidade.<\/p>\n\n\n\n<p>A festa conta com uma programa\u00e7\u00e3o religiosa intensa, missas com participa\u00e7\u00e3o de padres de toda a Diocese, novena, carreata, b\u00ean\u00e7\u00e3os e a tradicional prociss\u00e3o solene com os andores de Sant\u2019Ana e S\u00e3o Joaquim. A parte social e cultural inclui quermesse, bingo, comidas t\u00edpicas, parque de divers\u00f5es e um ambiente acolhedor que une f\u00e9, gastronomia e conviv\u00eancia comunit\u00e1ria.<\/p>\n\n\n\n<p>Neste ano, a Festa acontece em sintonia com o Jubileu da Esperan\u00e7a 2025, proclamado pela Igreja Cat\u00f3lica, com o tema \u201c Com Sant&#8217;Ana, Peregrinos de Esperan\u00e7a\u201d, inspirado no Ano Santo convocado pelo Papa Francisco.<\/p>\n\n\n\n<p>\u201c\u00c9 uma festa que representa a alma de Mogi das Cruzes: tradi\u00e7\u00e3o, f\u00e9 e alegria. Celebrar Sant\u2019Ana \u00e9 reafirmar nossos valores e nossa hist\u00f3ria\u201d, afirma o Monsenhor Dorival Aparecido de Moraes, respons\u00e1vel pela Catedral e coordenador da festa ao lado do Padre Marcelo de Oliveira e da Irmandade de Sant\u2019Ana.<\/p>\n\n\n\n<p>PROGRAMA\u00c7\u00c3O RELIGIOSA \u2014 CATEDRAL DE SANT\u2019ANA<\/p>\n\n\n\n<p>11 a 27 de julho \u2013 Mogi das Cruzes<\/p>\n\n\n\n<p>12 de julho (s\u00e1bado)<br>\u2022 18h | Abertura oficial com Levantamento do Mastro<br>\u2022 Missa com Dom Pedro Luiz Stringhini<\/p>\n\n\n\n<p>13 de julho (domingo)<br>\u2022 Missas \u00e0s 7h, 9h, 11h, 17h30 e 19h<\/p>\n\n\n\n<p>14 de julho (segunda-feira)<br>\u2022 19h | Missa com Padre Ant\u00f4nio Maria<\/p>\n\n\n\n<p>15 de julho (ter\u00e7a-feira)<br>\u2022 18h | Ter\u00e7o de Nossa Senhora Rosa M\u00edstica<br>\u2022 19h | Santa Missa<\/p>\n\n\n\n<p>Novena de Sant\u2019Ana \u2014 de 17 a 25 de julho (sempre \u00e0s 19h)<br>\u2022 17\/07 (quinta) \u2013 Padres da Regi\u00e3o Br\u00e1s Cubas<br>\u2022 18\/07 (sexta) \u2013 Padres da Regi\u00e3o C\u00e9sar de Souza<br>\u2022 19\/07 (s\u00e1bado) \u2013 Padres da Regi\u00e3o Santa Isabel (Guararema e Aruj\u00e1)<br>\u2022 20\/07 (domingo)<br>\u2022 9h | Carreata de S\u00e3o Crist\u00f3v\u00e3o + B\u00ean\u00e7\u00e3o de carros, motos e caminh\u00f5es<br>\u2022 11h | Missa de S\u00e3o Crist\u00f3v\u00e3o<br>\u2022 19h | Padres da Regi\u00e3o Catedral<br>\u2022 21\/07 (segunda) \u2013 Padres da Regi\u00e3o Sales\u00f3polis<br>\u2022 22\/07 (ter\u00e7a) \u2013 Padres da Regi\u00e3o Suzano<br>\u2022 23\/07 (quarta) \u2013 Padres da Regi\u00e3o Po\u00e1<br>\u2022 24\/07 (quinta) \u2013 Padres da Regi\u00e3o Ferraz de Vasconcelos<br>\u2022 25\/07 (sexta) \u2013 Padres da Regi\u00e3o Itaquaquecetuba<\/p>\n\n\n\n<p>Dia da Padroeira \u2013 26 de julho (s\u00e1bado)<br>\u2022 12h | Missa solene com Monsenhor Dorival Aparecido de Moraes<br>\u2022 16h | Prociss\u00e3o com os andores de Sant\u2019Ana e S\u00e3o Joaquim<br>\u2022 Missa presidida por Dom Pedro Luiz Stringhini, com padres da Diocese<\/p>\n\n\n\n<p>27 de julho (domingo)<br>\u2022 19h | Missa de encerramento com Dom Eduardo Malaspina<\/p>\n\n\n\n<p>PROGRAMA\u00c7\u00c3O SOCIAL \u2014 QUERMESSE DE SANT\u2019ANA<\/p>\n\n\n\n<p>Local: P\u00e1tio da Catedral de Sant\u2019Ana<br>Dias: 11, 12, 13, 14, 15, 18, 19, 20, 25, 26 e 27 de julho<br>Hor\u00e1rio: A partir das 18h<\/p>\n\n\n\n<p>Atra\u00e7\u00f5es:<br>\u2022 Barracas com doces caseiros, tortas, pasteis, vinho quente, quent\u00e3o e churrasco<br>\u2022 Bingo com pr\u00eamios<br>\u2022 Parque de divers\u00f5es para crian\u00e7as<br>\u2022 Ambiente acolhedor e familiar<\/p>\n\n\n\n<p>\ud83d\udd4a\ufe0f A F\u00c9 QUE NOS UNE DESDE 1611<\/p>\n\n\n\n<p>Desde o s\u00e9culo XVII, Sant\u2019Ana, m\u00e3e de Maria e av\u00f3 de Jesus, \u00e9 reverenciada como Padroeira de Mogi das Cruzes e da Diocese. Sua presen\u00e7a \u00e9 s\u00edmbolo de esperan\u00e7a, prote\u00e7\u00e3o e renova\u00e7\u00e3o da f\u00e9 para gera\u00e7\u00f5es de mogianos. A Catedral de Sant\u2019Ana, no centro da cidade, \u00e9 o cora\u00e7\u00e3o espiritual da celebra\u00e7\u00e3o \u2014 um local de acolhimento, ora\u00e7\u00e3o e reencontro com a tradi\u00e7\u00e3o.<\/p>\n\n\n\n<p>SERVI\u00c7O:<\/p>\n\n\n\n<p>Evento: Festa de Sant\u2019Ana 2025<br>Data: 11 a 27 de julho de 2025<br>Local: Catedral de Sant\u2019Ana \u2014 Pra\u00e7a Coronel Almeida, Centro, Mogi das Cruzes\/SP<br>Entrada: Gratuita<br>Realiza\u00e7\u00e3o: Diocese de Mogi das Cruzes | Irmandade de Sant\u2019Ana | Catedral de Sant\u2019Ana<br>Coordena\u00e7\u00e3o: Monsenhor Dorival Aparecido de Moraes e Padre Marcelo de Oliveira<\/p>\n\n\n\n<p>Fotos: Jos\u00e9 Carlos Cipullo<\/p>\n\n\n\n<figure class=\"wp-block-gallery has-nested-images columns-default is-cropped wp-block-gallery-1 is-layout-flex wp-block-gallery-is-layout-flex\">\n<figure class=\"wp-block-image size-large\"><a href=\"https:\/\/novosaopaulo.com.br\/n1\/wp-content\/uploads\/2025\/07\/WhatsApp-Image-2025-07-10-at-10.46.08.jpeg\"><img fetchpriority=\"high\" decoding=\"async\" width=\"800\" height=\"533\" data-id=\"24811\" src=\"https:\/\/novosaopaulo.com.br\/n1\/wp-content\/uploads\/2025\/07\/WhatsApp-Image-2025-07-10-at-10.46.08.jpeg\" alt=\"\" class=\"wp-image-24811\" srcset=\"https:\/\/novosaopaulo.com.br\/n1\/wp-content\/uploads\/2025\/07\/WhatsApp-Image-2025-07-10-at-10.46.08.jpeg 800w, https:\/\/novosaopaulo.com.br\/n1\/wp-content\/uploads\/2025\/07\/WhatsApp-Image-2025-07-10-at-10.46.08-300x200.jpeg 300w, https:\/\/novosaopaulo.com.br\/n1\/wp-content\/uploads\/2025\/07\/WhatsApp-Image-2025-07-10-at-10.46.08-768x512.jpeg 768w\" sizes=\"(max-width: 800px) 100vw, 800px\" \/><\/a><\/figure>\n\n\n\n<figure class=\"wp-block-image size-large\"><a href=\"https:\/\/novosaopaulo.com.br\/n1\/wp-content\/uploads\/2025\/07\/WhatsApp-Image-2025-07-10-at-10.46.09.jpeg\"><img decoding=\"async\" width=\"800\" height=\"533\" data-id=\"24808\" src=\"https:\/\/novosaopaulo.com.br\/n1\/wp-content\/uploads\/2025\/07\/WhatsApp-Image-2025-07-10-at-10.46.09.jpeg\" alt=\"\" class=\"wp-image-24808\" srcset=\"https:\/\/novosaopaulo.com.br\/n1\/wp-content\/uploads\/2025\/07\/WhatsApp-Image-2025-07-10-at-10.46.09.jpeg 800w, https:\/\/novosaopaulo.com.br\/n1\/wp-content\/uploads\/2025\/07\/WhatsApp-Image-2025-07-10-at-10.46.09-300x200.jpeg 300w, https:\/\/novosaopaulo.com.br\/n1\/wp-content\/uploads\/2025\/07\/WhatsApp-Image-2025-07-10-at-10.46.09-768x512.jpeg 768w\" sizes=\"(max-width: 800px) 100vw, 800px\" \/><\/a><\/figure>\n\n\n\n<figure class=\"wp-block-image size-large\"><a href=\"https:\/\/novosaopaulo.com.br\/n1\/wp-content\/uploads\/2025\/07\/WhatsApp-Image-2025-07-10-at-10.46.09-1.jpeg\"><img decoding=\"async\" width=\"800\" height=\"533\" data-id=\"24809\" src=\"https:\/\/novosaopaulo.com.br\/n1\/wp-content\/uploads\/2025\/07\/WhatsApp-Image-2025-07-10-at-10.46.09-1.jpeg\" alt=\"\" class=\"wp-image-24809\" srcset=\"https:\/\/novosaopaulo.com.br\/n1\/wp-content\/uploads\/2025\/07\/WhatsApp-Image-2025-07-10-at-10.46.09-1.jpeg 800w, https:\/\/novosaopaulo.com.br\/n1\/wp-content\/uploads\/2025\/07\/WhatsApp-Image-2025-07-10-at-10.46.09-1-300x200.jpeg 300w, https:\/\/novosaopaulo.com.br\/n1\/wp-content\/uploads\/2025\/07\/WhatsApp-Image-2025-07-10-at-10.46.09-1-768x512.jpeg 768w\" sizes=\"(max-width: 800px) 100vw, 800px\" \/><\/a><\/figure>\n<\/figure>\n","protected":false},"excerpt":{"rendered":"<p>Celebra\u00e7\u00f5es de 11 a 27 de julho incluem missas, prociss\u00f5es, shows, quermesse e programa\u00e7\u00e3o gratuita&#8230;<\/p>\n","protected":false},"author":1,"featured_media":24810,"comment_status":"open","ping_status":"open","sticky":false,"template":"","format":"standard","meta":{"footnotes":""},"categories":[34],"tags":[],"featured_image_urls":{"full":["https:\/\/novosaopaulo.com.br\/n1\/wp-content\/uploads\/2025\/07\/WhatsApp-Image-2025-07-10-at-10.46.09-2.jpeg",800,533,false],"thumbnail":["https:\/\/novosaopaulo.com.br\/n1\/wp-content\/uploads\/2025\/07\/WhatsApp-Image-2025-07-10-at-10.46.09-2-150x150.jpeg",150,150,true],"medium":["https:\/\/novosaopaulo.com.br\/n1\/wp-content\/uploads\/2025\/07\/WhatsApp-Image-2025-07-10-at-10.46.09-2-300x200.jpeg",300,200,true],"medium_large":["https:\/\/novosaopaulo.com.br\/n1\/wp-content\/uploads\/2025\/07\/WhatsApp-Image-2025-07-10-at-10.46.09-2-768x512.jpeg",640,427,true],"large":["https:\/\/novosaopaulo.com.br\/n1\/wp-content\/uploads\/2025\/07\/WhatsApp-Image-2025-07-10-at-10.46.09-2.jpeg",640,426,false],"1536x1536":["https:\/\/novosaopaulo.com.br\/n1\/wp-content\/uploads\/2025\/07\/WhatsApp-Image-2025-07-10-at-10.46.09-2.jpeg",800,533,false],"2048x2048":["https:\/\/novosaopaulo.com.br\/n1\/wp-content\/uploads\/2025\/07\/WhatsApp-Image-2025-07-10-at-10.46.09-2.jpeg",800,533,false],"newsever-slider-full":["https:\/\/novosaopaulo.com.br\/n1\/wp-content\/uploads\/2025\/07\/WhatsApp-Image-2025-07-10-at-10.46.09-2.jpeg",800,533,false],"newsever-featured":["https:\/\/novosaopaulo.com.br\/n1\/wp-content\/uploads\/2025\/07\/WhatsApp-Image-2025-07-10-at-10.46.09-2.jpeg",800,533,false],"newsever-medium":["https:\/\/novosaopaulo.com.br\/n1\/wp-content\/uploads\/2025\/07\/WhatsApp-Image-2025-07-10-at-10.46.09-2-720x475.jpeg",720,475,true]},"author_info":{"display_name":"Reda\u00e7\u00e3o","author_link":"https:\/\/novosaopaulo.com.br\/n1\/author\/g5poa\/"},"category_info":"<a href=\"https:\/\/novosaopaulo.com.br\/n1\/category\/alto-tiete\/\" rel=\"category tag\">Alto Tiet\u00ea<\/a>","tag_info":"Alto Tiet\u00ea","comment_count":"0","_links":{"self":[{"href":"https:\/\/novosaopaulo.com.br\/n1\/wp-json\/wp\/v2\/posts\/24807"}],"collection":[{"href":"https:\/\/novosaopaulo.com.br\/n1\/wp-json\/wp\/v2\/posts"}],"about":[{"href":"https:\/\/novosaopaulo.com.br\/n1\/wp-json\/wp\/v2\/types\/post"}],"author":[{"embeddable":true,"href":"https:\/\/novosaopaulo.com.br\/n1\/wp-json\/wp\/v2\/users\/1"}],"replies":[{"embeddable":true,"href":"https:\/\/novosaopaulo.com.br\/n1\/wp-json\/wp\/v2\/comments?post=24807"}],"version-history":[{"count":1,"href":"https:\/\/novosaopaulo.com.br\/n1\/wp-json\/wp\/v2\/posts\/24807\/revisions"}],"predecessor-version":[{"id":24812,"href":"https:\/\/novosaopaulo.com.br\/n1\/wp-json\/wp\/v2\/posts\/24807\/revisions\/24812"}],"wp:featuredmedia":[{"embeddable":true,"href":"https:\/\/novosaopaulo.com.br\/n1\/wp-json\/wp\/v2\/media\/24810"}],"wp:attachment":[{"href":"https:\/\/novosaopaulo.com.br\/n1\/wp-json\/wp\/v2\/media?parent=24807"}],"wp:term":[{"taxonomy":"category","embeddable":true,"href":"https:\/\/novosaopaulo.com.br\/n1\/wp-json\/wp\/v2\/categories?post=24807"},{"taxonomy":"post_tag","embeddable":true,"href":"https:\/\/novosaopaulo.com.br\/n1\/wp-json\/wp\/v2\/tags?post=24807"}],"curies":[{"name":"wp","href":"https:\/\/api.w.org\/{rel}","templated":true}]}}