{"id":24799,"date":"2025-07-09T22:07:16","date_gmt":"2025-07-10T01:07:16","guid":{"rendered":"https:\/\/novosaopaulo.com.br\/n1\/?p=24799"},"modified":"2025-07-09T22:07:16","modified_gmt":"2025-07-10T01:07:16","slug":"torneio-libertadores-de-futsal-movimenta-a-agenda-esportiva-do-clube-de-campo-de-mog","status":"publish","type":"post","link":"https:\/\/novosaopaulo.com.br\/n1\/torneio-libertadores-de-futsal-movimenta-a-agenda-esportiva-do-clube-de-campo-de-mog\/","title":{"rendered":"Torneio Libertadores de Futsal movimenta a agenda esportiva do Clube de Campo de Mog"},"content":{"rendered":"\n<p>Jogos continuam neste fim de semana; time do Sub-8 celebra conquista da Copa Vila Santista de Futsal<\/p>\n\n\n\n<p>Um dos principais torneios esportivos da Am\u00e9rica do Sul chegou como inspira\u00e7\u00e3o ao Clube de Campo de Mogi das Cruzes (CCMC) com a promessa de partidas intensas e disputadas. Come\u00e7ou o Torneio Libertadores de Futsal do CCMC, com categoria \u00fanica de atletas a partir dos 17 anos. E a primeira rodada, no \u00faltimo fim de semana, j\u00e1 mostrou o n\u00edvel de competitividade do torneio: o Universitario venceu o 17 de Agosto por 7 a 3, o Joinville Esporte Clube superou o Fantasmas por 5 a 3 e o Halley Divino Ni\u00f1o levou a melhor sobre o Magnus por 4 a 1.<\/p>\n\n\n\n<p>Os jogos continuam no s\u00e1bado (12\/7), com os duelos entre Fantasmas e 17 de Agosto, \u00e0s 15h; Magnus e Joinville Esporte Clube, \u00e0s 16h; e Halley Divino Ni\u00f1o contra Universitario, \u00e0s 17h. As semifinais ser\u00e3o disputadas no dia 16 de agosto, com a grande final agendada para o dia 23.<\/p>\n\n\n\n<p>O diretor de Esportes do Clube, Rodrigo Lazzuri, destacou a import\u00e2ncia da competi\u00e7\u00e3o no calend\u00e1rio esportivo do complexo de esportes e lazer mogiano:<\/p>\n\n\n\n<p>\u201cO torneio j\u00e1 era muito aguardado antes da estreia, porque movimenta n\u00e3o apenas os jogadores, mas tamb\u00e9m as torcidas e as fam\u00edlias. Sabemos do apre\u00e7o que nossos associados t\u00eam pelo esporte e esperamos ver o futsal crescer ainda mais dentro do Clube, com jogos de alto n\u00edvel t\u00e9cnico e grande integra\u00e7\u00e3o entre os participantes\u201d.<\/p>\n\n\n\n<p>Campe\u00f5es<br>Tamb\u00e9m no fim de semana, a equipe sub-8 do Clube de Campo conquistou a Copa Vila Santista de Futsal com vit\u00f3ria por 3 a 0 na final contra o Aru\u00e3, com gols de Mateo e Arthur Marins. Arthur foi o artilheiro da competi\u00e7\u00e3o, e o goleiro Alberto Dias recebeu o pr\u00eamio de goleiro menos vazado.<\/p>\n","protected":false},"excerpt":{"rendered":"<p>Jogos continuam neste fim de semana; time do Sub-8 celebra conquista da Copa Vila Santista&#8230;<\/p>\n","protected":false},"author":1,"featured_media":24800,"comment_status":"open","ping_status":"open","sticky":false,"template":"","format":"standard","meta":{"footnotes":""},"categories":[2],"tags":[],"featured_image_urls":{"full":["https:\/\/novosaopaulo.com.br\/n1\/wp-content\/uploads\/2025\/07\/WhatsApp-Image-2025-07-09-at-17.47.51.jpeg",1400,933,false],"thumbnail":["https:\/\/novosaopaulo.com.br\/n1\/wp-content\/uploads\/2025\/07\/WhatsApp-Image-2025-07-09-at-17.47.51-150x150.jpeg",150,150,true],"medium":["https:\/\/novosaopaulo.com.br\/n1\/wp-content\/uploads\/2025\/07\/WhatsApp-Image-2025-07-09-at-17.47.51-300x200.jpeg",300,200,true],"medium_large":["https:\/\/novosaopaulo.com.br\/n1\/wp-content\/uploads\/2025\/07\/WhatsApp-Image-2025-07-09-at-17.47.51-768x512.jpeg",640,427,true],"large":["https:\/\/novosaopaulo.com.br\/n1\/wp-content\/uploads\/2025\/07\/WhatsApp-Image-2025-07-09-at-17.47.51-1024x682.jpeg",640,426,true],"1536x1536":["https:\/\/novosaopaulo.com.br\/n1\/wp-content\/uploads\/2025\/07\/WhatsApp-Image-2025-07-09-at-17.47.51.jpeg",1400,933,false],"2048x2048":["https:\/\/novosaopaulo.com.br\/n1\/wp-content\/uploads\/2025\/07\/WhatsApp-Image-2025-07-09-at-17.47.51.jpeg",1400,933,false],"newsever-slider-full":["https:\/\/novosaopaulo.com.br\/n1\/wp-content\/uploads\/2025\/07\/WhatsApp-Image-2025-07-09-at-17.47.51-1280x845.jpeg",1280,845,true],"newsever-featured":["https:\/\/novosaopaulo.com.br\/n1\/wp-content\/uploads\/2025\/07\/WhatsApp-Image-2025-07-09-at-17.47.51-1024x682.jpeg",1024,682,true],"newsever-medium":["https:\/\/novosaopaulo.com.br\/n1\/wp-content\/uploads\/2025\/07\/WhatsApp-Image-2025-07-09-at-17.47.51-720x475.jpeg",720,475,true]},"author_info":{"display_name":"Reda\u00e7\u00e3o","author_link":"https:\/\/novosaopaulo.com.br\/n1\/author\/g5poa\/"},"category_info":"<a href=\"https:\/\/novosaopaulo.com.br\/n1\/category\/cidades\/\" rel=\"category tag\">Cidades<\/a>","tag_info":"Cidades","comment_count":"0","_links":{"self":[{"href":"https:\/\/novosaopaulo.com.br\/n1\/wp-json\/wp\/v2\/posts\/24799"}],"collection":[{"href":"https:\/\/novosaopaulo.com.br\/n1\/wp-json\/wp\/v2\/posts"}],"about":[{"href":"https:\/\/novosaopaulo.com.br\/n1\/wp-json\/wp\/v2\/types\/post"}],"author":[{"embeddable":true,"href":"https:\/\/novosaopaulo.com.br\/n1\/wp-json\/wp\/v2\/users\/1"}],"replies":[{"embeddable":true,"href":"https:\/\/novosaopaulo.com.br\/n1\/wp-json\/wp\/v2\/comments?post=24799"}],"version-history":[{"count":1,"href":"https:\/\/novosaopaulo.com.br\/n1\/wp-json\/wp\/v2\/posts\/24799\/revisions"}],"predecessor-version":[{"id":24801,"href":"https:\/\/novosaopaulo.com.br\/n1\/wp-json\/wp\/v2\/posts\/24799\/revisions\/24801"}],"wp:featuredmedia":[{"embeddable":true,"href":"https:\/\/novosaopaulo.com.br\/n1\/wp-json\/wp\/v2\/media\/24800"}],"wp:attachment":[{"href":"https:\/\/novosaopaulo.com.br\/n1\/wp-json\/wp\/v2\/media?parent=24799"}],"wp:term":[{"taxonomy":"category","embeddable":true,"href":"https:\/\/novosaopaulo.com.br\/n1\/wp-json\/wp\/v2\/categories?post=24799"},{"taxonomy":"post_tag","embeddable":true,"href":"https:\/\/novosaopaulo.com.br\/n1\/wp-json\/wp\/v2\/tags?post=24799"}],"curies":[{"name":"wp","href":"https:\/\/api.w.org\/{rel}","templated":true}]}}