{"id":24788,"date":"2025-07-08T13:55:39","date_gmt":"2025-07-08T16:55:39","guid":{"rendered":"https:\/\/novosaopaulo.com.br\/n1\/?p=24788"},"modified":"2025-07-08T13:55:40","modified_gmt":"2025-07-08T16:55:40","slug":"rock-na-praca-celebra-25-anos-com-tributos-a-lendas-do-rock-neste-fim-de-semana-em-poa","status":"publish","type":"post","link":"https:\/\/novosaopaulo.com.br\/n1\/rock-na-praca-celebra-25-anos-com-tributos-a-lendas-do-rock-neste-fim-de-semana-em-poa\/","title":{"rendered":"Rock na Pra\u00e7a celebra 25 anos com tributos a lendas do rock neste fim de semana em Po\u00e1"},"content":{"rendered":"\n<p>Festival retorna \u00e0 Pra\u00e7a de Eventos com entrada gratuita, shows de peso e clima de reencontro com o p\u00fablico<\/p>\n\n\n\n<p>A cidade de Po\u00e1 ser\u00e1 palco de uma edi\u00e7\u00e3o hist\u00f3rica do tradicional festival Rock na Pra\u00e7a neste fim de semana, dias 12 e 13 de julho. Celebrando sua 25\u00aa edi\u00e7\u00e3o, o evento retorna ao seu local de origem, a Pra\u00e7a de Eventos, na Avenida Ant\u00f4nio Massa, 150, no centro da cidade, com uma programa\u00e7\u00e3o recheada de cl\u00e1ssicos do rock internacional. Com entrada gratuita, o Rock na Pra\u00e7a 2025 promete emocionar os f\u00e3s do g\u00eanero com covers de bandas ic\u00f4nicas. O tema deste ano, \u201cRock na Pra\u00e7a de volta pra casa\u201d, refor\u00e7a o reencontro do festival com seu p\u00fablico fiel e a retomada do espa\u00e7o que ajudou a construir a hist\u00f3ria do evento no Alto Tiet\u00ea.<\/p>\n\n\n\n<p>As atra\u00e7\u00f5es foram anunciadas e prometem atrair f\u00e3s de todas as gera\u00e7\u00f5es. No s\u00e1bado, 12 de julho, a partir das 13 horas, sobem ao palco as bandas The Hammer (cover do Mot\u00f6rhead), Crusaders Official Saxon Tribute, DAOS (System of a Down Cover), O Que Sobrou do Caos, Balance (Van Halen Tribute Brazil) e Priest Live (Judas Priest Cover). J\u00e1 no domingo, 13, a partir das 12 horas, \u00e9 a vez da Banda V\u00f3rtex, Purple Brazil (Deep Purple), Blaymorphed (Pearl Jam Cover), Creedence Classic Clearwater Tribute Band, Banda No Quarter (Led Zeppelin Cover) e Master of Reality (Black Sabbath Cover).<\/p>\n\n\n\n<p>Para Carlito Aquino e Ana Aquino, Idealizadores do Rock na Pra\u00e7a, o retorno ao local original representa mais do que uma decis\u00e3o log\u00edstica: \u00e9 uma reconex\u00e3o com a hist\u00f3ria do festival. \u201c\u00c9 um verdadeiro caso de amor com a cidade de Po\u00e1\u201d, afirma. \u201cAgradecemos muito \u00e0 cidade de Itaquaquecetuba que nos cedeu espa\u00e7o no ano passado, mas voltar para Po\u00e1 \u00e9 especial. Ser\u00e1 um Rock na Pra\u00e7a incr\u00edvel. A gente est\u00e1 preparando tudo com muito carinho, porque sabemos o quanto o festival \u00e9 importante. \u00c9 a celebra\u00e7\u00e3o de uma trajet\u00f3ria constru\u00edda com a paix\u00e3o de todos que participaram ao longo dos anos\u201d, disse Aquino.<\/p>\n\n\n\n<p>Transmiss\u00e3o ao vivo e presen\u00e7a da m\u00eddia especializada<\/p>\n\n\n\n<p>Uma das novidades desta edi\u00e7\u00e3o \u00e9 a participa\u00e7\u00e3o da r\u00e1dio Brasil 2000, que transmitir\u00e1 o festival ao vivo. Al\u00e9m disso, os programas \u201c\u00cddolos do Rock\u201d e \u201cBR Kiss\u201d, ambos da r\u00e1dio Kiss FM, estar\u00e3o presentes, refor\u00e7ando a import\u00e2ncia e o prest\u00edgio do evento no calend\u00e1rio musical nacional.<\/p>\n\n\n\n<p>\u201cCom essa cobertura, o festival amplia seu alcance e possibilita que amantes do rock que n\u00e3o possam estar fisicamente presentes ainda desfrutem da atmosfera vibrante do evento\u201d, disse Donizete Andrade Fonseca, diretor comercial do festival.<\/p>\n\n\n\n<p>Estrutura e organiza\u00e7\u00e3o<\/p>\n\n\n\n<p>A expectativa da organiza\u00e7\u00e3o \u00e9 reunir cerca de 45 mil pessoas nos dois dias de evento. Para isso, uma grande infraestrutura est\u00e1 sendo preparada. A Pra\u00e7a de Eventos contar\u00e1 com pra\u00e7a de alimenta\u00e7\u00e3o, \u00e1reas de recrea\u00e7\u00e3o e medidas refor\u00e7adas de seguran\u00e7a.<\/p>\n\n\n\n<p>Donizete garante que o p\u00fablico encontrar\u00e1 conforto e acessibilidade. \u201cContamos com o apoio das secretarias e \u00f3rg\u00e3os de seguran\u00e7a da cidade e do estado de S\u00e3o Paulo, al\u00e9m da CPTM, para viabilizar a log\u00edstica e a seguran\u00e7a do p\u00fablico\u201d, explica.<\/p>\n\n\n\n<p>Al\u00e9m do suporte do transporte p\u00fablico, o evento contar\u00e1 com apoio de ambul\u00e2ncias, brigadas de inc\u00eandio, equipes de seguran\u00e7a privada e postos de atendimento m\u00e9dico. Em respeito \u00e0 seguran\u00e7a e \u00e0 organiza\u00e7\u00e3o do evento, ser\u00e1 proibida a entrada com qualquer tipo de alimento ou bebida. Todo consumo dever\u00e1 ser feito exclusivamente nos pontos de venda credenciados dentro da pra\u00e7a de alimenta\u00e7\u00e3o.<\/p>\n\n\n\n<p>A venda de bebidas alco\u00f3licas ser\u00e1 controlada, exigindo apresenta\u00e7\u00e3o de documento com foto para comprova\u00e7\u00e3o da maioridade. \u201cEstamos preparados para acolher fam\u00edlias, grupos de amigos e todos os tipos de p\u00fablico que curtem o bom e velho rock\u2019n\u2019roll\u201d, afirma Donizete.<\/p>\n\n\n\n<p>Programa\u00e7\u00e3o completa por dia:<\/p>\n\n\n\n<p>S\u00e1bado \u2013 12 de julho de 2025:<br>\u2022 The Hammer \u2013 Mot\u00f6rhead Cover<br>\u2022 Crusaders Official Saxon Tribute<br>\u2022 DAOS \u2013 System of a Down Cover<br>\u2022 O Que Sobrou do Caos<br>\u2022 Balance \u2013 Van Halen Tribute Brazil<br>\u2022 Priest Live \u2013 Judas Priest Cover<\/p>\n\n\n\n<p>Domingo \u2013 13 de julho de 2025:<br>\u2022 Banda V\u00f3rtex<br>\u2022 Purple Brazil \u2013 Deep Purple<br>\u2022 Blaymorphed \u2013 Pearl Jam Cover<br>\u2022 Creedence Classic Clearwater Tribute Band<br>\u2022 Banda No Quarter \u2013 Led Zeppelin Cover<br>\u2022 Master of Reality \u2013 Black Sabbath Cover<\/p>\n\n\n\n<p>Servi\u00e7o:<br>Evento: Rock na Pra\u00e7a 2025 \u2013 De volta pra casa!<br>Datas: 12 de julho, a partir das 13 horas e 13, a partir das 12 horas*<br>Local: Pra\u00e7a de Eventos de Po\u00e1 \u2013 Avenida Ant\u00f4nio Massa, 150 \u2013 Centro<br>Entrada: Gratuita<\/p>\n","protected":false},"excerpt":{"rendered":"<p>Festival retorna \u00e0 Pra\u00e7a de Eventos com entrada gratuita, shows de peso e clima de&#8230;<\/p>\n","protected":false},"author":1,"featured_media":24789,"comment_status":"open","ping_status":"open","sticky":false,"template":"","format":"standard","meta":{"footnotes":""},"categories":[8],"tags":[],"featured_image_urls":{"full":["https:\/\/novosaopaulo.com.br\/n1\/wp-content\/uploads\/2025\/07\/WhatsApp-Image-2025-07-08-at-13.51.34.jpeg",494,439,false],"thumbnail":["https:\/\/novosaopaulo.com.br\/n1\/wp-content\/uploads\/2025\/07\/WhatsApp-Image-2025-07-08-at-13.51.34-150x150.jpeg",150,150,true],"medium":["https:\/\/novosaopaulo.com.br\/n1\/wp-content\/uploads\/2025\/07\/WhatsApp-Image-2025-07-08-at-13.51.34-300x267.jpeg",300,267,true],"medium_large":["https:\/\/novosaopaulo.com.br\/n1\/wp-content\/uploads\/2025\/07\/WhatsApp-Image-2025-07-08-at-13.51.34.jpeg",494,439,false],"large":["https:\/\/novosaopaulo.com.br\/n1\/wp-content\/uploads\/2025\/07\/WhatsApp-Image-2025-07-08-at-13.51.34.jpeg",494,439,false],"1536x1536":["https:\/\/novosaopaulo.com.br\/n1\/wp-content\/uploads\/2025\/07\/WhatsApp-Image-2025-07-08-at-13.51.34.jpeg",494,439,false],"2048x2048":["https:\/\/novosaopaulo.com.br\/n1\/wp-content\/uploads\/2025\/07\/WhatsApp-Image-2025-07-08-at-13.51.34.jpeg",494,439,false],"newsever-slider-full":["https:\/\/novosaopaulo.com.br\/n1\/wp-content\/uploads\/2025\/07\/WhatsApp-Image-2025-07-08-at-13.51.34.jpeg",494,439,false],"newsever-featured":["https:\/\/novosaopaulo.com.br\/n1\/wp-content\/uploads\/2025\/07\/WhatsApp-Image-2025-07-08-at-13.51.34.jpeg",494,439,false],"newsever-medium":["https:\/\/novosaopaulo.com.br\/n1\/wp-content\/uploads\/2025\/07\/WhatsApp-Image-2025-07-08-at-13.51.34.jpeg",494,439,false]},"author_info":{"display_name":"Reda\u00e7\u00e3o","author_link":"https:\/\/novosaopaulo.com.br\/n1\/author\/g5poa\/"},"category_info":"<a href=\"https:\/\/novosaopaulo.com.br\/n1\/category\/poa\/\" rel=\"category tag\">Po\u00e1<\/a>","tag_info":"Po\u00e1","comment_count":"0","_links":{"self":[{"href":"https:\/\/novosaopaulo.com.br\/n1\/wp-json\/wp\/v2\/posts\/24788"}],"collection":[{"href":"https:\/\/novosaopaulo.com.br\/n1\/wp-json\/wp\/v2\/posts"}],"about":[{"href":"https:\/\/novosaopaulo.com.br\/n1\/wp-json\/wp\/v2\/types\/post"}],"author":[{"embeddable":true,"href":"https:\/\/novosaopaulo.com.br\/n1\/wp-json\/wp\/v2\/users\/1"}],"replies":[{"embeddable":true,"href":"https:\/\/novosaopaulo.com.br\/n1\/wp-json\/wp\/v2\/comments?post=24788"}],"version-history":[{"count":1,"href":"https:\/\/novosaopaulo.com.br\/n1\/wp-json\/wp\/v2\/posts\/24788\/revisions"}],"predecessor-version":[{"id":24790,"href":"https:\/\/novosaopaulo.com.br\/n1\/wp-json\/wp\/v2\/posts\/24788\/revisions\/24790"}],"wp:featuredmedia":[{"embeddable":true,"href":"https:\/\/novosaopaulo.com.br\/n1\/wp-json\/wp\/v2\/media\/24789"}],"wp:attachment":[{"href":"https:\/\/novosaopaulo.com.br\/n1\/wp-json\/wp\/v2\/media?parent=24788"}],"wp:term":[{"taxonomy":"category","embeddable":true,"href":"https:\/\/novosaopaulo.com.br\/n1\/wp-json\/wp\/v2\/categories?post=24788"},{"taxonomy":"post_tag","embeddable":true,"href":"https:\/\/novosaopaulo.com.br\/n1\/wp-json\/wp\/v2\/tags?post=24788"}],"curies":[{"name":"wp","href":"https:\/\/api.w.org\/{rel}","templated":true}]}}