{"id":24784,"date":"2025-07-08T13:01:13","date_gmt":"2025-07-08T16:01:13","guid":{"rendered":"https:\/\/novosaopaulo.com.br\/n1\/?p=24784"},"modified":"2025-07-08T13:01:13","modified_gmt":"2025-07-08T16:01:13","slug":"festa-de-santana-preserva-fe-e-identidade-mogiana-ha-mais-de-quatro-seculos","status":"publish","type":"post","link":"https:\/\/novosaopaulo.com.br\/n1\/festa-de-santana-preserva-fe-e-identidade-mogiana-ha-mais-de-quatro-seculos\/","title":{"rendered":"Festa de Sant\u2019Ana preserva f\u00e9 e identidade mogiana h\u00e1 mais de quatro s\u00e9culos"},"content":{"rendered":"\n<p>Celebra\u00e7\u00e3o acontece de 11 a 27 de julho e fortalece la\u00e7os espirituais e culturais em Mogi das Cruzes.<\/p>\n\n\n\n<p>Mais que um evento religioso, a Festa de Sant\u2019Ana, que ser\u00e1 realizada entre os dias 11 e 27 de julho de 2025, \u00e9 um marco hist\u00f3rico e espiritual para Mogi das Cruzes. Desde 1611, a Padroeira da cidade \u00e9 celebrada como s\u00edmbolo de prote\u00e7\u00e3o, devo\u00e7\u00e3o e uni\u00e3o do povo mogiano, com uma programa\u00e7\u00e3o que une rituais de f\u00e9, solidariedade, cultura popular e religiosidade comunit\u00e1ria.<\/p>\n\n\n\n<p>Ao longo de mais de quatro s\u00e9culos, a festa mant\u00e9m viva uma s\u00e9rie de tradi\u00e7\u00f5es profundamente enraizadas na cultura local, como o levantamento do mastro, a novena com padres de todas as regi\u00f5es da Diocese e a solene prociss\u00e3o com os andores de Sant\u2019Ana e S\u00e3o Joaquim, que percorre as ruas do centro hist\u00f3rico da cidade.<\/p>\n\n\n\n<p>Neste ano, a celebra\u00e7\u00e3o tamb\u00e9m ser\u00e1 iluminada pelo esp\u00edrito do Ano Jubilar de 2025, proclamado pelo Vaticano, com o tema &#8221; Peregrinos de Esperan\u00e7a\u201d. O tema convida fi\u00e9is de todas as idades a uma jornada de renova\u00e7\u00e3o da f\u00e9, esperan\u00e7a ativa e compromisso com a solidariedade.<\/p>\n\n\n\n<p>\u201c\u00c9 tempo de esperan\u00e7a e reconex\u00e3o com os valores que sustentam nossa f\u00e9 e nossa cidade. Sant\u2019Ana \u00e9 parte da identidade de Mogi\u201d, afirma o Padre Marcelo de Oliveira.<\/p>\n\n\n\n<p>A programa\u00e7\u00e3o completa da festa, incluindo missas, prociss\u00e3o, quermesse e eventos culturais, ser\u00e1 divulgada nos pr\u00f3ximos dias. Todas as atividades s\u00e3o gratuitas e abertas ao p\u00fablico.<\/p>\n\n\n\n<figure class=\"wp-block-image size-full\"><img fetchpriority=\"high\" decoding=\"async\" width=\"800\" height=\"533\" src=\"https:\/\/novosaopaulo.com.br\/n1\/wp-content\/uploads\/2025\/07\/WhatsApp-Image-2025-07-08-at-09.06.40.jpeg\" alt=\"\" class=\"wp-image-24786\" srcset=\"https:\/\/novosaopaulo.com.br\/n1\/wp-content\/uploads\/2025\/07\/WhatsApp-Image-2025-07-08-at-09.06.40.jpeg 800w, https:\/\/novosaopaulo.com.br\/n1\/wp-content\/uploads\/2025\/07\/WhatsApp-Image-2025-07-08-at-09.06.40-300x200.jpeg 300w, https:\/\/novosaopaulo.com.br\/n1\/wp-content\/uploads\/2025\/07\/WhatsApp-Image-2025-07-08-at-09.06.40-768x512.jpeg 768w\" sizes=\"(max-width: 800px) 100vw, 800px\" \/><\/figure>\n","protected":false},"excerpt":{"rendered":"<p>Celebra\u00e7\u00e3o acontece de 11 a 27 de julho e fortalece la\u00e7os espirituais e culturais em&#8230;<\/p>\n","protected":false},"author":1,"featured_media":24785,"comment_status":"open","ping_status":"open","sticky":false,"template":"","format":"standard","meta":{"footnotes":""},"categories":[34],"tags":[],"featured_image_urls":{"full":["https:\/\/novosaopaulo.com.br\/n1\/wp-content\/uploads\/2025\/07\/WhatsApp-Image-2025-07-08-at-09.06.39.jpeg",800,533,false],"thumbnail":["https:\/\/novosaopaulo.com.br\/n1\/wp-content\/uploads\/2025\/07\/WhatsApp-Image-2025-07-08-at-09.06.39-150x150.jpeg",150,150,true],"medium":["https:\/\/novosaopaulo.com.br\/n1\/wp-content\/uploads\/2025\/07\/WhatsApp-Image-2025-07-08-at-09.06.39-300x200.jpeg",300,200,true],"medium_large":["https:\/\/novosaopaulo.com.br\/n1\/wp-content\/uploads\/2025\/07\/WhatsApp-Image-2025-07-08-at-09.06.39-768x512.jpeg",640,427,true],"large":["https:\/\/novosaopaulo.com.br\/n1\/wp-content\/uploads\/2025\/07\/WhatsApp-Image-2025-07-08-at-09.06.39.jpeg",640,426,false],"1536x1536":["https:\/\/novosaopaulo.com.br\/n1\/wp-content\/uploads\/2025\/07\/WhatsApp-Image-2025-07-08-at-09.06.39.jpeg",800,533,false],"2048x2048":["https:\/\/novosaopaulo.com.br\/n1\/wp-content\/uploads\/2025\/07\/WhatsApp-Image-2025-07-08-at-09.06.39.jpeg",800,533,false],"newsever-slider-full":["https:\/\/novosaopaulo.com.br\/n1\/wp-content\/uploads\/2025\/07\/WhatsApp-Image-2025-07-08-at-09.06.39.jpeg",800,533,false],"newsever-featured":["https:\/\/novosaopaulo.com.br\/n1\/wp-content\/uploads\/2025\/07\/WhatsApp-Image-2025-07-08-at-09.06.39.jpeg",800,533,false],"newsever-medium":["https:\/\/novosaopaulo.com.br\/n1\/wp-content\/uploads\/2025\/07\/WhatsApp-Image-2025-07-08-at-09.06.39-720x475.jpeg",720,475,true]},"author_info":{"display_name":"Reda\u00e7\u00e3o","author_link":"https:\/\/novosaopaulo.com.br\/n1\/author\/g5poa\/"},"category_info":"<a href=\"https:\/\/novosaopaulo.com.br\/n1\/category\/alto-tiete\/\" rel=\"category tag\">Alto Tiet\u00ea<\/a>","tag_info":"Alto Tiet\u00ea","comment_count":"0","_links":{"self":[{"href":"https:\/\/novosaopaulo.com.br\/n1\/wp-json\/wp\/v2\/posts\/24784"}],"collection":[{"href":"https:\/\/novosaopaulo.com.br\/n1\/wp-json\/wp\/v2\/posts"}],"about":[{"href":"https:\/\/novosaopaulo.com.br\/n1\/wp-json\/wp\/v2\/types\/post"}],"author":[{"embeddable":true,"href":"https:\/\/novosaopaulo.com.br\/n1\/wp-json\/wp\/v2\/users\/1"}],"replies":[{"embeddable":true,"href":"https:\/\/novosaopaulo.com.br\/n1\/wp-json\/wp\/v2\/comments?post=24784"}],"version-history":[{"count":1,"href":"https:\/\/novosaopaulo.com.br\/n1\/wp-json\/wp\/v2\/posts\/24784\/revisions"}],"predecessor-version":[{"id":24787,"href":"https:\/\/novosaopaulo.com.br\/n1\/wp-json\/wp\/v2\/posts\/24784\/revisions\/24787"}],"wp:featuredmedia":[{"embeddable":true,"href":"https:\/\/novosaopaulo.com.br\/n1\/wp-json\/wp\/v2\/media\/24785"}],"wp:attachment":[{"href":"https:\/\/novosaopaulo.com.br\/n1\/wp-json\/wp\/v2\/media?parent=24784"}],"wp:term":[{"taxonomy":"category","embeddable":true,"href":"https:\/\/novosaopaulo.com.br\/n1\/wp-json\/wp\/v2\/categories?post=24784"},{"taxonomy":"post_tag","embeddable":true,"href":"https:\/\/novosaopaulo.com.br\/n1\/wp-json\/wp\/v2\/tags?post=24784"}],"curies":[{"name":"wp","href":"https:\/\/api.w.org\/{rel}","templated":true}]}}