{"id":24768,"date":"2025-07-07T12:40:54","date_gmt":"2025-07-07T15:40:54","guid":{"rendered":"https:\/\/novosaopaulo.com.br\/n1\/?p=24768"},"modified":"2025-07-07T12:40:54","modified_gmt":"2025-07-07T15:40:54","slug":"das-sacadas-de-diamantina-serenatas-invertidas-encantam-turistas-em-busca-de-bem-estar-e-lazer","status":"publish","type":"post","link":"https:\/\/novosaopaulo.com.br\/n1\/das-sacadas-de-diamantina-serenatas-invertidas-encantam-turistas-em-busca-de-bem-estar-e-lazer\/","title":{"rendered":"Das sacadas de Diamantina, serenatas invertidas encantam turistas em busca de bem-estar e lazer"},"content":{"rendered":"\n<p>DIAMANTINA (MG) \u2013 Uma serenata, ao contr\u00e1rio, anima as noites de Diamantina, no Vale do Jequitinhonha, em Minas Gerais. \u00c9 a Vesperata, espet\u00e1culo musical, onde m\u00fasicos se apresentam nas janelas e sacadas dos casar\u00f5es hist\u00f3ricos enquanto o p\u00fablico assiste ao show na rua. O evento \u00e9 realizado pela Prefeitura Municipal de Diamantina, com produ\u00e7\u00e3o da E&amp;B Produ\u00e7\u00f5es, Pulsar Brasil e patroc\u00ednio da CEMIG por meio da Lei Municipal de Incentivo \u00e0 Cultura. A cada apresenta\u00e7\u00e3o, os espet\u00e1culos na cidade atraem turistas vindos de todos os cantos do Brasil, assim como uma simples \u00f3pera \u00e9 capaz de levar um ouvinte ao s\u00e9culo XVIII.<\/p>\n\n\n\n<p>A experi\u00eancia come\u00e7a ao avistar pelo horizonte a despedida do sol, que ao mesmo tempo anuncia a chegada da alegria da noite: bem-vindos a Diamantina! A ideia da Vesperata na cidade surgiu com o objetivo de transportar o p\u00fablico \u00e0s tradicionais serenatas, muito comuns na cidade em d\u00e9cadas passadas, tradi\u00e7\u00e3o esta vinda da Europa. O cen\u00e1rio \u00e9 perfeito para fam\u00edlias que viajam a destinos em busca de bem-estar e lazer.<\/p>\n\n\n\n<p>\u201cEsse \u00e9 sem d\u00favidas, um espet\u00e1culo de tirar o f\u00f4lego, e fica ainda mais interessante que tudo acontece ao ar livre, trazendo a originalidade das serenatas, o contexto do belo, muito bem destacado pelas composi\u00e7\u00f5es e porque n\u00e3o da nossa arquitetura. Na verdade, a Vesperata \u00e9 uma serenata invertida, onde ao inv\u00e9s dos m\u00fasicos ficarem na rua, eles ficam do alto das sacadas de nossos casar\u00f5es hist\u00f3ricos. \u00c9 realmente algo indescrit\u00edvel\u201d, detalha o prefeito da cidade de Diamantina, Geferson Giordani Burgarelli.<\/p>\n\n\n\n<p>O grupo, formado por dezenas de m\u00fasicos, sob a reg\u00eancia do maestro que com a singelo comando de suas batutas, orquestram as apresenta\u00e7\u00f5es com um fren\u00e9tico ritmo musical que propaga pela famosa rua Quintanda, cujo o som \u00e9 poss\u00edvel ser apreciado das ruas vizinhas. N\u00e3o h\u00e1 fam\u00edlia, comerciante ou turista que resista \u00e0 anima\u00e7\u00e3o da banda.<\/p>\n\n\n\n<p>Para o prefeito, o som que propaga pela rua at\u00e9 parece que todo o cen\u00e1rio da tradicional via foi constru\u00eddo intencionalmente para este momento. \u201cTudo combina harmoniosamente e esse \u00e9 um dos mais interessantes aspectos que a nossa cultura de Diamantina se orgulha. Talvez pelo fato das sacadas dos casar\u00f5es serem posicionados em locais altos, d\u00e1 essa sensa\u00e7\u00e3o de evento, de algo novo por vir, de encantamento, e os nossos turistas sempre saem extasiados daqui\u201d, pontua.<\/p>\n\n\n\n<p>Para a diretora de Comunica\u00e7\u00e3o e Marketing da Cemig, Cristiana Kumaira, a apresenta\u00e7\u00e3o da Vesperata, em Diamantina, com o patroc\u00ednio da Companhia, refor\u00e7a o compromisso da empresa com a democratiza\u00e7\u00e3o e com a amplia\u00e7\u00e3o do acesso \u00e0s pr\u00e1ticas culturais.<\/p>\n\n\n\n<p>\u201cComo a maior incentivadora da cultura em Minas Gerais, a Cemig abra\u00e7a o setor em toda a sua diversidade e em suas m\u00faltiplas potencialidades. A realiza\u00e7\u00e3o da Vesperata reafirma essa cidade hist\u00f3rica, t\u00e3o importante para o nosso estado, como um relevante destino tur\u00edstico, impulsionando o setor e a economia da regi\u00e3o. Para n\u00f3s, da Cemig, \u00e9 uma grande alegria poder participar desse projeto, patrocinando essa atra\u00e7\u00e3o e fortalecendo a arte e a sua presen\u00e7a entre os mineiros\u201d, destacou.<\/p>\n\n\n\n<p>As primeiras vesperatas surgiram ainda em meados da d\u00e9cada de 1990, quando um grupo de amigos, reunidos em um bar, decidiu levar alguns m\u00fasicos para a sacada numa serenata ao contr\u00e1rio como uma forma de homenagem aos m\u00fasicos e a m\u00fasica da cena cultural. Foi quando viram que aquele acontecimento poderia se tornar um evento novo, voltado ao p\u00fablico local e tur\u00edstico, contudo, com obras musicais empolgantes.<\/p>\n\n\n\n<p>Para apreciar esse momento, o p\u00fablico pode adquirir os ingressos que j\u00e1 est\u00e3o dispon\u00edveis para venda na plataforma Sympla. A Vesperata \u00e9 um evento muito procurado pelo p\u00fablico, a dica da organiza\u00e7\u00e3o \u00e9 de que seja fundamental ficar atento ao in\u00edcio para n\u00e3o deixar para adquirir o ingresso para a \u00faltima hora, a fim de garantir a presen\u00e7a no espet\u00e1culo.<\/p>\n\n\n\n<p>Servi\u00e7o <strong><em><strong>_<\/strong><\/em><\/strong><br>Evento: Vesperata de Diamantina<br>Local: Rua da Quitanda, Diamantina, MG<br>Ingressos: Dispon\u00edveis clicando aqui. (vendas sujeitas a esgotamento r\u00e1pido devido \u00e0 alta demanda)<br>Organiza\u00e7\u00e3o: E&amp;B Produ\u00e7\u00f5es<br>Promo\u00e7\u00e3o: Prefeitura de Diamantina<\/p>\n","protected":false},"excerpt":{"rendered":"<p>DIAMANTINA (MG) \u2013 Uma serenata, ao contr\u00e1rio, anima as noites de Diamantina, no Vale do&#8230;<\/p>\n","protected":false},"author":1,"featured_media":24769,"comment_status":"open","ping_status":"open","sticky":false,"template":"","format":"standard","meta":{"footnotes":""},"categories":[2],"tags":[],"featured_image_urls":{"full":["https:\/\/novosaopaulo.com.br\/n1\/wp-content\/uploads\/2025\/07\/WhatsApp-Image-2025-07-07-at-12.12.45.jpeg",1280,853,false],"thumbnail":["https:\/\/novosaopaulo.com.br\/n1\/wp-content\/uploads\/2025\/07\/WhatsApp-Image-2025-07-07-at-12.12.45-150x150.jpeg",150,150,true],"medium":["https:\/\/novosaopaulo.com.br\/n1\/wp-content\/uploads\/2025\/07\/WhatsApp-Image-2025-07-07-at-12.12.45-300x200.jpeg",300,200,true],"medium_large":["https:\/\/novosaopaulo.com.br\/n1\/wp-content\/uploads\/2025\/07\/WhatsApp-Image-2025-07-07-at-12.12.45-768x512.jpeg",640,427,true],"large":["https:\/\/novosaopaulo.com.br\/n1\/wp-content\/uploads\/2025\/07\/WhatsApp-Image-2025-07-07-at-12.12.45-1024x682.jpeg",640,426,true],"1536x1536":["https:\/\/novosaopaulo.com.br\/n1\/wp-content\/uploads\/2025\/07\/WhatsApp-Image-2025-07-07-at-12.12.45.jpeg",1280,853,false],"2048x2048":["https:\/\/novosaopaulo.com.br\/n1\/wp-content\/uploads\/2025\/07\/WhatsApp-Image-2025-07-07-at-12.12.45.jpeg",1280,853,false],"newsever-slider-full":["https:\/\/novosaopaulo.com.br\/n1\/wp-content\/uploads\/2025\/07\/WhatsApp-Image-2025-07-07-at-12.12.45-1280x845.jpeg",1280,845,true],"newsever-featured":["https:\/\/novosaopaulo.com.br\/n1\/wp-content\/uploads\/2025\/07\/WhatsApp-Image-2025-07-07-at-12.12.45-1024x682.jpeg",1024,682,true],"newsever-medium":["https:\/\/novosaopaulo.com.br\/n1\/wp-content\/uploads\/2025\/07\/WhatsApp-Image-2025-07-07-at-12.12.45-720x475.jpeg",720,475,true]},"author_info":{"display_name":"Reda\u00e7\u00e3o","author_link":"https:\/\/novosaopaulo.com.br\/n1\/author\/g5poa\/"},"category_info":"<a href=\"https:\/\/novosaopaulo.com.br\/n1\/category\/cidades\/\" rel=\"category tag\">Cidades<\/a>","tag_info":"Cidades","comment_count":"0","_links":{"self":[{"href":"https:\/\/novosaopaulo.com.br\/n1\/wp-json\/wp\/v2\/posts\/24768"}],"collection":[{"href":"https:\/\/novosaopaulo.com.br\/n1\/wp-json\/wp\/v2\/posts"}],"about":[{"href":"https:\/\/novosaopaulo.com.br\/n1\/wp-json\/wp\/v2\/types\/post"}],"author":[{"embeddable":true,"href":"https:\/\/novosaopaulo.com.br\/n1\/wp-json\/wp\/v2\/users\/1"}],"replies":[{"embeddable":true,"href":"https:\/\/novosaopaulo.com.br\/n1\/wp-json\/wp\/v2\/comments?post=24768"}],"version-history":[{"count":1,"href":"https:\/\/novosaopaulo.com.br\/n1\/wp-json\/wp\/v2\/posts\/24768\/revisions"}],"predecessor-version":[{"id":24770,"href":"https:\/\/novosaopaulo.com.br\/n1\/wp-json\/wp\/v2\/posts\/24768\/revisions\/24770"}],"wp:featuredmedia":[{"embeddable":true,"href":"https:\/\/novosaopaulo.com.br\/n1\/wp-json\/wp\/v2\/media\/24769"}],"wp:attachment":[{"href":"https:\/\/novosaopaulo.com.br\/n1\/wp-json\/wp\/v2\/media?parent=24768"}],"wp:term":[{"taxonomy":"category","embeddable":true,"href":"https:\/\/novosaopaulo.com.br\/n1\/wp-json\/wp\/v2\/categories?post=24768"},{"taxonomy":"post_tag","embeddable":true,"href":"https:\/\/novosaopaulo.com.br\/n1\/wp-json\/wp\/v2\/tags?post=24768"}],"curies":[{"name":"wp","href":"https:\/\/api.w.org\/{rel}","templated":true}]}}