{"id":24754,"date":"2025-07-05T22:31:58","date_gmt":"2025-07-06T01:31:58","guid":{"rendered":"https:\/\/novosaopaulo.com.br\/n1\/?p=24754"},"modified":"2025-07-05T22:31:58","modified_gmt":"2025-07-06T01:31:58","slug":"com-michelle-bolsonaro-e-rosana-valle-pl-mulher-reune-multidao-em-guarulhos-sp-bolsonaro-participa-por-chamada-de-video","status":"publish","type":"post","link":"https:\/\/novosaopaulo.com.br\/n1\/com-michelle-bolsonaro-e-rosana-valle-pl-mulher-reune-multidao-em-guarulhos-sp-bolsonaro-participa-por-chamada-de-video\/","title":{"rendered":"Com Michelle Bolsonaro e Rosana Valle, PL Mulher re\u00fane multid\u00e3o em Guarulhos-SP; Bolsonaro participa por chamada de v\u00eddeo"},"content":{"rendered":"\n<p>Encontro &#8220;Juntas Transformando o Brasil&#8221; refor\u00e7ou o protagonismo feminino da legenda no estado de S\u00e3o Paulo; para Valdemar Costa Neto, miss\u00e3o do PL \u00e9 ampliar em 40% a representatividade feminina nas elei\u00e7\u00f5es de 2026<\/p>\n\n\n\n<p>O PL Mulher de S\u00e3o Paulo promoveu neste s\u00e1bado (5\/7), em Guarulhos-SP, um dos eventos mais expressivos de sua hist\u00f3ria. O \u201cGrande Encontro do PL Mulher Nacional &#8211; Juntas, Transformando o Brasil\u201d, abrigado no Espa\u00e7o Inter, reuniu mais de mil pessoas, em sua maioria mulheres vindas de diversas regi\u00f5es do estado e do Pa\u00eds. Com a presidente da Executiva Estadual do PL Mulher de S\u00e3o Paulo, deputada federal Rosana Valle (PL-SP), na qualidade de anfitri\u00e3, o encontro recebeu a presidente nacional do PL Mulher, a ex-primeira-dama da Rep\u00fablica Michelle Bolsonaro, e contou, ainda, com a participa\u00e7\u00e3o, por chamada de v\u00eddeo, do ex-presidente Jair Bolsonaro (PL), e de diversas lideran\u00e7as do partido.<\/p>\n\n\n\n<p>Com foco na mobiliza\u00e7\u00e3o feminina, na forma\u00e7\u00e3o de lideran\u00e7as e na prepara\u00e7\u00e3o para as elei\u00e7\u00f5es de 2026, o evento teve car\u00e1ter estrat\u00e9gico para o fortalecimento de mandatos e de futuras candidaturas e para a valoriza\u00e7\u00e3o de maior protagonismo feminino na sigla.<\/p>\n\n\n\n<p>Em seu segundo mandato no Congresso Nacional, Rosana, articuladora da expans\u00e3o do PL Mulher bandeirante, disse estar otimista por uma maior representatividade feminina no pleito de 2026. Em palestra sobre Comunica\u00e7\u00e3o, a liberal, jornalista por forma\u00e7\u00e3o, refor\u00e7ou a import\u00e2ncia da atua\u00e7\u00e3o das mulheres na Pol\u00edtica com base em valores, na f\u00e9 e na conex\u00e3o com a realidade do povo:<\/p>\n\n\n\n<p>\u201cEstamos mostrando que a mulher do PL est\u00e1 pronta para liderar com firmeza e empatia. Este encontro demonstra a for\u00e7a da nossa uni\u00e3o e a vontade de fazer Pol\u00edtica com prop\u00f3sito. Vamos ampliar nossa atua\u00e7\u00e3o em todo o estado de S\u00e3o Paulo e construir um novo cen\u00e1rio com cada vez mais mulheres no poder. A Direita sabe se organizar e se mobilizar para tanto\u201d, destacou a congressista.<\/p>\n\n\n\n<p>Sob forte emo\u00e7\u00e3o, Michelle exaltou para as mais de mil pessoas presentes o papel da mulher como agente de transforma\u00e7\u00e3o social, a necess\u00e1ria retomada de \u201cvalores do bem\u201d no Brasil e a amplia\u00e7\u00e3o da inclus\u00e3o social:<\/p>\n\n\n\n<p>\u201cA mulher tem um olhar \u00fanico, sens\u00edvel e necess\u00e1rio. \u00c9 preciso resgatar os princ\u00edpios da f\u00e9, da fam\u00edlia, da compaix\u00e3o. E a mulher tem esse dom de perceber e de acolher os mais sens\u00edveis \u2014 como os autistas e as pessoas com defici\u00eancia. A Pol\u00edtica precisa disso: de um olhar feminino, mais humano e justo\u201d, declarou a ex-primeira-dama da Rep\u00fablica e presidente do PL Mulher Nacional.<\/p>\n\n\n\n<p>Em repouso por ordem m\u00e9dica por um m\u00eas em raz\u00e3o de uma esofagite, Bolsonaro participou do encontro abrigado neste s\u00e1bado, no Espa\u00e7o Inter, por chamada de v\u00eddeo. Ao som do coro \u201cvolta, Bolsonaro\u201d e \u201cmito\u201d, o hoje presidente de Honra do PL saudou o p\u00fablico e elogiou Rosana e Michelle pelo trabalho empreendido pelo Brasil e no estado paulista em prol do movimento feminino da sigla:<\/p>\n\n\n\n<p>\u201cParab\u00e9ns a todas as mulheres por se dedicarem \u00e0 Pol\u00edtica; por buscarem entrar na Pol\u00edtica n\u00e3o por cota, mas por vontade de participar do destino de seus munic\u00edpios, do estado e do Pa\u00eds\u201d, declarou o capit\u00e3o.<\/p>\n\n\n\n<p>Ladeado pela esposa, a presidente do PL Mulher de Mogi das Cruzes-SP, Dana Vidal Costa, o presidente da Executiva Nacional do PL, Valdemar Costa Neto, destacou a miss\u00e3o de ampliar, em pelo menos 40%, a representatividade feminina na corrida eleitoral de 2026:<\/p>\n\n\n\n<p>\u201cDurante muito tempo, as mulheres n\u00e3o se interessaram por Pol\u00edtica. Mas isso mudou. Hoje, a mulher est\u00e1 preparada, tem sensibilidade e um papel fundamental nesta seara. Nosso compromisso, no PL, \u00e9 garantir que o p\u00fablico feminino ocupe os espa\u00e7os de destaque que merece\u201d, concluiu Costa Neto.<\/p>\n\n\n\n<p>Lideran\u00e7as de peso<br>O grupo principal de trabalhos do \u201cGrande Encontro do PL Mulher Nacional &#8211; Juntas, Transformando o Brasil\u201d foi formado por diversas autoridades e lideran\u00e7as da agremia\u00e7\u00e3o.<\/p>\n\n\n\n<p>Representando o Congresso Nacional, participaram do evento no palco os deputados federais M\u00e1rcio Alvino, Mission\u00e1rio Jos\u00e9 Ol\u00edmpio e Capit\u00e3o Augusto Rosa. Pelo Governo do Estado de S\u00e3o Paulo, esteve a secret\u00e1ria da Mulher, Val\u00e9ria Bolsonaro &#8211; deputada estadual licenciada.<\/p>\n\n\n\n<p>J\u00e1 a Assembleia Legislativa foi representada pelos deputados estaduais Marcos Dam\u00e1sio, Dani Alonso e Let\u00edcia Aguiar. Do Executivo municipal, marcaram presen\u00e7a o prefeito de Guarulhos-SP, Lucas Sanches; a primeira-dama da cidade, Caroline Sanches; e a vice-prefeita de Ja\u00fa, Juliana Fabre. A vereadora de S\u00e3o Paulo-SP Sonaira Fernandes tamb\u00e9m refor\u00e7ou o protocolo.<\/p>\n\n\n\n<p>Entre as lideran\u00e7as da sigla, ainda estiveram no grupo principal de trabalhos a secret\u00e1ria nacional do PL Mulher, Ana Mun\u00f5z; o presidente estadual do PL-SP, Jos\u00e9 Tadeu Candel\u00e1ria; e a vice-presidente do PL Integra\u00e7\u00e3o, Paula Cust\u00f3rio, a Preta Conservadora.<\/p>\n\n\n\n<p>Os deputados estaduais Matheus Coimbra Martins de Aguiar, o Tenente Coimbra, Danilo de Mascarenhas Balas, e Andr\u00e9 Bueno tamb\u00e9m marcaram presen\u00e7a no encontro, em Guarulhos-SP.<\/p>\n\n\n\n<figure class=\"wp-block-gallery has-nested-images columns-default is-cropped wp-block-gallery-1 is-layout-flex wp-block-gallery-is-layout-flex\">\n<figure class=\"wp-block-image size-large\"><img fetchpriority=\"high\" decoding=\"async\" width=\"1024\" height=\"576\" data-id=\"24758\" src=\"https:\/\/novosaopaulo.com.br\/n1\/wp-content\/uploads\/2025\/07\/WhatsApp-Image-2025-07-05-at-20.33.04-1-1024x576.jpeg\" alt=\"\" class=\"wp-image-24758\" srcset=\"https:\/\/novosaopaulo.com.br\/n1\/wp-content\/uploads\/2025\/07\/WhatsApp-Image-2025-07-05-at-20.33.04-1-1024x576.jpeg 1024w, https:\/\/novosaopaulo.com.br\/n1\/wp-content\/uploads\/2025\/07\/WhatsApp-Image-2025-07-05-at-20.33.04-1-300x169.jpeg 300w, https:\/\/novosaopaulo.com.br\/n1\/wp-content\/uploads\/2025\/07\/WhatsApp-Image-2025-07-05-at-20.33.04-1-768x432.jpeg 768w, https:\/\/novosaopaulo.com.br\/n1\/wp-content\/uploads\/2025\/07\/WhatsApp-Image-2025-07-05-at-20.33.04-1.jpeg 1280w\" sizes=\"(max-width: 1024px) 100vw, 1024px\" \/><\/figure>\n\n\n\n<figure class=\"wp-block-image size-large\"><img decoding=\"async\" width=\"1024\" height=\"576\" data-id=\"24757\" src=\"https:\/\/novosaopaulo.com.br\/n1\/wp-content\/uploads\/2025\/07\/WhatsApp-Image-2025-07-05-at-20.33.04-1024x576.jpeg\" alt=\"\" class=\"wp-image-24757\" srcset=\"https:\/\/novosaopaulo.com.br\/n1\/wp-content\/uploads\/2025\/07\/WhatsApp-Image-2025-07-05-at-20.33.04-1024x576.jpeg 1024w, https:\/\/novosaopaulo.com.br\/n1\/wp-content\/uploads\/2025\/07\/WhatsApp-Image-2025-07-05-at-20.33.04-300x169.jpeg 300w, https:\/\/novosaopaulo.com.br\/n1\/wp-content\/uploads\/2025\/07\/WhatsApp-Image-2025-07-05-at-20.33.04-768x432.jpeg 768w, https:\/\/novosaopaulo.com.br\/n1\/wp-content\/uploads\/2025\/07\/WhatsApp-Image-2025-07-05-at-20.33.04.jpeg 1280w\" sizes=\"(max-width: 1024px) 100vw, 1024px\" \/><\/figure>\n\n\n\n<figure class=\"wp-block-image size-large\"><img decoding=\"async\" width=\"1024\" height=\"768\" data-id=\"24756\" src=\"https:\/\/novosaopaulo.com.br\/n1\/wp-content\/uploads\/2025\/07\/WhatsApp-Image-2025-07-05-at-20.33.03-2-1024x768.jpeg\" alt=\"\" class=\"wp-image-24756\" srcset=\"https:\/\/novosaopaulo.com.br\/n1\/wp-content\/uploads\/2025\/07\/WhatsApp-Image-2025-07-05-at-20.33.03-2-1024x768.jpeg 1024w, https:\/\/novosaopaulo.com.br\/n1\/wp-content\/uploads\/2025\/07\/WhatsApp-Image-2025-07-05-at-20.33.03-2-300x225.jpeg 300w, https:\/\/novosaopaulo.com.br\/n1\/wp-content\/uploads\/2025\/07\/WhatsApp-Image-2025-07-05-at-20.33.03-2-768x576.jpeg 768w, https:\/\/novosaopaulo.com.br\/n1\/wp-content\/uploads\/2025\/07\/WhatsApp-Image-2025-07-05-at-20.33.03-2.jpeg 1280w\" sizes=\"(max-width: 1024px) 100vw, 1024px\" \/><\/figure>\n\n\n\n<figure class=\"wp-block-image size-large\"><img loading=\"lazy\" decoding=\"async\" width=\"1024\" height=\"598\" data-id=\"24755\" src=\"https:\/\/novosaopaulo.com.br\/n1\/wp-content\/uploads\/2025\/07\/WhatsApp-Image-2025-07-05-at-20.33.03-1-1024x598.jpeg\" alt=\"\" class=\"wp-image-24755\" srcset=\"https:\/\/novosaopaulo.com.br\/n1\/wp-content\/uploads\/2025\/07\/WhatsApp-Image-2025-07-05-at-20.33.03-1-1024x598.jpeg 1024w, https:\/\/novosaopaulo.com.br\/n1\/wp-content\/uploads\/2025\/07\/WhatsApp-Image-2025-07-05-at-20.33.03-1-300x175.jpeg 300w, https:\/\/novosaopaulo.com.br\/n1\/wp-content\/uploads\/2025\/07\/WhatsApp-Image-2025-07-05-at-20.33.03-1-768x449.jpeg 768w, https:\/\/novosaopaulo.com.br\/n1\/wp-content\/uploads\/2025\/07\/WhatsApp-Image-2025-07-05-at-20.33.03-1.jpeg 1280w\" sizes=\"(max-width: 1024px) 100vw, 1024px\" \/><\/figure>\n\n\n\n<figure class=\"wp-block-image size-large\"><img loading=\"lazy\" decoding=\"async\" width=\"1024\" height=\"576\" data-id=\"24759\" src=\"https:\/\/novosaopaulo.com.br\/n1\/wp-content\/uploads\/2025\/07\/WhatsApp-Image-2025-07-05-at-20.33.03-1024x576.jpeg\" alt=\"\" class=\"wp-image-24759\" srcset=\"https:\/\/novosaopaulo.com.br\/n1\/wp-content\/uploads\/2025\/07\/WhatsApp-Image-2025-07-05-at-20.33.03-1024x576.jpeg 1024w, https:\/\/novosaopaulo.com.br\/n1\/wp-content\/uploads\/2025\/07\/WhatsApp-Image-2025-07-05-at-20.33.03-300x169.jpeg 300w, https:\/\/novosaopaulo.com.br\/n1\/wp-content\/uploads\/2025\/07\/WhatsApp-Image-2025-07-05-at-20.33.03-768x432.jpeg 768w, https:\/\/novosaopaulo.com.br\/n1\/wp-content\/uploads\/2025\/07\/WhatsApp-Image-2025-07-05-at-20.33.03.jpeg 1280w\" sizes=\"(max-width: 1024px) 100vw, 1024px\" \/><\/figure>\n<\/figure>\n","protected":false},"excerpt":{"rendered":"<p>Encontro &#8220;Juntas Transformando o Brasil&#8221; refor\u00e7ou o protagonismo feminino da legenda no estado de S\u00e3o&#8230;<\/p>\n","protected":false},"author":1,"featured_media":24755,"comment_status":"open","ping_status":"open","sticky":false,"template":"","format":"standard","meta":{"footnotes":""},"categories":[2],"tags":[],"featured_image_urls":{"full":["https:\/\/novosaopaulo.com.br\/n1\/wp-content\/uploads\/2025\/07\/WhatsApp-Image-2025-07-05-at-20.33.03-1.jpeg",1280,748,false],"thumbnail":["https:\/\/novosaopaulo.com.br\/n1\/wp-content\/uploads\/2025\/07\/WhatsApp-Image-2025-07-05-at-20.33.03-1-150x150.jpeg",150,150,true],"medium":["https:\/\/novosaopaulo.com.br\/n1\/wp-content\/uploads\/2025\/07\/WhatsApp-Image-2025-07-05-at-20.33.03-1-300x175.jpeg",300,175,true],"medium_large":["https:\/\/novosaopaulo.com.br\/n1\/wp-content\/uploads\/2025\/07\/WhatsApp-Image-2025-07-05-at-20.33.03-1-768x449.jpeg",640,374,true],"large":["https:\/\/novosaopaulo.com.br\/n1\/wp-content\/uploads\/2025\/07\/WhatsApp-Image-2025-07-05-at-20.33.03-1-1024x598.jpeg",640,374,true],"1536x1536":["https:\/\/novosaopaulo.com.br\/n1\/wp-content\/uploads\/2025\/07\/WhatsApp-Image-2025-07-05-at-20.33.03-1.jpeg",1280,748,false],"2048x2048":["https:\/\/novosaopaulo.com.br\/n1\/wp-content\/uploads\/2025\/07\/WhatsApp-Image-2025-07-05-at-20.33.03-1.jpeg",1280,748,false],"newsever-slider-full":["https:\/\/novosaopaulo.com.br\/n1\/wp-content\/uploads\/2025\/07\/WhatsApp-Image-2025-07-05-at-20.33.03-1.jpeg",1280,748,false],"newsever-featured":["https:\/\/novosaopaulo.com.br\/n1\/wp-content\/uploads\/2025\/07\/WhatsApp-Image-2025-07-05-at-20.33.03-1-1024x598.jpeg",1024,598,true],"newsever-medium":["https:\/\/novosaopaulo.com.br\/n1\/wp-content\/uploads\/2025\/07\/WhatsApp-Image-2025-07-05-at-20.33.03-1-720x475.jpeg",720,475,true]},"author_info":{"display_name":"Reda\u00e7\u00e3o","author_link":"https:\/\/novosaopaulo.com.br\/n1\/author\/g5poa\/"},"category_info":"<a href=\"https:\/\/novosaopaulo.com.br\/n1\/category\/cidades\/\" rel=\"category tag\">Cidades<\/a>","tag_info":"Cidades","comment_count":"0","_links":{"self":[{"href":"https:\/\/novosaopaulo.com.br\/n1\/wp-json\/wp\/v2\/posts\/24754"}],"collection":[{"href":"https:\/\/novosaopaulo.com.br\/n1\/wp-json\/wp\/v2\/posts"}],"about":[{"href":"https:\/\/novosaopaulo.com.br\/n1\/wp-json\/wp\/v2\/types\/post"}],"author":[{"embeddable":true,"href":"https:\/\/novosaopaulo.com.br\/n1\/wp-json\/wp\/v2\/users\/1"}],"replies":[{"embeddable":true,"href":"https:\/\/novosaopaulo.com.br\/n1\/wp-json\/wp\/v2\/comments?post=24754"}],"version-history":[{"count":1,"href":"https:\/\/novosaopaulo.com.br\/n1\/wp-json\/wp\/v2\/posts\/24754\/revisions"}],"predecessor-version":[{"id":24760,"href":"https:\/\/novosaopaulo.com.br\/n1\/wp-json\/wp\/v2\/posts\/24754\/revisions\/24760"}],"wp:featuredmedia":[{"embeddable":true,"href":"https:\/\/novosaopaulo.com.br\/n1\/wp-json\/wp\/v2\/media\/24755"}],"wp:attachment":[{"href":"https:\/\/novosaopaulo.com.br\/n1\/wp-json\/wp\/v2\/media?parent=24754"}],"wp:term":[{"taxonomy":"category","embeddable":true,"href":"https:\/\/novosaopaulo.com.br\/n1\/wp-json\/wp\/v2\/categories?post=24754"},{"taxonomy":"post_tag","embeddable":true,"href":"https:\/\/novosaopaulo.com.br\/n1\/wp-json\/wp\/v2\/tags?post=24754"}],"curies":[{"name":"wp","href":"https:\/\/api.w.org\/{rel}","templated":true}]}}