{"id":24745,"date":"2025-07-05T16:06:40","date_gmt":"2025-07-05T19:06:40","guid":{"rendered":"https:\/\/novosaopaulo.com.br\/n1\/?p=24745"},"modified":"2025-07-05T16:06:41","modified_gmt":"2025-07-05T19:06:41","slug":"lacerdine-galeria-agita-no-dia-12-7-a-programacao-com-a-festa-julinarte-banda-de-forro-de-rabeca-e-sanfona-2","status":"publish","type":"post","link":"https:\/\/novosaopaulo.com.br\/n1\/lacerdine-galeria-agita-no-dia-12-7-a-programacao-com-a-festa-julinarte-banda-de-forro-de-rabeca-e-sanfona-2\/","title":{"rendered":"Lacerdine Galeria agita no dia 12\/7 a programa\u00e7\u00e3o com a Festa Julinarte, banda de forr\u00f3 de rabeca e sanfona"},"content":{"rendered":"\n<p>No mesmo dia, abertura da exposi\u00e7\u00e3o de pintura Na\u00eff de Henry Victor e Tape\u00e7aria Na\u00eff de Ane Mari<\/p>\n\n\n\n<p>S\u00e1bado, dia 12 de julho, em uma celebra\u00e7\u00e3o da cultura brasileira, a Lacerdine Galeria de Arte realiza a Festa Julinarte \u2013 Festa Julina com Arte, que ter\u00e1 entre as atra\u00e7\u00f5es a banda de forr\u00f3, de rabeca e sanfona, com a violinista, rabequeira e arte educadora Carla Raiza; na zabumba e percuss\u00e3o Gabi Silveira; e no viol\u00e3o 7 cordas Gabriel Moreira. Na festa, comidas t\u00edpicas &#8211; tropeiro, pamonha, canjica, bolo de milho, p\u00e9-de-moleque e muito mais. Tamb\u00e9m ter\u00e1 a tradicional quadrilha. \u201cA ideia \u00e9 de ser uma festa popular brasileira, com brincadeiras caracter\u00edsticas do Nordeste, manifesta\u00e7\u00f5es artistas e culturais. Ter\u00e1 o melhor da culin\u00e1ria regional. Ser\u00e1 uma mescla de arte, cultura e a tradi\u00e7\u00e3o junina de uma maneira \u00fanica!\u201d, diz o artista expressionista contempor\u00e2neo Geraldo Lacerdine, respons\u00e1vel pela galeria.<\/p>\n\n\n\n<p>No mesmo dia acontece a abertura da Exposi\u00e7\u00e3o de pintura Na\u00eff de Henry Victor e Tape\u00e7aria Na\u00eff de Ane Mari\u2013 vai at\u00e9 o dia 30\/07. As pinturas de Henry Victor encantam com suas cores intensas. Ane Mari, por sua vez, traz a delicadeza da tape\u00e7aria na\u00eff. A exposi\u00e7\u00e3o \u00e9 um convite para redescobrir o mundo atrav\u00e9s de uma est\u00e9tica despretensiosa, marcada pela autenticidade e pelo encanto da arte brasileira. \u201cO objetivo fundamental \u00e9 ressaltar as festas e culturas brasileiras a partir de uma exposi\u00e7\u00e3o de arte Naif\u201d, completa o Lacerdine.<\/p>\n\n\n\n<p>Annemarie Hoffman Spatz &#8211; Nascida em S\u00e3o Paulo, a artista pl\u00e1stica se dedica, al\u00e9m da pintura, ao desenho, aquarela e tape\u00e7aria. Exp\u00f5e desde 1965, com participa\u00e7\u00f5es em Exposi\u00e7\u00f5es Munster (Alemanha), Paris (Fran\u00e7a), Sintra (Portugal), Dubai (Emirados \u00c1rabes), no Forte Copacabana, no Rio de Janeiro e no Chapel Art Show, em S\u00e3o Paulo. Em 1985 uniu-se a outros artistas, fundando o Centro Paulista de Tape\u00e7aria. Integrou, tamb\u00e9m, o N\u00facleo Paulista de Tape\u00e7aria e o grupo artista Trama. Sua arte percorre todas as linguagens art\u00edsticas, com um estilo pessoal que real\u00e7a volumes e cores em suas telas. \u00c9 autodidata e desenvolve, na tape\u00e7aria, uma t\u00e9cnica com acentuado car\u00e1ter tropical, utilizando imagens de nossa fauna e flora.<\/p>\n\n\n\n<p>Henry Vitor &#8211; Com expressiva participa\u00e7\u00e3o no mercado de arte nacional e internacional, nasceu em Guaxup\u00e9 (MG), em 1939, e vive em S\u00e3o Paulo. Descendente da fam\u00edlia Puntel, que trocou o Norte da It\u00e1lia pela Mantiqueira, Henry confirma a voca\u00e7\u00e3o art\u00edstica recorrente nos seus familiares. Ao tirar partido de uma atmosfera de impactante luminosidade, recria as paisagens de maneira on\u00edrica. Tudo parece encantado em sua pintura, tocada poeticamente pela composi\u00e7\u00e3o ing\u00eanua das cenas que se sucedem no imagin\u00e1rio na\u00eff do autor. O artista reconhece o doce envolvimento que o transporta a uma Minas encantada.<\/p>\n\n\n\n<p>F\u00e9rias de Julho \u2013 Uma programa\u00e7\u00e3o diferenciada para as crian\u00e7as que curtem as f\u00e9rias escolares na capital s\u00e3o as Visitas Guiadas. Na galeria acontecem diariamente, das 16h \u00e0s 19h, as visitas guiadas gratuitas que permitem que elas explorem o universo das artes visuais de forma interativa. Durante o passeio, podem observar obras de diferentes estilos e artistas, aprender sobre t\u00e9cnicas art\u00edsticas e descobrir o significado por tr\u00e1s das cria\u00e7\u00f5es. Guiadas por um mediador especializado, as crian\u00e7as s\u00e3o incentivadas a fazer perguntas, compartilhar impress\u00f5es e desenvolver um olhar cr\u00edtico e sens\u00edvel para o mundo da arte.<\/p>\n\n\n\n<p>Lacerdine Galeria de Arte &#8211; Com 400 m2, a galeria abriga o Caf\u00e9 Falasartes, com menu variado de salgados e doces. A proposta \u00e9 ser um espa\u00e7o para diversas manifesta\u00e7\u00f5es culturais, al\u00e9m de exposi\u00e7\u00f5es de arte,<br>tamb\u00e9m apresenta\u00e7\u00f5es musicais, de teatro, e literatura, al\u00e9m de festas diversas, com atra\u00e7\u00f5es ao p\u00fablico em geral.<\/p>\n\n\n\n<p>Geraldo Lacerdine \u2013 Mineiro, se dedica a arte h\u00e1 mais de 25 anos. Com uma trajet\u00f3ria consolidada no ambiente cultural nacional e internacional, e com mais de 250 obras produzidas, j\u00e1 realizou exposi\u00e7\u00f5es no Brasil, em Portugal; It\u00e1lia e Fran\u00e7a. \u00c9 ex-padre da Ordem dos Jesu\u00edtas e por anos atuou<br>como diretor de comunica\u00e7\u00e3o da ANEAS \u2013 Rede Jesu\u00edta de Educa\u00e7\u00e3o e na dire\u00e7\u00e3o do Col\u00e9gio S\u00e3o Lu\u00eds, em S\u00e3o Paulo.<\/p>\n\n\n\n<p>LACERDINE GALERIA DE ARTE<br>Festa Julinarte \u2013 dia 12\/7, das 18h \u00e0s 22h<br>Exposi\u00e7\u00e3o: Arte Naif \u2013 de 12\/07 at\u00e9 30\/7 (visita\u00e7\u00e3o gratuita a partir de 13\/7)<br>Visitas Guiadas \u2013 diariamente, das 16h \u00e0s 19h<br>Ingressos para a Julinarte AQUI -R$ 30 por pessoa (meia entrada &#8211; R$ 15 para crian\u00e7as at\u00e9 12 anos). O ingresso vale um caldo ou uma canjica.<br>Local: Avenida Ang\u00e9lica, 2578 \u2013 Higien\u00f3polis<br>Funcionamento di\u00e1rio da galeria: 8h \u00e0s 20h (exceto em dias de evento)<br>Organiza\u00e7\u00e3o: Curadoria de Geraldo Lacerdine\/ Instagram: @lacerdine<\/p>\n","protected":false},"excerpt":{"rendered":"<p>No mesmo dia, abertura da exposi\u00e7\u00e3o de pintura Na\u00eff de Henry Victor e Tape\u00e7aria Na\u00eff&#8230;<\/p>\n","protected":false},"author":1,"featured_media":0,"comment_status":"open","ping_status":"open","sticky":false,"template":"","format":"standard","meta":{"footnotes":""},"categories":[2],"tags":[],"featured_image_urls":{"full":"","thumbnail":"","medium":"","medium_large":"","large":"","1536x1536":"","2048x2048":"","newsever-slider-full":"","newsever-featured":"","newsever-medium":""},"author_info":{"display_name":"Reda\u00e7\u00e3o","author_link":"https:\/\/novosaopaulo.com.br\/n1\/author\/g5poa\/"},"category_info":"<a href=\"https:\/\/novosaopaulo.com.br\/n1\/category\/cidades\/\" rel=\"category tag\">Cidades<\/a>","tag_info":"Cidades","comment_count":"0","_links":{"self":[{"href":"https:\/\/novosaopaulo.com.br\/n1\/wp-json\/wp\/v2\/posts\/24745"}],"collection":[{"href":"https:\/\/novosaopaulo.com.br\/n1\/wp-json\/wp\/v2\/posts"}],"about":[{"href":"https:\/\/novosaopaulo.com.br\/n1\/wp-json\/wp\/v2\/types\/post"}],"author":[{"embeddable":true,"href":"https:\/\/novosaopaulo.com.br\/n1\/wp-json\/wp\/v2\/users\/1"}],"replies":[{"embeddable":true,"href":"https:\/\/novosaopaulo.com.br\/n1\/wp-json\/wp\/v2\/comments?post=24745"}],"version-history":[{"count":1,"href":"https:\/\/novosaopaulo.com.br\/n1\/wp-json\/wp\/v2\/posts\/24745\/revisions"}],"predecessor-version":[{"id":24746,"href":"https:\/\/novosaopaulo.com.br\/n1\/wp-json\/wp\/v2\/posts\/24745\/revisions\/24746"}],"wp:attachment":[{"href":"https:\/\/novosaopaulo.com.br\/n1\/wp-json\/wp\/v2\/media?parent=24745"}],"wp:term":[{"taxonomy":"category","embeddable":true,"href":"https:\/\/novosaopaulo.com.br\/n1\/wp-json\/wp\/v2\/categories?post=24745"},{"taxonomy":"post_tag","embeddable":true,"href":"https:\/\/novosaopaulo.com.br\/n1\/wp-json\/wp\/v2\/tags?post=24745"}],"curies":[{"name":"wp","href":"https:\/\/api.w.org\/{rel}","templated":true}]}}