{"id":24736,"date":"2025-07-04T21:48:37","date_gmt":"2025-07-05T00:48:37","guid":{"rendered":"https:\/\/novosaopaulo.com.br\/n1\/?p=24736"},"modified":"2025-07-04T21:48:37","modified_gmt":"2025-07-05T00:48:37","slug":"nucleo-poaense-do-coletivo-de-saraus-teia-poetica-apresenta-o-grupo-de-poetas-e-poetisas-que-irao-compor-sua-nova-publicacao-colaborativa-o-teia-poetica-elos","status":"publish","type":"post","link":"https:\/\/novosaopaulo.com.br\/n1\/nucleo-poaense-do-coletivo-de-saraus-teia-poetica-apresenta-o-grupo-de-poetas-e-poetisas-que-irao-compor-sua-nova-publicacao-colaborativa-o-teia-poetica-elos\/","title":{"rendered":"N\u00facleo Poaense do Coletivo de Saraus Teia Po\u00e9tica apresenta o grupo de poetas e poetisas que ir\u00e3o compor sua nova Publica\u00e7\u00e3o Colaborativa, o Teia Po\u00e9tica Elos"},"content":{"rendered":"\n<p>O coletivo criado em 2015, tendo sua primeira edi\u00e7\u00e3o de seus Saraus Po\u00e9ticos em MAR\u00c7O\/2017, que desde ent\u00e3o circulou por v\u00e1rios espa\u00e7os culturais, inclusive escolas da cidade de Po\u00e1\/SP, teve sua primeira publica\u00e7\u00e3o, com a participa\u00e7\u00e3o de 10 Poetas e Poetisas do Brasil, com o t\u00edtulo Teia Po\u00e9tica \u201cBem Alto\u201d em 2021, com selo BRILHARTE EDITORIAL, do gestor, produtor cultural e editor Cleyton Gon\u00e7alves, idealizador deste Projeto Liter\u00e1rio que construiu uma trajet\u00f3ria poderosa at\u00e9 aqui, atrav\u00e9s da parceria s\u00f3lida com os v\u00e1rios membros que somou for\u00e7as, dedica\u00e7\u00e3o, energia e talento. Esses membros, embora muitos dos leitores j\u00e1 conhe\u00e7am, ser\u00e3o apresentados em um momento muito especial aqui nesta Coluna do Jornal Novo S\u00e3o Paulo e nas m\u00eddias digitais parceiras da Rede do Programa Acultura\u00e7\u00e3o e Rede Acreditar.<br>Neste momento, este coletivo tem a honra de listar os nomes e desde j\u00e1 agradecer aos poetas e poetisas que aceitaram o desafio de construir mais este projeto de grande impacto art\u00edstico e cultural, acima de tudo humano, de profunda relev\u00e2ncia social e para os relacionamentos.<br>S\u00e3o coautores do livro Teia Po\u00e9tica \u201cElos\u201d; Anderson Bernardelli, Claudio Domingos, Cleyton Gon\u00e7alves, Gisleine Zarbietti, Jhony Uriel, Jussara Melo, Magno Oliveira, Patr\u00edcia Guerra, Rinas Francisco e Roberta Del Carlo.<br>Al\u00e9m disso, o Coletivo Teia Po\u00e9tica Saraus tem a alegria de mencionar e agradecer aos envolvidos nas demais produ\u00e7\u00f5es que estabeleceram um elo forte com esta mais nova publica\u00e7\u00e3o do Teia.<br>Nosso reconhecimento e agradecimentos v\u00e3o para poetisas e poetas do livro Teia Po\u00e9tica \u201cBEM ALTO\u201d, com alguns do principais poemas que se relacionam com o tema e est\u00e3o inseridos em se\u00e7\u00e3o especial neste novo livro, bem como para coautores da obra Coletiva \u201cA Quadrilha do Jo\u00e3o\u201d, composta por meio da parceria do Projeto TRAMAS DO CORDEL (anterior Poesia em Cordel), e alunos , professores e convidados, em especial com o mediador e cordelista Francis Gomes, na Edi\u00e7\u00e3o do Sarau Teia Po\u00e9tica realizado em 29 de abril de 2017, na EMEB Walter Monteiro, localizada na Vila Arquimedes, Po\u00e1\/SP.<br>O livro Teia Po\u00e9tica Elos ser\u00e1 lan\u00e7ado em Setembro\/2025 e foi viabilizado pelo Edital LPG &#8211; PO\u00c0\/SP.<br>Voc\u00ea j\u00e1 pode fazer a reserva de seu exemplar do livro e colaborar com as a\u00e7\u00f5es culturais do Teia Po\u00e9tica, que conta com meta de expans\u00e3o de seus elos, por meio dos contatos desta coluna.<br>Entre em contato por e-mail teiapoeticasaraus@gmail.com ou com Cleyton Gon\u00e7alves, gestor do Teia Po\u00e9tica. Para conhec\u00ea-lo basta acessar seu site:<br>cleytongoncalves.com.br<br>Ou chame no WhatsApp: 1197648-0818.<\/p>\n","protected":false},"excerpt":{"rendered":"<p>O coletivo criado em 2015, tendo sua primeira edi\u00e7\u00e3o de seus Saraus Po\u00e9ticos em MAR\u00c7O\/2017,&#8230;<\/p>\n","protected":false},"author":1,"featured_media":24737,"comment_status":"open","ping_status":"open","sticky":false,"template":"","format":"standard","meta":{"footnotes":""},"categories":[2],"tags":[],"featured_image_urls":{"full":["https:\/\/novosaopaulo.com.br\/n1\/wp-content\/uploads\/2025\/07\/ELOS-IMAGENS-DIVULGACAO_20250703_215217_0000.jpg",1062,796,false],"thumbnail":["https:\/\/novosaopaulo.com.br\/n1\/wp-content\/uploads\/2025\/07\/ELOS-IMAGENS-DIVULGACAO_20250703_215217_0000-150x150.jpg",150,150,true],"medium":["https:\/\/novosaopaulo.com.br\/n1\/wp-content\/uploads\/2025\/07\/ELOS-IMAGENS-DIVULGACAO_20250703_215217_0000-300x225.jpg",300,225,true],"medium_large":["https:\/\/novosaopaulo.com.br\/n1\/wp-content\/uploads\/2025\/07\/ELOS-IMAGENS-DIVULGACAO_20250703_215217_0000-768x576.jpg",640,480,true],"large":["https:\/\/novosaopaulo.com.br\/n1\/wp-content\/uploads\/2025\/07\/ELOS-IMAGENS-DIVULGACAO_20250703_215217_0000-1024x768.jpg",640,480,true],"1536x1536":["https:\/\/novosaopaulo.com.br\/n1\/wp-content\/uploads\/2025\/07\/ELOS-IMAGENS-DIVULGACAO_20250703_215217_0000.jpg",1062,796,false],"2048x2048":["https:\/\/novosaopaulo.com.br\/n1\/wp-content\/uploads\/2025\/07\/ELOS-IMAGENS-DIVULGACAO_20250703_215217_0000.jpg",1062,796,false],"newsever-slider-full":["https:\/\/novosaopaulo.com.br\/n1\/wp-content\/uploads\/2025\/07\/ELOS-IMAGENS-DIVULGACAO_20250703_215217_0000.jpg",1062,796,false],"newsever-featured":["https:\/\/novosaopaulo.com.br\/n1\/wp-content\/uploads\/2025\/07\/ELOS-IMAGENS-DIVULGACAO_20250703_215217_0000-1024x768.jpg",1024,768,true],"newsever-medium":["https:\/\/novosaopaulo.com.br\/n1\/wp-content\/uploads\/2025\/07\/ELOS-IMAGENS-DIVULGACAO_20250703_215217_0000-720x475.jpg",720,475,true]},"author_info":{"display_name":"Reda\u00e7\u00e3o","author_link":"https:\/\/novosaopaulo.com.br\/n1\/author\/g5poa\/"},"category_info":"<a href=\"https:\/\/novosaopaulo.com.br\/n1\/category\/cidades\/\" rel=\"category tag\">Cidades<\/a>","tag_info":"Cidades","comment_count":"0","_links":{"self":[{"href":"https:\/\/novosaopaulo.com.br\/n1\/wp-json\/wp\/v2\/posts\/24736"}],"collection":[{"href":"https:\/\/novosaopaulo.com.br\/n1\/wp-json\/wp\/v2\/posts"}],"about":[{"href":"https:\/\/novosaopaulo.com.br\/n1\/wp-json\/wp\/v2\/types\/post"}],"author":[{"embeddable":true,"href":"https:\/\/novosaopaulo.com.br\/n1\/wp-json\/wp\/v2\/users\/1"}],"replies":[{"embeddable":true,"href":"https:\/\/novosaopaulo.com.br\/n1\/wp-json\/wp\/v2\/comments?post=24736"}],"version-history":[{"count":1,"href":"https:\/\/novosaopaulo.com.br\/n1\/wp-json\/wp\/v2\/posts\/24736\/revisions"}],"predecessor-version":[{"id":24738,"href":"https:\/\/novosaopaulo.com.br\/n1\/wp-json\/wp\/v2\/posts\/24736\/revisions\/24738"}],"wp:featuredmedia":[{"embeddable":true,"href":"https:\/\/novosaopaulo.com.br\/n1\/wp-json\/wp\/v2\/media\/24737"}],"wp:attachment":[{"href":"https:\/\/novosaopaulo.com.br\/n1\/wp-json\/wp\/v2\/media?parent=24736"}],"wp:term":[{"taxonomy":"category","embeddable":true,"href":"https:\/\/novosaopaulo.com.br\/n1\/wp-json\/wp\/v2\/categories?post=24736"},{"taxonomy":"post_tag","embeddable":true,"href":"https:\/\/novosaopaulo.com.br\/n1\/wp-json\/wp\/v2\/tags?post=24736"}],"curies":[{"name":"wp","href":"https:\/\/api.w.org\/{rel}","templated":true}]}}