{"id":24726,"date":"2025-07-03T19:20:01","date_gmt":"2025-07-03T22:20:01","guid":{"rendered":"https:\/\/novosaopaulo.com.br\/n1\/?p=24726"},"modified":"2025-07-03T19:20:01","modified_gmt":"2025-07-03T22:20:01","slug":"brasmin-2025-encerra-com-sucesso-absoluto-e-edicao-de-2027-ja-esta-100-vendida","status":"publish","type":"post","link":"https:\/\/novosaopaulo.com.br\/n1\/brasmin-2025-encerra-com-sucesso-absoluto-e-edicao-de-2027-ja-esta-100-vendida\/","title":{"rendered":"BRASMIN 2025 encerra com sucesso absoluto e edi\u00e7\u00e3o de 2027 j\u00e1 est\u00e1 100% vendida"},"content":{"rendered":"\n<p>Edi\u00e7\u00e3o 2025 da feira Brasmin \u00e9 sucesso de p\u00fablico e gera\u00e7\u00e3o de neg\u00f3cios.<\/p>\n\n\n\n<p>A edi\u00e7\u00e3o de 2025 da BRASMIN \u2013 Feira da Ind\u00fastria da Minera\u00e7\u00e3o, realizada de 24 a 26 de junho no Centro de Conven\u00e7\u00f5es da PUC Goi\u00e1s \u2013 Campus II, superou todas as expectativas e consolidou-se como ponto importante de encontro do setor mineral no Brasil. Organizada pela PROMA Feiras, a BRASMIN reuniu milhares de profissionais, empresas e especialistas que puderam conferir as mais recentes inova\u00e7\u00f5es tecnol\u00f3gicas, solu\u00e7\u00f5es em equipamentos, produtos e servi\u00e7os voltados \u00e0 cadeia da minera\u00e7\u00e3o.<br>O evento contou com uma ampla programa\u00e7\u00e3o de palestras e pain\u00e9is estrat\u00e9gicos, abordando temas como sustentabilidade, automa\u00e7\u00e3o, log\u00edstica, britagem, amostras, lubrifica\u00e7\u00e3o, solu\u00e7\u00f5es hidr\u00e1ulicas, desmonte de rochas, investimentos, efici\u00eancia operacional, solu\u00e7\u00f5es anticorrosivas, exporta\u00e7\u00e3o, separadores magn\u00e9ticos, prote\u00e7\u00e3o contra inc\u00eandios, seguran\u00e7a no trabalho e pol\u00edticas regulat\u00f3rias, al\u00e9m de uma \u00e1rea de exposi\u00e7\u00e3o vibrante e diversificada.<br>Diante do sucesso estrondoso da edi\u00e7\u00e3o de 2025, a organiza\u00e7\u00e3o anuncia que a pr\u00f3xima BRASMIN, que acontecer\u00e1 de 15 a 17 de junho de 2027, j\u00e1 est\u00e1 com 100% dos espa\u00e7os vendidos, entrando agora em fase de formaliza\u00e7\u00e3o. A alta demanda reflete o fortalecimento do setor e o reconhecimento da feira como plataforma essencial para neg\u00f3cios e networking.<br>Jos\u00e9 Roberto Sevieri, CEO da PROMA Feiras, comentou: \u201cEstamos estudando como ampliar o limite do pavilh\u00e3o que j\u00e1 foi ocupado.\u201d<br>A PROMA Feiras agradece a todos os expositores, visitantes e parceiros que contribu\u00edram para o \u00eaxito da BRASMIN 2025 e convida o setor a se preparar para uma edi\u00e7\u00e3o ainda mais grandiosa em 2027.<br>Informa\u00e7\u00f5es e Vendas:<br>\ud83d\udcde (11) 5070-0310 \u2013 whatsapp (11) 913.123.515 \u2013 contato@promafeiras.com.br<br>\ud83d\udccd Rua Correia de Lemos, 158C \u2013 S\u00e3o Paulo \u2013 SP \u2013 CEP: 04140-000<\/p>\n\n\n\n<p>Cr\u00e9dito: @erikamartchphotoefilme<\/p>\n","protected":false},"excerpt":{"rendered":"<p>Edi\u00e7\u00e3o 2025 da feira Brasmin \u00e9 sucesso de p\u00fablico e gera\u00e7\u00e3o de neg\u00f3cios. A edi\u00e7\u00e3o&#8230;<\/p>\n","protected":false},"author":1,"featured_media":24727,"comment_status":"open","ping_status":"open","sticky":false,"template":"","format":"standard","meta":{"footnotes":""},"categories":[2],"tags":[],"featured_image_urls":{"full":["https:\/\/novosaopaulo.com.br\/n1\/wp-content\/uploads\/2025\/07\/brasmin.jpg",674,447,false],"thumbnail":["https:\/\/novosaopaulo.com.br\/n1\/wp-content\/uploads\/2025\/07\/brasmin-150x150.jpg",150,150,true],"medium":["https:\/\/novosaopaulo.com.br\/n1\/wp-content\/uploads\/2025\/07\/brasmin-300x199.jpg",300,199,true],"medium_large":["https:\/\/novosaopaulo.com.br\/n1\/wp-content\/uploads\/2025\/07\/brasmin.jpg",640,424,false],"large":["https:\/\/novosaopaulo.com.br\/n1\/wp-content\/uploads\/2025\/07\/brasmin.jpg",640,424,false],"1536x1536":["https:\/\/novosaopaulo.com.br\/n1\/wp-content\/uploads\/2025\/07\/brasmin.jpg",674,447,false],"2048x2048":["https:\/\/novosaopaulo.com.br\/n1\/wp-content\/uploads\/2025\/07\/brasmin.jpg",674,447,false],"newsever-slider-full":["https:\/\/novosaopaulo.com.br\/n1\/wp-content\/uploads\/2025\/07\/brasmin.jpg",674,447,false],"newsever-featured":["https:\/\/novosaopaulo.com.br\/n1\/wp-content\/uploads\/2025\/07\/brasmin.jpg",674,447,false],"newsever-medium":["https:\/\/novosaopaulo.com.br\/n1\/wp-content\/uploads\/2025\/07\/brasmin.jpg",674,447,false]},"author_info":{"display_name":"Reda\u00e7\u00e3o","author_link":"https:\/\/novosaopaulo.com.br\/n1\/author\/g5poa\/"},"category_info":"<a href=\"https:\/\/novosaopaulo.com.br\/n1\/category\/cidades\/\" rel=\"category tag\">Cidades<\/a>","tag_info":"Cidades","comment_count":"0","_links":{"self":[{"href":"https:\/\/novosaopaulo.com.br\/n1\/wp-json\/wp\/v2\/posts\/24726"}],"collection":[{"href":"https:\/\/novosaopaulo.com.br\/n1\/wp-json\/wp\/v2\/posts"}],"about":[{"href":"https:\/\/novosaopaulo.com.br\/n1\/wp-json\/wp\/v2\/types\/post"}],"author":[{"embeddable":true,"href":"https:\/\/novosaopaulo.com.br\/n1\/wp-json\/wp\/v2\/users\/1"}],"replies":[{"embeddable":true,"href":"https:\/\/novosaopaulo.com.br\/n1\/wp-json\/wp\/v2\/comments?post=24726"}],"version-history":[{"count":1,"href":"https:\/\/novosaopaulo.com.br\/n1\/wp-json\/wp\/v2\/posts\/24726\/revisions"}],"predecessor-version":[{"id":24728,"href":"https:\/\/novosaopaulo.com.br\/n1\/wp-json\/wp\/v2\/posts\/24726\/revisions\/24728"}],"wp:featuredmedia":[{"embeddable":true,"href":"https:\/\/novosaopaulo.com.br\/n1\/wp-json\/wp\/v2\/media\/24727"}],"wp:attachment":[{"href":"https:\/\/novosaopaulo.com.br\/n1\/wp-json\/wp\/v2\/media?parent=24726"}],"wp:term":[{"taxonomy":"category","embeddable":true,"href":"https:\/\/novosaopaulo.com.br\/n1\/wp-json\/wp\/v2\/categories?post=24726"},{"taxonomy":"post_tag","embeddable":true,"href":"https:\/\/novosaopaulo.com.br\/n1\/wp-json\/wp\/v2\/tags?post=24726"}],"curies":[{"name":"wp","href":"https:\/\/api.w.org\/{rel}","templated":true}]}}