{"id":24723,"date":"2025-07-03T19:17:07","date_gmt":"2025-07-03T22:17:07","guid":{"rendered":"https:\/\/novosaopaulo.com.br\/n1\/?p=24723"},"modified":"2025-07-03T19:17:08","modified_gmt":"2025-07-03T22:17:08","slug":"bruna-viola-lanca-ultima-parte-do-audiovisual-improvavel-com-musicas-ineditas","status":"publish","type":"post","link":"https:\/\/novosaopaulo.com.br\/n1\/bruna-viola-lanca-ultima-parte-do-audiovisual-improvavel-com-musicas-ineditas\/","title":{"rendered":"Bruna Viola lan\u00e7a \u00faltima parte do audiovisual \u201cImprov\u00e1vel\u201d com m\u00fasicas in\u00e9ditas"},"content":{"rendered":"\n<p>O EP3 traz can\u00e7\u00f5es in\u00e9ditas que traduzem o carisma e a sensibilidade da artista, misturando mod\u00e3o, romantismo e viola em uma sonoridade contempor\u00e2nea e aut\u00eantica<\/p>\n\n\n\n<p>Dona de uma trajet\u00f3ria consolidada na m\u00fasica sertaneja, Bruna Viola apresenta a \u00faltima parte do projeto audiovisual \u201cBruna Viola Improv\u00e1vel\u201d, que chega \u00e0s plataformas de \u00e1udio e ao YouTube no dia 4 de julho. O EP3 traz duas faixas in\u00e9ditas, sendo elas \u201cApostei Minha Camionete\u201d e \u201cS\u00f3 a Viola que Chora\u201d, que traduzem a autenticidade que marca a carreira da artista.<br>Com mais de duas d\u00e9cadas de estrada, Bruna reafirma sua capacidade de se reinventar sem perder a ess\u00eancia. Em \u201cApostei Minha Camionete\u201d, composi\u00e7\u00e3o de Guga Capanema, Felipe Sales, Matheus Ara\u00fajo e Wallas Dias, a cantora entrega um mod\u00e3o moderno e animado, com levadas marcantes e uma interpreta\u00e7\u00e3o cheia de carisma. A can\u00e7\u00e3o narra a hist\u00f3ria de algu\u00e9m que apostou tudo por amor, inclusive a pr\u00f3pria camionete e perdeu a aposta ao ceder \u00e0s tenta\u00e7\u00f5es amorosas. O refr\u00e3o \u201cApostei a minha camionete \/ Nunca mais volto com ela \/ Olha eu voltando a p\u00e9, suado pra minha casa \/ Depois de suar na cama dela\u201d, viralizou nas redes sociais de Bruna antes mesmo do lan\u00e7amento oficial e promete conquistar o p\u00fablico Brasil afora.<br>Na outra ponta do sentimento, \u201cS\u00f3 a Viola que Chora\u201d apresenta uma atmosfera rom\u00e2ntica. Com versos que celebram um amor tranquilo e duradouro, o refr\u00e3o \u201cE a tristeza aqui n\u00e3o tem hora, s\u00f3 a viola que chora\u201d retrata uma hist\u00f3ria com final feliz. Composi\u00e7\u00e3o de Guga Capanema, Ruan Pedro e Luisa Pedrosa, a can\u00e7\u00e3o completa o projeto.<br>\u201cFechar esse projeto com m\u00fasicas in\u00e9ditas \u00e9 uma forma de mostrar que a minha conex\u00e3o com a m\u00fasica sertaneja, al\u00e9m de ter ra\u00edzes profundas, est\u00e1 sempre se abrindo para novas sonoridades e formas de contar hist\u00f3rias. Estou feliz demais com o \u2018Bruna Viola Improv\u00e1vel\u2019, um projeto que nasceu no meu cora\u00e7\u00e3o, que eu me diverti fazendo. A viola \u00e9 o ber\u00e7o da m\u00fasica sertaneja h\u00e1 muitas gera\u00e7\u00f5es, e \u00e9 um orgulho imenso continuar carregando esse legado\u201d, destaca Bruna.<br>Com oito faixas no total, o projeto \u201cBruna Viola Improv\u00e1vel\u201d, dirigido por Bruno Campos, re\u00fane releituras que homenageiam grandes nomes da m\u00fasica sertaneja composi\u00e7\u00f5es in\u00e9ditas e at\u00e9 um ousado medley pop com \u201cL\u00e1grimas e Chuva\u201d, \u201cMeu Universo \u00e9 Voc\u00ea\u201d e \u201cQuero Te Encontrar\u201d, que se tornou um dos momentos mais surpreendentes do repert\u00f3rio e que refor\u00e7a o amor da artista pela m\u00fasica em todas as suas formas e g\u00eaneros.<br>Gravado na ch\u00e1cara da pr\u00f3pria Bruna, em S\u00e3o Jos\u00e9 do Rio Preto, o projeto traz uma est\u00e9tica que une o r\u00fastico ao contempor\u00e2neo. Com dire\u00e7\u00e3o musical de Fl\u00e1vio Guimar\u00e3es, figurinos escolhidos pela curadora Danielle Kamphorst e uma cenografia que transita entre o intimismo e o industrial, Bruna mostra que \u00e9 poss\u00edvel inovar sem perder a ess\u00eancia.<br>\u201cBruna Viola Improv\u00e1vel\u201d sucede o premiado \u201cMelodias do Sert\u00e3o\u201d, \u00e1lbum que rendeu \u00e0 artista o Grammy Latino de Melhor \u00c1lbum de M\u00fasica de Ra\u00edzes. Com esse novo trabalho, Bruna Viola refor\u00e7a que tradi\u00e7\u00e3o e inova\u00e7\u00e3o n\u00e3o s\u00e3o opostos, s\u00e3o caminhos que se completam.<\/p>\n\n\n\n<p>Sobre Bruna Viola<\/p>\n\n\n\n<p>A paix\u00e3o pela m\u00fasica sertaneja raiz cresceu junto com Bruna Viola, que aos 10 anos ganhou a sua primeira viola e logo j\u00e1 participava de encontro de violeiros. Completando 19 anos de carreira em 2023, a cantora vem se consolidando como um dos grandes nomes da m\u00fasica sertaneja.<\/p>\n\n\n\n<p>Ganhadora da 18\u00aa edi\u00e7\u00e3o do Grammy Latino com o \u00e1lbum \u2018Melodias do Sert\u00e3o\u2018, gravado no Villa Country, ela levou o pr\u00eamio na categoria Melhor \u00c1lbum de M\u00fasica de Ra\u00edzes Brasileiras, com \u2018Melodias do Sert\u00e3o\u2018. Em 2022, al\u00e9m dos projetos musicais, Bruna estreou como protagonista nas telonas com o filme \u201cSistema Bruto\u201d, uma com\u00e9dia de a\u00e7\u00e3o do cinema nacional. Atualmente Bruna Viola se apresenta com seu show em todo o Brasil, com sucessos como \u201cMulher do Agro\u201d, \u201cBen\u00e7a\u201d e \u201cDe Cuiab\u00e1 pro Brasil\u201d, um feat com Jo\u00e3o Carreiro, que s\u00e3o alguns dos seus recentes lan\u00e7amentos. Al\u00e9m deles, est\u00e3o entre os seus principais sucessos \u201cSe voc\u00ea voltar\u201d com a participa\u00e7\u00e3o de C\u00e9sar Menotti e Fabiano, \u201cVoc\u00ea n\u00e3o sabe\u201d, que entrou na trilha sonora da novela das 9 da TV Globo \u201cO Outro Lado do Para\u00edso, a m\u00fasica \u201cQuem \u00e9 que n\u00e3o gosta\u201d um feat com Bruno e Barreto, \u201cT\u00f4 fazendo falta\u201d e \u201cModa da pinga (Marvada pinga)\u201d, uma regrava\u00e7\u00e3o da can\u00e7\u00e3o de Inezita Barroso, grande inspira\u00e7\u00e3o para a artista. Al\u00e9m de \u201cAmor simpr\u00e3o\u201d um feat com Paula Fernandes e \u201cVida\u201d, lan\u00e7ada em 2024 com a participa\u00e7\u00e3o de Chit\u00e3ozinho e Xoror\u00f3.<\/p>\n","protected":false},"excerpt":{"rendered":"<p>O EP3 traz can\u00e7\u00f5es in\u00e9ditas que traduzem o carisma e a sensibilidade da artista, misturando&#8230;<\/p>\n","protected":false},"author":1,"featured_media":24724,"comment_status":"open","ping_status":"open","sticky":false,"template":"","format":"standard","meta":{"footnotes":""},"categories":[2],"tags":[],"featured_image_urls":{"full":["https:\/\/novosaopaulo.com.br\/n1\/wp-content\/uploads\/2025\/07\/bruna_viola.jpg",806,804,false],"thumbnail":["https:\/\/novosaopaulo.com.br\/n1\/wp-content\/uploads\/2025\/07\/bruna_viola-150x150.jpg",150,150,true],"medium":["https:\/\/novosaopaulo.com.br\/n1\/wp-content\/uploads\/2025\/07\/bruna_viola-300x300.jpg",300,300,true],"medium_large":["https:\/\/novosaopaulo.com.br\/n1\/wp-content\/uploads\/2025\/07\/bruna_viola-768x766.jpg",640,638,true],"large":["https:\/\/novosaopaulo.com.br\/n1\/wp-content\/uploads\/2025\/07\/bruna_viola.jpg",640,638,false],"1536x1536":["https:\/\/novosaopaulo.com.br\/n1\/wp-content\/uploads\/2025\/07\/bruna_viola.jpg",806,804,false],"2048x2048":["https:\/\/novosaopaulo.com.br\/n1\/wp-content\/uploads\/2025\/07\/bruna_viola.jpg",806,804,false],"newsever-slider-full":["https:\/\/novosaopaulo.com.br\/n1\/wp-content\/uploads\/2025\/07\/bruna_viola.jpg",806,804,false],"newsever-featured":["https:\/\/novosaopaulo.com.br\/n1\/wp-content\/uploads\/2025\/07\/bruna_viola.jpg",806,804,false],"newsever-medium":["https:\/\/novosaopaulo.com.br\/n1\/wp-content\/uploads\/2025\/07\/bruna_viola-720x475.jpg",720,475,true]},"author_info":{"display_name":"Reda\u00e7\u00e3o","author_link":"https:\/\/novosaopaulo.com.br\/n1\/author\/g5poa\/"},"category_info":"<a href=\"https:\/\/novosaopaulo.com.br\/n1\/category\/cidades\/\" rel=\"category tag\">Cidades<\/a>","tag_info":"Cidades","comment_count":"0","_links":{"self":[{"href":"https:\/\/novosaopaulo.com.br\/n1\/wp-json\/wp\/v2\/posts\/24723"}],"collection":[{"href":"https:\/\/novosaopaulo.com.br\/n1\/wp-json\/wp\/v2\/posts"}],"about":[{"href":"https:\/\/novosaopaulo.com.br\/n1\/wp-json\/wp\/v2\/types\/post"}],"author":[{"embeddable":true,"href":"https:\/\/novosaopaulo.com.br\/n1\/wp-json\/wp\/v2\/users\/1"}],"replies":[{"embeddable":true,"href":"https:\/\/novosaopaulo.com.br\/n1\/wp-json\/wp\/v2\/comments?post=24723"}],"version-history":[{"count":1,"href":"https:\/\/novosaopaulo.com.br\/n1\/wp-json\/wp\/v2\/posts\/24723\/revisions"}],"predecessor-version":[{"id":24725,"href":"https:\/\/novosaopaulo.com.br\/n1\/wp-json\/wp\/v2\/posts\/24723\/revisions\/24725"}],"wp:featuredmedia":[{"embeddable":true,"href":"https:\/\/novosaopaulo.com.br\/n1\/wp-json\/wp\/v2\/media\/24724"}],"wp:attachment":[{"href":"https:\/\/novosaopaulo.com.br\/n1\/wp-json\/wp\/v2\/media?parent=24723"}],"wp:term":[{"taxonomy":"category","embeddable":true,"href":"https:\/\/novosaopaulo.com.br\/n1\/wp-json\/wp\/v2\/categories?post=24723"},{"taxonomy":"post_tag","embeddable":true,"href":"https:\/\/novosaopaulo.com.br\/n1\/wp-json\/wp\/v2\/tags?post=24723"}],"curies":[{"name":"wp","href":"https:\/\/api.w.org\/{rel}","templated":true}]}}